{"id":100149,"date":"2020-04-15T11:30:48","date_gmt":"2020-04-15T14:30:48","guid":{"rendered":"https:\/\/www.novaconcursos.com.br\/portal\/?post_type=nc-public-tender&#038;p=100149"},"modified":"2024-12-16T10:07:12","modified_gmt":"2024-12-16T13:07:12","slug":"concurso-camara-de-vinhedo-sp","status":"publish","type":"post","link":"https:\/\/www.novaconcursos.com.br\/portal\/concursos\/concurso-camara-de-vinhedo-sp\/","title":{"rendered":"Concurso C\u00e2mara de Vinhedo &#8211; SP 2020: Inscri\u00e7\u00f5es abertas e sal\u00e1rios de at\u00e9 R$ 4,9 mil!"},"content":{"rendered":"<p>Saiu o edital do <strong>concurso C\u00e2mara de Vinhedo<\/strong>, em S\u00e3o Paulo, com a oferta de 06 vagas imediatas, mais forma\u00e7\u00e3o de cadastro reserva, para candidatos de<strong> n\u00edveis m\u00e9dio e superior<\/strong> com sal\u00e1rios de at\u00e9 <strong>R$ 4,9 mil<\/strong>!<\/p>\n<p>A banca respons\u00e1vel por este certame \u00e9 a Avan\u00e7a S\u00e3o Paulo.<\/p>\n<h2 id=\"como-fazer-a-inscrio-no-concurso-cmara-de-vinhedo-sp\"><strong>Como fazer a inscri\u00e7\u00e3o no concurso C\u00e2mara de Vinhedo \u2013 SP?<\/strong><\/h2>\n<p>Para se inscrever acesse o site da banca organizadora, <a href=\"https:\/\/www.avancasp.org.br\/informacoes\/17\/\" target=\"_blank\" rel=\"noopener noreferrer\">Avan\u00e7a S\u00e3o Paulo<\/a>, a partir do dia<strong> 13 de abril de 2020 at\u00e9 o dia 01 de junho de 2020<\/strong>. As taxas de participa\u00e7\u00e3o variam de:<\/p>\n<p><strong>\u2013 Ensino m\u00e9dio:<\/strong> R$ 49,00<br><strong>\u2013 Ensino superior:<\/strong> R$ 68,00<\/p>\n<p>O pagamento do valor da taxa deve ser realizado at\u00e9 o \u00faltimo dia das inscri\u00e7\u00f5es.<\/p>\n<h2 id=\"iseno-da-taxa-de-inscrio-concurso-vinhedo\"><strong>Isen\u00e7\u00e3o da taxa de inscri\u00e7\u00e3o concurso Vinhedo<\/strong><\/h2>\n<p>Pode solicitar o benef\u00edcio da <strong>isen\u00e7\u00e3o<\/strong> o candidato que:<\/p>\n<ul><li>Estiver inscrito no Cadastro \u00danico para Programas Sociais do Governo Federal (Bolsa Fam\u00edlia, Fome Zero, entre outros), chamado de Cad\u00danico, de que trata o Decreto n\u00ba 6.135, de 26 de junho de 2007;<\/li>\n<li>For membro de fam\u00edlia de baixa renda, nos termos do decreto supracitado.<\/li>\n<\/ul><p>A solicita\u00e7\u00e3o deve ser realizada entre os dias <strong>13 e 15 de abril de 2020<\/strong>. O resultado ser\u00e1 divulgado no dia<strong> 22 de abril de 2020<\/strong> no site da banca Avan\u00e7a S\u00e3o Paulo.<\/p>\n<h2 id=\"vagas-cargos-e-salrios-do-concurso-cmara-de-vinhedo\"><strong>Vagas, cargos e sal\u00e1rios do concurso C\u00e2mara de Vinhedo<\/strong><\/h2>\n<p>As oportunidades deste concurso est\u00e3o distribu\u00eddas entre os seguintes cargos:<\/p>\n<p><strong>N\u00edvel m\u00e9dio:<\/strong><\/p>\n<p>\u2013 Agente Administrativo (03+CR);<br>\n\u2013 Motorista (CR) + Carteira Nacional de Habilita\u00e7\u00e3o \u2013 CNH, categoria \u201cD\u201d;<br>\n\u2013 Servi\u00e7os Gerais (01+CR).<\/p>\n<p><strong>N\u00edvel superior:<\/strong><\/p>\n<p>\u2013 Assessor de Imprensa (01+CR) superior em Jornalismo;<br>\n\u2013 Procurador Jur\u00eddico (01+CR) superior em Direito + 3 anos de experi\u00eancia + inscri\u00e7\u00e3o na OAB.<\/p>\n<p>A remunera\u00e7\u00e3o inicial varia, conforme o cargo, de <strong>R$ 1.888,00 a R$ 4.980,00<\/strong>. Al\u00e9m dos sal\u00e1rios os contratados ter\u00e3o direito a <strong>benef\u00edcios<\/strong> como:<\/p>\n<p>\u2013 vale-refei\u00e7\u00e3o no valor de <strong>R$ 742,00<\/strong><br>\n\u2013 vale-transporte ou aux\u00edlio-transporte no valor de <strong>R$ 200,00<\/strong><\/p>\n<p>A jornada de trabalho compreender\u00e1 entre 20 e 40 horas semanais.<\/p>\n<h2 id=\"requisitos-para-investidura-nos-cargos-cmara-de-vinhedo-sp\"><strong>Requisitos para investidura nos cargos C\u00e2mara de Vinhedo \u2013 SP<\/strong><\/h2>\n<p>O candidato dever\u00e1 atender, cumulativamente, para investidura no emprego, aos seguintes requisitos:<\/p>\n<p>a) ter sido aprovado e classificado no Concurso P\u00fablico na forma estabelecida neste Edital, em seus anexos e eventuais retifica\u00e7\u00f5es;<\/p>\n<p>b) ter nacionalidade brasileira; no caso de nacionalidade portuguesa, estar amparado pelo estatuto de igualdade entre brasileiros e portugueses, com reconhecimento do gozo dos direitos pol\u00edticos, nos termos do \u00a71\u00ba do art. 12 da Constitui\u00e7\u00e3o da Rep\u00fablica Federativa do Brasil e na forma do disposto no art. 13 do Decreto Federal n\u00ba 70.436, de 18 de abril de 1972;<\/p>\n<p>c) ter idade m\u00ednima de 18 (dezoito) anos;<\/p>\n<p>d) estar em pleno gozo dos direitos pol\u00edticos;<\/p>\n<p>e) estar quite com as obriga\u00e7\u00f5es eleitorais;<\/p>\n<p>f) estar quite com os deveres do Servi\u00e7o Militar, se do sexo masculino;<\/p>\n<p>g) ter aptid\u00e3o f\u00edsica e mental para o exerc\u00edcio da fun\u00e7\u00e3o, bem como n\u00e3o apresentar defici\u00eancia que o incapacite para o exerc\u00edcio das fun\u00e7\u00f5es do emprego, conforme exame admissional a ser realizado pela C\u00c2MARA MUNICIPAL DE VINHEDO;<\/p>\n<p>h) n\u00e3o ter sido condenado \u00e0 pena privativa de liberdade transitada em julgado ou qualquer outra condena\u00e7\u00e3o incompat\u00edvel com a fun\u00e7\u00e3o p\u00fablica;<\/p>\n<p>i) estar inscrito regularmente no Cadastro de Pessoas F\u00edsicas \u2013 CPF;<\/p>\n<p>j) comprovar o atendimento dos requisitos m\u00ednimos exigidos para o emprego, quando for o caso, na data da nomea\u00e7\u00e3o;<\/p>\n<p>k) cumprir as determina\u00e7\u00f5es deste Edital;<\/p>\n<p>l) n\u00e3o ter sido demitido a bem do servi\u00e7o p\u00fablico nos \u00e2mbitos federal, estadual e municipal;<\/p>\n<p>m) no caso do emprego de Procurador Jur\u00eddico, comprovar 3 (tr\u00eas) anos de experi\u00eancia.<\/p>\n<h2 id=\"como-ser-a-prova-do-concurso-cmara-de-vinhedo-sp\"><strong>Como ser\u00e1 a prova do concurso C\u00e2mara de Vinhedo \u2013 SP?<\/strong><\/h2>\n<p>Os candidatos ser\u00e3o avaliados pelas seguintes fases:<\/p>\n<p>Para o emprego de <strong>Procurador Jur\u00eddico<\/strong>:<\/p>\n<p>a) Prova Objetiva;<br>\nb) Prova de T\u00edtulos;<br>\nc) Prova Discursiva (Pr\u00e1tico-Profissional).<\/p>\n<p>Para o emprego de <strong>Assessor de Imprensa<\/strong>:<br>\na) Prova Objetiva;<br>\nb) Prova Discursiva (Reda\u00e7\u00e3o).<\/p>\n<p>Para os <strong>demais empregos<\/strong> apenas Prova Objetiva.<\/p>\n<h3><strong>Provas Objetivas<\/strong><\/h3>\n<p>As provas objetivas ser\u00e3o aplicadas com data <strong>a ser definida<\/strong>, na cidade de Vinhedo\/SP. Sendo no <strong>per\u00edodo da manh\u00e3<\/strong> (09h) para o cargo de Agente Administrativo e a <strong>tarde<\/strong> (13h30) para os cargos de Assessor de Imprensa, Motorista, Procurador Jur\u00eddico e Servi\u00e7os Gerais.<\/p>\n<p>As provas objetivas para os cargos de n\u00edvel m\u00e9dio ser\u00e3o compostas por 40 quest\u00f5es de m\u00faltipla enquanto que as para os cargos de n\u00edvel superior ser\u00e3o 50 quest\u00f5es. Elas ser\u00e3o compostas pelas seguintes disciplinas:<\/p>\n<p><strong>Servi\u00e7os Gerais:<\/strong> L\u00edngua Portuguesa (20); e Matem\u00e1tica e Racioc\u00ednio L\u00f3gico (20).<\/p>\n<p><strong>Agente Administrativo e Motorista:<\/strong> L\u00edngua Portuguesa (10); Matem\u00e1tica e Racioc\u00ednio L\u00f3gico (10); Atualidades (05); No\u00e7\u00f5es de Inform\u00e1tica (05) e Conhecimentos Espec\u00edficos (10).<\/p>\n<p><strong>Assessor de Imprensa:<\/strong> L\u00edngua Portuguesa (10); Matem\u00e1tica e Racioc\u00ednio L\u00f3gico (05); Atualidades (05); No\u00e7\u00f5es de Inform\u00e1tica (05) e Conhecimentos Espec\u00edficos (25).<\/p>\n<p><strong>Procurador Jur\u00eddico:<\/strong> L\u00edngua Portuguesa (10); Matem\u00e1tica e Racioc\u00ednio L\u00f3gico (10); Atualidades (05); No\u00e7\u00f5es de Inform\u00e1tica (05) e Conhecimentos Espec\u00edficos (25).<\/p>\n<h2 id=\"prova-de-ttulos\"><strong>Prova de T\u00edtulos<\/strong><\/h2>\n<p>Os candidatos ao emprego de Procurador Jur\u00eddico que possu\u00edrem t\u00edtulo dever\u00e3o enviar os documentos comprobat\u00f3rios. Somente ser\u00e1 pontuado o t\u00edtulo do candidato habilitado na Prova Objetiva.<\/p>\n<p>Confira os crit\u00e9rios de avalia\u00e7\u00e3o dos t\u00edtulos:<\/p>\n<p><a href=\"https:\/\/www.novaconcursos.com.br\/portal\/wp-content\/uploads\/2020\/04\/vinhedo.png\"><img decoding=\"async\" class=\"aligncenter wp-image-100150 size-full\" src=\"https:\/\/www.novaconcursos.com.br\/portal\/wp-content\/uploads\/2020\/04\/vinhedo.png\" alt=\"\" width=\"502\" height=\"206\" loading=\"lazy\" title=\"\" srcset=\"https:\/\/www.novaconcursos.com.br\/portal\/wp-content\/uploads\/2020\/04\/vinhedo-300x123.png 300w, https:\/\/www.novaconcursos.com.br\/portal\/wp-content\/uploads\/2020\/04\/vinhedo.png 502w\" sizes=\"auto, (max-width: 480px) 100vw, (max-width: 768px) 100vw, (max-width: 1200px) 70vw, 768px\"><\/a><\/p>\n<h2 id=\"prova-discursiva\"><strong>Prova Discursiva<\/strong><\/h2>\n<p>A Prova Discursiva, de car\u00e1ter classificat\u00f3rio (n\u00e3o eliminat\u00f3rio), ser\u00e1 composta de 01 (uma) Pe\u00e7a Pr\u00e1tico-Profissional e dever\u00e1 ser realizada pelos candidatos ao emprego de Procurador Jur\u00eddico, juntamente com a Prova Objetiva, isto \u00e9, na mesma data e hor\u00e1rio.<\/p>\n<p>J\u00e1 a Prova Discursiva, para o cargo de Assessor de Imprensa, ser\u00e1 composta de 01 (uma) reda\u00e7\u00e3o e tamb\u00e9m dever\u00e1 ser realizada juntamente com a Prova Objetiva, na mesma data e hor\u00e1rio.<\/p>\n<p><strong>Confira as atribui\u00e7\u00f5es b\u00e1sicas dos cargos concurso Vinhedo:<\/strong><\/p>\n<h2 id=\"o-que-faz-o-agente-administrativo\"><strong>O que faz o Agente Administrativo?<\/strong><\/h2>\n<p>Executam servi\u00e7os de apoio nas \u00e1reas de departamento pessoal, administra\u00e7\u00e3o, contabilidade e legislativo; atendem fornecedores, provendo e recebendo informa\u00e7\u00f5es pertinentes, digitalizando e tratando de variados documentos segundo protocolos internos.<\/p>\n<h2 id=\"o-que-faz-o-assessor-de-imprensa\"><strong>O que faz o Assessor de Imprensa?<\/strong><\/h2>\n<p>Efetuar comunica\u00e7\u00e3o externa com o p\u00fablico, atrav\u00e9s de meios pr\u00f3prios ou meios externos sobre informa\u00e7\u00f5es pertinentes que se referem aos trabalhos institucionais da C\u00e2mara Municipal de Vinhedo atrav\u00e9s da reda\u00e7\u00e3o de notas, sugest\u00f5es de pautas e esclarecimentos, quando forem pertinentes.<\/p>\n<h2 id=\"o-que-faz-o-motorista\"><strong>O que faz o Motorista?<\/strong><\/h2>\n<p>Dirigir, ve\u00edculos oficiais, manobrar ve\u00edculos e transportar pessoas, cargas ou valores, realizam verifica\u00e7\u00f5es e atenua\u00e7\u00f5es b\u00e1sicas do ve\u00edculo e utilizam equipamentos e dispositivos de sinaliza\u00e7\u00e3o sonora e luminosa, software de navega\u00e7\u00e3o e outros, efetuando pagamento e recebimentos no desempenho de suas atividades, trabalham seguindo as normas de seguran\u00e7a e prote\u00e7\u00e3o ao meio ambiente.<\/p>\n<h2 id=\"o-que-faz-o-procurador-jurdico\"><strong>O que faz o Procurador Jur\u00eddico?<\/strong><\/h2>\n<p>Executar atividades de defesa da Edilidade em ju\u00edzo, promover o assessoramento e consultoria aos \u00f3rg\u00e3os do Legislativo, \u00e0s Comiss\u00f5es Permanentes, Tempor\u00e1rias e Especiais, a Administra\u00e7\u00e3o Geral e demais departamentos da C\u00e2mara Municipal de Vinhedo em assuntos jur\u00eddicos.<\/p>\n<h2 id=\"o-que-faz-o-servios-gerais\"><strong>O que faz o Servi\u00e7os Gerais?<\/strong><\/h2>\n<p>Atuando na Copa: Recepciona e serve refei\u00e7\u00f5es e bebidas, montando e desmontando, carrinhos, mesas e balc\u00f5es, al\u00e9m de organizar, conferir e controlar os materiais de trabalho, mantendo o ambiente limpo. Atuando na Limpeza: Higienizar locais, equipamentos e materiais regularmente.<\/p>\n<h2 id=\"confira-as-disciplinas-bsicas-que-compe-o-contedo-programtic\"><strong>Confira as disciplinas b\u00e1sicas que comp\u00f5e o conte\u00fado program\u00e1tico:<\/strong><\/h2>\n<p><strong>L\u00cdNGUA PORTUGUESA<\/strong><br>\nLeitura e interpreta\u00e7\u00e3o de diversos tipos de textos (liter\u00e1rios e n\u00e3o liter\u00e1rios). Sin\u00f4nimos e ant\u00f4nimos. Sentido<br>\npr\u00f3prio e figurado das palavras. Pontua\u00e7\u00e3o. Classes de palavras: substantivo, adjetivo, numeral, pronome, verbo, adv\u00e9rbio, preposi\u00e7\u00e3o e conjun\u00e7\u00e3o: emprego e sentido que imprimem \u00e0s rela\u00e7\u00f5es que estabelecem. Concord\u00e2ncia verbal e nominal. Reg\u00eancia verbal e nominal. Coloca\u00e7\u00e3o pronominal. Crase. Processo de forma\u00e7\u00e3o das palavras. Coes\u00e3o. Ortografia.<\/p>\n<p><strong>MATEM\u00c1TICA E RACIOC\u00cdNIO L\u00d3GICO<\/strong><br>\nOpera\u00e7\u00f5es com n\u00fameros reais. M\u00ednimo m\u00faltiplo comum e m\u00e1ximo divisor comum. Raz\u00e3o e propor\u00e7\u00e3o.<br>\nPorcentagem. Regra de tr\u00eas simples e composta. M\u00e9dia aritm\u00e9tica simples e ponderada. Juro simples e composto. Sistema de equa\u00e7\u00f5es do 1\u00ba grau. Rela\u00e7\u00e3o entre grandezas: tabelas e gr\u00e1ficos. Sistemas de medidas usuais. No\u00e7\u00f5es de geometria: forma, per\u00edmetro, \u00e1rea, volume, \u00e2ngulo, teorema de Pit\u00e1goras. Resolu\u00e7\u00e3o de situa\u00e7\u00f5es-problema. Estrutura l\u00f3gica das rela\u00e7\u00f5es arbitr\u00e1rias entre pessoas, lugares, coisas, eventos fict\u00edcios; dedu\u00e7\u00e3o de novas informa\u00e7\u00f5es das rela\u00e7\u00f5es fornecidas e avalia\u00e7\u00e3o das condi\u00e7\u00f5es usadas para estabelecer a estrutura daquelas rela\u00e7\u00f5es. Identifica\u00e7\u00e3o de regularidades de uma sequ\u00eancia, num\u00e9rica ou figural, de modo a indicar qual \u00e9 o elemento de uma dada posi\u00e7\u00e3o. Estruturas l\u00f3gicas, l\u00f3gicas de argumenta\u00e7\u00e3o, diagramas l\u00f3gicos, sequ\u00eancias.<\/p>\n<p><strong>ATUALIDADES<\/strong><br>\nQuest\u00f5es relacionadas a fatos pol\u00edticos, econ\u00f4micos, sociais, culturais, cient\u00edficos, ambientais, de \u00e2mbito nacional e internacional, ocorridos a partir do segundo semestre do ano de 2018, divulgados na m\u00eddia nacional.<\/p>\n<p><strong>NO\u00c7\u00d5ES DE INFORM\u00c1TICA<\/strong><br>\nMS-Windows 7: conceito de pastas, diret\u00f3rios, arquivos e atalhos, \u00e1rea de trabalho, \u00e1rea de transfer\u00eancia,<br>\nmanipula\u00e7\u00e3o de arquivos e pastas, uso dos menus, programas e aplicativos, intera\u00e7\u00e3o com o conjunto de aplicativos MS-Office 2010, MS-Word 2010: estrutura b\u00e1sica dos documentos, edi\u00e7\u00e3o e formata\u00e7\u00e3o de textos, cabe\u00e7alhos, par\u00e1grafos, fontes, colunas, marcadores simb\u00f3licos e num\u00e9ricos, tabelas, impress\u00e3o, controle de quebras e numera\u00e7\u00e3o de p\u00e1ginas, legendas, \u00edndices, inser\u00e7\u00e3o de objetos, campos predefinidos, caixas de texto. MS-Excel 2010: estrutura b\u00e1sica das planilhas, conceitos de c\u00e9lulas, linhas, colunas, pastas e gr\u00e1ficos, elabora\u00e7\u00e3o de tabelas e gr\u00e1ficos, uso de f\u00f3rmulas, fun\u00e7\u00f5es e macros, impress\u00e3o, inser\u00e7\u00e3o de objetos, campos predefinidos, controle de quebras e numera\u00e7\u00e3o de p\u00e1ginas, obten\u00e7\u00e3o de dados externos, classifica\u00e7\u00e3o de dados. MS-PowerPoint 2010: estrutura b\u00e1sica das apresenta\u00e7\u00f5es, conceitos de slides, anota\u00e7\u00f5es, r\u00e9gua, guias, cabe\u00e7alhos e rodap\u00e9s, no\u00e7\u00f5es de edi\u00e7\u00e3o e formata\u00e7\u00e3o de apresenta\u00e7\u00f5es, inser\u00e7\u00e3o de objetos, numera\u00e7\u00e3o de p\u00e1ginas, bot\u00f5es de a\u00e7\u00e3o, anima\u00e7\u00e3o e transi\u00e7\u00e3o entre slides. Correio Eletr\u00f4nico: uso de correio eletr\u00f4nico, preparo e envio de mensagens, anexa\u00e7\u00e3o de arquivos. Internet: navega\u00e7\u00e3o internet, conceitos de URL, links, sites, busca e impress\u00e3o de p\u00e1ginas.<\/p>","protected":false},"excerpt":{"rendered":"<p>Saiu o edital do concurso C\u00e2mara de Vinhedo, em S\u00e3o Paulo, com a oferta de 06 vagas imediatas, mais forma\u00e7\u00e3o de cadastro reserva, para candidatos de n\u00edveis m\u00e9dio e superior com sal\u00e1rios de at\u00e9 R$ 4,9 mil!<\/p>\n","protected":false},"author":28995,"featured_media":0,"comment_status":"closed","ping_status":"closed","sticky":false,"template":"","format":"standard","meta":{"_acf_changed":false,"footnotes":"","_wp_rev_ctl_limit":""},"categories":[44999],"tags":[],"class_list":["post-100149","post","type-post","status-publish","format-standard","hentry","category-concursos"],"acf":[],"_links":{"self":[{"href":"https:\/\/www.novaconcursos.com.br\/portal\/wp-json\/wp\/v2\/posts\/100149","targetHints":{"allow":["GET"]}}],"collection":[{"href":"https:\/\/www.novaconcursos.com.br\/portal\/wp-json\/wp\/v2\/posts"}],"about":[{"href":"https:\/\/www.novaconcursos.com.br\/portal\/wp-json\/wp\/v2\/types\/post"}],"author":[{"embeddable":true,"href":"https:\/\/www.novaconcursos.com.br\/portal\/wp-json\/wp\/v2\/users\/28995"}],"replies":[{"embeddable":true,"href":"https:\/\/www.novaconcursos.com.br\/portal\/wp-json\/wp\/v2\/comments?post=100149"}],"version-history":[{"count":1,"href":"https:\/\/www.novaconcursos.com.br\/portal\/wp-json\/wp\/v2\/posts\/100149\/revisions"}],"predecessor-version":[{"id":124291,"href":"https:\/\/www.novaconcursos.com.br\/portal\/wp-json\/wp\/v2\/posts\/100149\/revisions\/124291"}],"wp:attachment":[{"href":"https:\/\/www.novaconcursos.com.br\/portal\/wp-json\/wp\/v2\/media?parent=100149"}],"wp:term":[{"taxonomy":"category","embeddable":true,"href":"https:\/\/www.novaconcursos.com.br\/portal\/wp-json\/wp\/v2\/categories?post=100149"},{"taxonomy":"post_tag","embeddable":true,"href":"https:\/\/www.novaconcursos.com.br\/portal\/wp-json\/wp\/v2\/tags?post=100149"}],"curies":[{"name":"wp","href":"https:\/\/api.w.org\/{rel}","templated":true}]}}