{"id":100891,"date":"2020-05-04T09:51:27","date_gmt":"2020-05-04T12:51:27","guid":{"rendered":"https:\/\/www.novaconcursos.com.br\/portal\/?post_type=nc-public-tender&#038;p=100891"},"modified":"2025-05-06T14:06:41","modified_gmt":"2025-05-06T17:06:41","slug":"concurso-camara-de-manhuacu-mg","status":"publish","type":"post","link":"https:\/\/www.novaconcursos.com.br\/portal\/concursos\/concurso-camara-de-manhuacu-mg\/","title":{"rendered":"Concurso C\u00e2mara de Manhua\u00e7u &#8211; MG: EDITAL com sal\u00e1rios de at\u00e9 R$ 4,6 mil!"},"content":{"rendered":"<p>Foi divulgado o <strong>edital<\/strong> do novo <a href=\"https:\/\/www.novaconcursos.com.br\/\" target=\"_blank\" rel=\"noopener noreferrer\">concurso<\/a> <strong>C\u00e2mara de Manhua\u00e7u<\/strong>, no estado de Minas Gerais. As oportunidades s\u00e3o para cargos de n\u00edveis fundamental, m\u00e9dio e superior, com sal\u00e1rios de at\u00e9 <strong>R$ 4,6 mil<\/strong>.<\/p>\n<p>Os interessados podem se <strong>inscrever a partir do m\u00eas de junho<\/strong>, no site do Instituto IADHED, a avalia\u00e7\u00e3o dos candidatos ser\u00e1 por meio de prova objetiva, de car\u00e1ter eliminat\u00f3rio e classificat\u00f3rio!<\/p>\n<h2 id=\"como-fazer-a-inscrio-do-concurso-cmara-de-manhuau-mg\">Como fazer a inscri\u00e7\u00e3o do concurso C\u00e2mara de Manhua\u00e7u \u2013 MG?<\/h2>\n<p>As <strong>inscri\u00e7\u00f5es<\/strong> estar\u00e3o abertas a partir do dia <strong>23 de junho at\u00e9 \u00e0s 23h59min do dia 23 de julho de 2020<\/strong>.<\/p>\n<p><strong>Para se inscrever<\/strong>, o candidato dever\u00e1 acessar o site da banca organizadora, Instituto IADHED.<\/p>\n<p>A <strong>taxa de inscri\u00e7\u00e3o<\/strong> varia entre os seguintes valores:<\/p>\n<p>\u2013 <strong>N\u00edvel Fundamental<\/strong>: R$ 65,00;<\/p>\n<p>\u2013 <strong>N\u00edvel M\u00e9dio<\/strong>: R$ 75,00;<\/p>\n<p>\u2013 <strong>N\u00edvel Superior<\/strong>: R$ 90,00.<\/p>\n<p>O pagamento da taxa de inscri\u00e7\u00e3o dever\u00e1 ser efetuado at\u00e9 o dia <strong>24 de julho de 2020<\/strong>.<\/p>\n<h2 id=\"vagas-e-salrios-do-concurso-cmara-de-manhuau-mg\">Vagas e sal\u00e1rios do concurso C\u00e2mara de Manhua\u00e7u \u2013 MG<\/h2>\n<p>O certame oferta <strong>09 vagas<\/strong> de car\u00e1ter imediato, para os n\u00edveis fundamental, m\u00e9dio e superior. As<strong> oportunidades<\/strong> s\u00e3o para os seguintes cargos:<\/p>\n<p>\u2666 <strong>N\u00edvel Fundamental<\/strong>: Auxiliar Administrativo (1), Auxiliar de Secretaria (1), Auxiliar de Servi\u00e7os Gerais (1), Vigia (1);<\/p>\n<p>\u2666 <strong>N\u00edvel M\u00e9dio<\/strong>: Operador de \u00c1udio e V\u00eddeo (1);<\/p>\n<p>\u2666 <strong>N\u00edvel Superior<\/strong>: Controlador Interno (1), Assistente Jur\u00eddico Legislativo (1), Diretor de Secretaria (1), Assessor de Comunica\u00e7\u00e3o (1).<\/p>\n<p>Os sal\u00e1rios variam de <strong>R$ 1.428,86 a R$ 4.683,19<\/strong>, com jornadas de trabalho de <strong>30<\/strong> horas semanais.<\/p>\n<h2 id=\"como-ser-a-prova-do-concurso-cmara-de-manhuau-mg\">Como ser\u00e1 a prova do concurso C\u00e2mara de Manhua\u00e7u \u2013 MG?<\/h2>\n<p>A <strong>avalia\u00e7\u00e3o<\/strong> dos candidatos ser\u00e1 por meio de prova objetiva (para todos os cargos), aplicada na data prevista de <strong>23 de agosto de 2020<\/strong>, com dura\u00e7\u00e3o de <strong>04 horas<\/strong>.<\/p>\n<p>Os <strong>locais e hor\u00e1rios<\/strong> da prova ser\u00e3o informados no site da banca organizadora, Instituto IADHED, com anteced\u00eancia m\u00ednima de <strong>06<\/strong> dias.<\/p>\n<p>A <strong>prova objetiva<\/strong>, de car\u00e1ter eliminat\u00f3rio e classificat\u00f3rio, ir\u00e1 valor 100 pontos, e ser\u00e1 composta por quest\u00f5es objetivas de m\u00faltipla escolha (A, B, C, D) onde o candidato dever\u00e1 marcar somente um dos quatro campos da folha de resposta.<\/p>\n<p>Ocorrer\u00e1 ainda <strong>prova de t\u00edtulos<\/strong> para os cargos de n\u00edvel superior, <strong>prova pr\u00e1tica<\/strong> para os cargos de Operador de \u00c1udio e V\u00eddeo, Auxiliar de Servi\u00e7os Gerais, Auxiliar Administrativo, Auxiliar de Secretaria, <strong>prova de aptid\u00e3o f\u00edsica<\/strong> para o cargo de Vigia. Al\u00e9m de <strong>prova discursiva<\/strong> para os cargos de Controlador Interno, Assistente Jur\u00eddico Legislativo, Diretor de Secretaria e Assessor de Comunica\u00e7\u00e3o.<\/p>\n<p>O <strong>conte\u00fado program\u00e1tico<\/strong> da prova ir\u00e1 constar as seguintes disciplinas:<\/p>\n<h3>N\u00edvel Fundamental Incompleto<\/h3>\n<p>\u2013 L\u00edngua Portuguesa: 10 quest\u00f5es;<\/p>\n<p>\u2013 Racioc\u00ednio L\u00f3gico\/Matem\u00e1tica: 10 quest\u00f5es;<\/p>\n<p>\u2013 Conhecimentos Gerais e Legisla\u00e7\u00e3o: 10 quest\u00f5es;<\/p>\n<p>\u2013 Conhecimentos Espec\u00edficos: 10 quest\u00f5es.<\/p>\n<h3>N\u00edveis Fundamental Completo e M\u00e9dio<\/h3>\n<p>\u2013 L\u00edngua Portuguesa: 10 quest\u00f5es;<\/p>\n<p>\u2013 Racioc\u00ednio L\u00f3gico\/Matem\u00e1tica: 05 quest\u00f5es;<\/p>\n<p>\u2013 Inform\u00e1tica: 05 quest\u00f5es;<\/p>\n<p>\u2013 Conhecimentos Gerais e Legisla\u00e7\u00e3o: 10 quest\u00f5es;<\/p>\n<p>\u2013 Conhecimentos Espec\u00edficos: 10 quest\u00f5es.<\/p>\n<h3>N\u00edvel Superior<\/h3>\n<p>\u2013 L\u00edngua Portuguesa: 12 quest\u00f5es;<\/p>\n<p>\u2013 Racioc\u00ednio L\u00f3gico\/Matem\u00e1tica: 06 quest\u00f5es;<\/p>\n<p>\u2013 Inform\u00e1tica: 05 quest\u00f5es;<\/p>\n<p>\u2013 Conhecimentos Gerais e Legisla\u00e7\u00e3o: 12 quest\u00f5es;<\/p>\n<p>\u2013 Conhecimentos Espec\u00edficos: 15 quest\u00f5es.<\/p>\n<p><strong>O prazo de validade do concurso p\u00fablico ser\u00e1 de 2 (dois) anos<\/strong>, a partir da data da publica\u00e7\u00e3o da homologa\u00e7\u00e3o do resultado final, podendo ser prorrogado por igual per\u00edodo, a crit\u00e9rio da C\u00e2mara Municipal de Manhua\u00e7u.<\/p>\n<h2 id=\"requisito-necessrios-para-investidura-nos-cargos-do-concurso\">Requisito necess\u00e1rios para investidura nos cargos do concurso C\u00e2mara de Manhua\u00e7u \u2013 MG<\/h2>\n<p>\u2013 Ser brasileiro ou estrangeiro que goze das prerrogativas do art. 12 c\/c art. 37, I, da Constitui\u00e7\u00e3o da Rep\u00fablica;<\/p>\n<p>\u2013 Possuir idade m\u00ednima de 18 (dezoito) anos e m\u00e1xima de 65 (sessenta e cinco) anos incompletos;<\/p>\n<p>\u2013 Estar em dia com as obriga\u00e7\u00f5es eleitorais, para os candidatos de ambos os sexos, e com as obriga\u00e7\u00f5es militares, para os candidatos do sexo masculino, com idade inferior a 46 anos;<\/p>\n<p>\u2013 Estar no pleno exerc\u00edcio de seus direitos civis e pol\u00edticos;<\/p>\n<p>\u2013 Possuir diploma de curso superior, devidamente registrado no Minist\u00e9rio da Educa\u00e7\u00e3o, quando o cargo exigir;<\/p>\n<p>\u2013 Para os cargos de n\u00edvel superior no ato da posse dever\u00e1 estar devidamente registrado em seus respectivos conselhos de classe caso existente.<\/p>\n<p>\u2013 Ter aptid\u00e3o f\u00edsica e mental para o exerc\u00edcio das atribui\u00e7\u00f5es do cargo, apurada por profissional M\u00e9dico dos quadros p\u00fablicos, designado pela C\u00e2mara Municipal de Manhua\u00e7u, no ato da posse;<\/p>\n<p>\u2013 N\u00e3o ter sofrido penalidade por pr\u00e1tica de atos desabonadores no exerc\u00edcio profissional;<\/p>\n<p>\u2013 Apresentar declara\u00e7\u00e3o de bens;<\/p>\n<p>\u2013 Cumprir as exig\u00eancias do edital;<\/p>\n<p>\u2013 Declarar, no momento da solicita\u00e7\u00e3o de inscri\u00e7\u00e3o, que tem ci\u00eancia e que, caso aprovado, aceita entregar, por ocasi\u00e3o da posse, os documentos comprobat\u00f3rios dos requisitos exigidos para investidura no cargo.<\/p>\n<h2 id=\"sobre-o-municpio-de-manhuau-mg\">Sobre o munic\u00edpio de Manhua\u00e7u \u2013 MG<\/h2>\n<p>Historiadores compreendem que o significado do nome Manhua\u00e7u, na linguagem Tupi, significa \u2018rio grande\u2019 ou \u2018lugar de muita \u00e1gua\u2019.<\/p>\n<p>Com o fim do ciclo do ouro na regi\u00e3o, a maior riqueza do munic\u00edpio tornou-se o caf\u00e9. A cidade \u00e9 refer\u00eancia nacional no cultivo do gr\u00e3o e o tem como principal cultura aliado \u00e0 sua economia. Atualmente, o munic\u00edpio se consolida como polo econ\u00f4mico de presta\u00e7\u00e3o de servi\u00e7os e oferece a melhor infraestrutura hoteleira para turismo da regi\u00e3o Vertente do Capara\u00f3.<\/p>\n<p>Conforme o \u00faltimo censo do IBGE, a popula\u00e7\u00e3o do munic\u00edpio \u00e9 de 80.580 habitantes (em 2000, havia 67.123 pessoas), com territ\u00f3rio de 627,281 km\u00b2. Distante 290 km da capital Belo Horizonte, a cidade possui altitude de 635 m e ponto culminante de 1730 m. O munic\u00edpio est\u00e1 inserido na bacia do rio Doce, sendo banhado pelo rio Manhua\u00e7u.<\/p>\n<p>Al\u00e9m da sede, o munic\u00edpio \u00e9 composto pelos distritos de Dom Corr\u00eaa, S\u00e3o Sebasti\u00e3o do Sacramento, Vilanova, Realeza, Ponte do Silva, S\u00e3o Pedro do Ava\u00ed, Palmeiras do Manhua\u00e7u e Santo Amaro de Minas, com as vilas de Palmeirinhas, Vila Formosa e Bom Jesus de Realeza.<\/p>\n<p>A freguesia de Manhua\u00e7u foi criada em 1875 e institu\u00edda em 1878, enquanto o munic\u00edpio foi criado em 5 de novembro de 1877. Sua sede inicialmente foi em S\u00e3o Sim\u00e3o (hoje Simon\u00e9sia) e transferida para a Vila de S\u00e3o Louren\u00e7o em 1881.<\/p>\n<p>Ap\u00f3s perder as elei\u00e7\u00f5es de modo considerado fraudulento, o Coronel Serafim Tib\u00farcio e seu companheiro Coronel Ant\u00f4nio de Miranda Sette pegaram em armas, em 1896, proclamando a Rep\u00fablica de Manhua\u00e7u, inclusive emitindo t\u00edtulos de cr\u00e9dito em nome da F\u00e1brica de Pila\u00e7\u00e3o de Caf\u00e9 e nomeando autoridades. Com o apoio das for\u00e7as federais, o levante foi derrubado e os revoltosos fugiram pelo vale do Manhua\u00e7u, fundando pequenos povoados como Alegria de Simon\u00e9sia e at\u00e9 alguns no Estado do Esp\u00edrito Santo.<\/p>","protected":false},"excerpt":{"rendered":"<p>Foi divulgado o edital do novo concurso C\u00e2mara de Manhua\u00e7u, no estado de Minas Gerais. As oportunidades s\u00e3o para cargos de n\u00edveis fundamental, m\u00e9dio e superior, com sal\u00e1rios de at\u00e9 R$ 4,6 mil.<\/p>\n","protected":false},"author":16,"featured_media":0,"comment_status":"closed","ping_status":"closed","sticky":false,"template":"","format":"standard","meta":{"_acf_changed":false,"footnotes":"","_wp_rev_ctl_limit":""},"categories":[44999],"tags":[],"class_list":["post-100891","post","type-post","status-publish","format-standard","hentry","category-concursos"],"acf":[],"_links":{"self":[{"href":"https:\/\/www.novaconcursos.com.br\/portal\/wp-json\/wp\/v2\/posts\/100891","targetHints":{"allow":["GET"]}}],"collection":[{"href":"https:\/\/www.novaconcursos.com.br\/portal\/wp-json\/wp\/v2\/posts"}],"about":[{"href":"https:\/\/www.novaconcursos.com.br\/portal\/wp-json\/wp\/v2\/types\/post"}],"author":[{"embeddable":true,"href":"https:\/\/www.novaconcursos.com.br\/portal\/wp-json\/wp\/v2\/users\/16"}],"replies":[{"embeddable":true,"href":"https:\/\/www.novaconcursos.com.br\/portal\/wp-json\/wp\/v2\/comments?post=100891"}],"version-history":[{"count":2,"href":"https:\/\/www.novaconcursos.com.br\/portal\/wp-json\/wp\/v2\/posts\/100891\/revisions"}],"predecessor-version":[{"id":281600,"href":"https:\/\/www.novaconcursos.com.br\/portal\/wp-json\/wp\/v2\/posts\/100891\/revisions\/281600"}],"wp:attachment":[{"href":"https:\/\/www.novaconcursos.com.br\/portal\/wp-json\/wp\/v2\/media?parent=100891"}],"wp:term":[{"taxonomy":"category","embeddable":true,"href":"https:\/\/www.novaconcursos.com.br\/portal\/wp-json\/wp\/v2\/categories?post=100891"},{"taxonomy":"post_tag","embeddable":true,"href":"https:\/\/www.novaconcursos.com.br\/portal\/wp-json\/wp\/v2\/tags?post=100891"}],"curies":[{"name":"wp","href":"https:\/\/api.w.org\/{rel}","templated":true}]}}