{"id":101521,"date":"2020-10-23T08:00:35","date_gmt":"2020-10-23T11:00:35","guid":{"rendered":"https:\/\/www.novaconcursos.com.br\/portal\/?post_type=nc-public-tender&#038;p=101521"},"modified":"2024-12-16T10:03:48","modified_gmt":"2024-12-16T13:03:48","slug":"concurso-agepen-rr","status":"publish","type":"post","link":"https:\/\/www.novaconcursos.com.br\/portal\/concursos\/concurso-agepen-rr\/","title":{"rendered":"Concurso AGEPEN RR: Provas remarcadas para serem aplicadas no m\u00eas de dezembro!"},"content":{"rendered":"<p>Os candidatos inscritos no <a href=\"https:\/\/www.novaconcursos.com.br\/\" target=\"_blank\" rel=\"noopener noreferrer\">concurso<\/a> AGEPEN RR devem ficar atentos, <strong>pois foi definida a nova data de aplica\u00e7\u00e3o das provas objetivas<\/strong>. A informa\u00e7\u00e3o foi divulgada no dia 22 de outubro, por meio do site da banca organizadora, Instituto AOCP.<\/p>\n<p>Ap\u00f3s o adiamento tempor\u00e1rio, <strong>as avalia\u00e7\u00f5es est\u00e3o previstas para serem realizadas no dia 06 de dezembro de 2020<\/strong>. Os participantes poder\u00e3o acessar o cart\u00e3o de informa\u00e7\u00e3o, contendo o hor\u00e1rio e local, a partir das 15 horas do dia 23 de novembro, no portal da banca organizadora.<\/p>\n<h2 id=\"como-fazer-a-inscrio-do-concurso-agepen-rr-sejuc-rr\">Como fazer a inscri\u00e7\u00e3o do concurso AGEPEN RR (Sejuc RR)?<\/h2>\n<p>As <strong>inscri\u00e7\u00f5es<\/strong> est\u00e3o abertas das <strong>09 horas do dia 22 de junho at\u00e9 \u00e0s 23h59min do dia 06 de agosto de 2020<\/strong>.<\/p>\n<p><strong>Para se inscrever<\/strong>, o candidato dever\u00e1 acessar o site da banca organizadora, Instituto AOCP.<\/p>\n<p>A<strong> taxa de inscri\u00e7\u00e3o<\/strong> tem o valor fixo de <strong>R$ 110,00<\/strong>.<\/p>\n<p>O pagamento da taxa de inscri\u00e7\u00e3o dever\u00e1 ser efetuado at\u00e9 o dia <strong>07 de agosto\u00a0de 2020<\/strong>.<\/p>\n<h2 id=\"vagas-e-salrios-do-concurso-agepen-rr\">Vagas e sal\u00e1rios do concurso AGEPEN RR<\/h2>\n<p>O certame oferta <strong>423 vagas<\/strong> de car\u00e1ter imediato para a carreira de <strong>Agente Penitenci\u00e1rio, no n\u00edvel m\u00e9dio<\/strong>, com chances para candidatos do sexo masculino e feminino, al\u00e9m de vagas para Pessoas com Defici\u00eancia (PcD). As <strong>oportunidades<\/strong> s\u00e3o para o seguinte cargo:<\/p>\n<h3>Vagas de Ampla Concorr\u00eancia<\/h3>\n<p>\u2666 Masculino: 296 vagas;<\/p>\n<p>\u2666 Feminino: 85 vagas.<\/p>\n<h3>Vagas Pessoas com Defici\u00eancia (PcD)<\/h3>\n<p>\u2666 Masculino: 33 vagas;<\/p>\n<p>\u2666 Feminino: 9 vagas.<\/p>\n<p>O <strong>sal\u00e1rio inicial<\/strong> para o cargo de Agente Penitenci\u00e1rio tem o valor de <strong>R$ 4.421,13<\/strong>, com jornadas de trabalho de <strong>40<\/strong> horas semanais. Al\u00e9m do ensino m\u00e9dio completo, \u00e9 preciso ter Carteira Nacional de Habilita\u00e7\u00e3o <strong>(CNH) na categoria AB<\/strong>.<\/p>\n<h2 id=\"como-ser-a-prova-do-concurso-sejuc-rr-agepen-rr\">Como ser\u00e1 a prova do concurso Sejuc RR (AGEPEN RR)?<\/h2>\n<p>A <strong>avalia\u00e7\u00e3o<\/strong> dos candidatos ser\u00e1 por meio de <strong>06 (seis) etapas<\/strong>, sendo elas:<\/p>\n<ul><li><strong>1\u00aa etapa<\/strong>: Prova Objetiva;<\/li>\n<li><strong>2\u00aa etapa<\/strong>: Teste de Aptid\u00e3o F\u00edsica (TAF);<\/li>\n<li><strong>3\u00aa etapa<\/strong>: Avalia\u00e7\u00e3o Psicol\u00f3gica;<\/li>\n<li><strong>4\u00aa etapa<\/strong>: Exame Toxicol\u00f3gico;<\/li>\n<li><strong>5\u00aa etapa<\/strong>: Investiga\u00e7\u00e3o Social;<\/li>\n<li><strong>6\u00aa etapa<\/strong>: Curso de Forma\u00e7\u00e3o Profissional.<\/li>\n<\/ul><p>As <strong>provas objetivas<\/strong> do concurso AGEPEN RR, est\u00e3o marcadas para serem aplicadas no dia <strong>06 de dezembro de 2020<\/strong>.<\/p>\n<p>Os <strong>locais e hor\u00e1rios<\/strong> da provas, ser\u00e3o informados no site da banca organizadora, Instituto AOCP, a partir das <strong>15 horas do dia 23 de novembro de 2020<\/strong>.<\/p>\n<p>A prova objetiva ser\u00e1 composta de<strong> 50 (cinquenta) quest\u00f5es<\/strong> distribu\u00eddas por \u00e1reas de conhecimento. Cada quest\u00e3o da prova objetiva ter\u00e1 <strong>5 (cinco) alternativas<\/strong>, sendo que cada quest\u00e3o ter\u00e1 apenas <strong>1 (uma) alternativa correta<\/strong>.<\/p>\n<p><strong>Ser\u00e1 atribu\u00edda pontua\u00e7\u00e3o 0 (zero) \u00e0s quest\u00f5es com mais de uma op\u00e7\u00e3o assinalada<\/strong>, quest\u00f5es sem op\u00e7\u00e3o assinalada, com rasuras ou preenchidas a l\u00e1pis.<\/p>\n<p>O candidato dever\u00e1 obter <strong>50% (cinquenta porcento)<\/strong> ou mais do total de pontos previstos na prova objetiva para n\u00e3o ser eliminado do concurso p\u00fablico, al\u00e9m de n\u00e3o ser eliminado por outros crit\u00e9rios estabelecidos no edital.<\/p>\n<p>O <strong>conte\u00fado program\u00e1tico<\/strong> da prova ir\u00e1 constar nas seguintes disciplinas:<\/p>\n<p>\u2013 L\u00edngua Portuguesa: 10 quest\u00f5es;<\/p>\n<p>\u2013 Racioc\u00ednio L\u00f3gico e Matem\u00e1tico: 05 quest\u00f5es;<\/p>\n<p>\u2013 Inform\u00e1tica: 05 quest\u00f5es;<\/p>\n<p>\u2013 Conhecimentos Espec\u00edficos: 30 quest\u00f5es.<\/p>\n<h3>Teste de Aptid\u00e3o F\u00edsica (TAF)<\/h3>\n<p>O Teste de Aptid\u00e3o F\u00edsica ser\u00e1 constitu\u00edda das seguintes provas:<\/p>\n<p><strong>a)<\/strong> Teste Din\u00e2mico de Barra Fixa \u2013 Masculino\/Teste Est\u00e1tico de Barra Fixa \u2013 Feminino;<\/p>\n<p><strong>b)<\/strong> Flex\u00e3o Abdominal;<\/p>\n<p><strong>c)<\/strong> Prova de Corrida de 12 minutos.<\/p>\n<p>O candidato ser\u00e1 considerado <strong>APTO ou INAPTO<\/strong> no teste de aptid\u00e3o f\u00edsica, sendo eliminado do certame o candidato considerado INAPTO.<\/p>\n<p>Ser\u00e1 considerado <strong>APTO<\/strong> no teste de aptid\u00e3o f\u00edsica o candidato que atingir a performance m\u00ednima em todos os testes.<\/p>\n<p>Os candidatos dever\u00e3o comparecer ao local de prova com, no m\u00ednimo, <strong>30 (trinta) minutos de anteced\u00eancia<\/strong>, munidos de:<\/p>\n<p><strong>a)<\/strong> documento oficial de identifica\u00e7\u00e3o com foto (original);<\/p>\n<p><strong>b)<\/strong> roupa apropriada para a pr\u00e1tica de atividades f\u00edsicas;<\/p>\n<p><strong>c)<\/strong> atestado m\u00e9dico original ou c\u00f3pia autenticada em cart\u00f3rio espec\u00edfico para tal fim, emitido nos \u00faltimos 30 (trinta) dias anteriores \u00e0 data de realiza\u00e7\u00e3o dos testes.<\/p>\n<p><strong>O prazo de validade do concurso p\u00fablico ser\u00e1 de 02 (dois) anos<\/strong>, a contar da data de homologa\u00e7\u00e3o do certame, podendo ser prorrogado por igual per\u00edodo a crit\u00e9rio da Secretaria de Estado da Justi\u00e7a e da Cidadania \u2013 SEJUC.<\/p>\n<h2 id=\"requisitos-necessrios-para-investidura-no-cargo-do-concurso-\">Requisitos necess\u00e1rios para investidura no cargo do concurso AGEPEN RR<\/h2>\n<p>S\u00e3o <strong>requisitos espec\u00edficos para o ingresso<\/strong> no quadro da Secretaria de Estado da Justi\u00e7a e da Cidadania \u2013 SEJUC:<\/p>\n<p>a) ser brasileiro;<\/p>\n<p>b) estar quite com as obriga\u00e7\u00f5es eleitorais e militares, nos termos do Art. 143, da CF\/88;<\/p>\n<p>c) estar em gozo dos direitos pol\u00edticos;<\/p>\n<p>d) ter conduta social ilibada;<\/p>\n<p>e) ter capacidade f\u00edsica plena e aptid\u00e3o psicol\u00f3gica compat\u00edvel com o exerc\u00edcio do cargo pretendido;<\/p>\n<p>f) idade m\u00ednima de dezoito anos na data da posse;<\/p>\n<p>g) possuir carteira nacional de habilita\u00e7\u00e3o, para a condu\u00e7\u00e3o de ve\u00edculos automotores, de no m\u00ednimo categoria AB;<\/p>\n<p>h) comprovar, quanto ao grau de escolaridade, a conclus\u00e3o do ensino m\u00e9dio, mediante apresenta\u00e7\u00e3o de diploma reconhecido pelo Minist\u00e9rio da Educa\u00e7\u00e3o;<\/p>\n<p>i) n\u00e3o ter sido condenado por crime doloso, em senten\u00e7a condenat\u00f3ria transitada em julgado;<\/p>\n<p>j) n\u00e3o ter sido isento do servi\u00e7o militar por incapacidade f\u00edsica definitiva<\/p>\n<p>k) ter sido aprovado e classificado no concurso p\u00fablico;<\/p>\n<p>l) atender \u00e0s demais exig\u00eancias contidas no edital.<\/p>\n<h2 id=\"atribuies-do-cargo-no-concurso-agepen-rr\">Atribui\u00e7\u00f5es do cargo no concurso AGEPEN RR<\/h2>\n<p><strong>S\u00e3o atribui\u00e7\u00f5es do cargo de Agente Penitenci\u00e1rio<\/strong>, al\u00e9m de outras decorrentes de suas atividades funcionais:<\/p>\n<p>I \u2013 participar das propostas para definir a individualiza\u00e7\u00e3o da pena e tratamento objetivando a adapta\u00e7\u00e3o do preso e a reinser\u00e7\u00e3o social;<\/p>\n<p>II \u2013 atuar como agente garantidor dos direitos individuais do preso em suas a\u00e7\u00f5es;<\/p>\n<p>III \u2013 receber e orientar presos quanto \u00e0s normas disciplinares, divulgando os direitos, deveres e obriga\u00e7\u00f5es conforme normativas legais;<\/p>\n<p>IV \u2013 levar ao conhecimento do superior imediato os casos de indisciplina dos presos; V \u2013 revistar presos e instala\u00e7\u00f5es;<\/p>\n<p>VI \u2013 prestar assist\u00eancia aos presos e internados encaminhando-os para atendimento nos diversos setores sempre que se fizer necess\u00e1rio;<\/p>\n<p>VII \u2013 verificar as condi\u00e7\u00f5es de seguran\u00e7a comportamental e estrutural, comunicando as altera\u00e7\u00f5es \u00e0 chefia imediata;<\/p>\n<p>VIII \u2013 acompanhar e fiscalizar a movimenta\u00e7\u00e3o de presos ou internados no interior da Unidade;<\/p>\n<p>IX \u2013 acompanhar presos em deslocamentos diversos em acordo com as determina\u00e7\u00f5es legais;<\/p>\n<p>X \u2013 zelar pela seguran\u00e7a e cust\u00f3dia dos presos durante as escoltas e perman\u00eancia fora das unidades prisionais;<\/p>\n<p>XI \u2013 efetuar a confer\u00eancia peri\u00f3dica dos presos ou internados de acordo com as normas de cada Unidade;<\/p>\n<p>XII \u2013 observar o comportamento dos presos ou internados em suas atividades individuais e coletivas;<\/p>\n<p>XIII \u2013 n\u00e3o permitir o contato de presos ou internos com pessoas n\u00e3o autorizadas; XIII \u2013 n\u00e3o permitir o contato de presos ou internos com pessoas n\u00e3o autorizadas;<\/p>\n<p>XIV \u2013 revistar toda pessoa previamente autorizada que pretenda adentrar ao estabelecimento penal;<\/p>\n<p>XV \u2013 verificar e conferir os materiais e as instala\u00e7\u00f5es do posto, zelando pelos mesmos;<\/p>\n<p>XVI \u2013 controlar a entrada e sa\u00edda de pessoas, ve\u00edculos e volumes, conforme normas espec\u00edficas da Unidade;<\/p>\n<p>XVII \u2013 conferir documentos, quando da entrada e sa\u00edda de presos da Unidade;<\/p>\n<p>XVIII \u2013 operar o sistema de alarme, monitoramento audiovisual e demais sistemas de comunica\u00e7\u00e3o interna e externa;<\/p>\n<p>XIX \u2013 realizar vigil\u00e2ncia interna nas Unidades Prisionais do Estado, impedindo fugas ou arrebatamento de presos;<\/p>\n<p>XX \u2013 seguir as normas contidas no plano de trabalho obedecendo \u00e0 escala de servi\u00e7o;<\/p>\n<p>XXI \u2013 ter sob sua responsabilidade materiais de uso comum dos Agentes, zelando sempre pelo bom estado e manuten\u00e7\u00e3o peri\u00f3dica dos equipamentos;<\/p>\n<p>XXII \u2013 dirigir ve\u00edculo oficial;<\/p>\n<p>XXIII \u2013 atuar na fuga iminente e imediata e no planejamento de captura de fugitivos em conjunto com os demais \u00f3rg\u00e3os da seguran\u00e7a p\u00fablica, bem como recaptura de presos evadidos do cumprimento da execu\u00e7\u00e3o penal, desde que, com a devida capacita\u00e7\u00e3o t\u00e9cnica;<\/p>\n<p>XXIV \u2013 atuar em n\u00facleos de intelig\u00eancia e contraintelig\u00eancia, bem como n\u00facleos de a\u00e7\u00e3o, rea\u00e7\u00e3o e interven\u00e7\u00e3o penitenci\u00e1ria;<\/p>\n<p>XXV \u2013 participar de procedimentos correcionais;<\/p>\n<p>XXVI \u2013 atuar na fiscaliza\u00e7\u00e3o e aplica\u00e7\u00e3o das penas alternativas, atrav\u00e9s de programas de acompanhamento, fiscaliza\u00e7\u00e3o do cumprimento das medidas impostas, implementa\u00e7\u00e3o de atividades operacionais visando reduzir o \u00edndice de reincid\u00eancia criminal e fomentar a participa\u00e7\u00e3o da sociedade neste processo;<\/p>\n<p>XXVII \u2013 assistir e orientar, quando necess\u00e1rio, a forma\u00e7\u00e3o e capacita\u00e7\u00e3o de novos Agentes, desde que possua curso e habilidades para fun\u00e7\u00e3o;<\/p>\n<p>XXVIII \u2013 custodiar e vigiar os semi e\/ou inimput\u00e1veis em cumprimento de medida de seguran\u00e7a em local espec\u00edfico, Hospital de Cust\u00f3dia e Tratamento Psiqui\u00e1trico;<\/p>\n<p>XXIX \u2013 atuar em conformidade com a Lei de Execu\u00e7\u00f5es Penais;<\/p>\n<p>XXX \u2013 exercer outras atividades que lhe forem cometidas, compat\u00edveis com o seu cargo.<\/p>\n<h2 id=\"sobre-a-sejuc-rr\">Sobre a SEJUC RR<\/h2>\n<p>A Secretaria de Estado da Justi\u00e7a e da Cidadania foi criada em 31 de dezembro de 2001, atrav\u00e9s da Lei n\u00b0 317\/2001. Esta lei foi o ponta p\u00e9 inicial para uma moderna vis\u00e3o com rela\u00e7\u00e3o a servi\u00e7os \u00e0 comunidade. A gest\u00e3o do sistema penitenci\u00e1rio anteriormente sob a gest\u00e3o da Secretaria de Seguran\u00e7a P\u00fablica passa a ser gerida pela Secretaria de Justi\u00e7a e da Cidadania, SEJUC.<\/p>","protected":false},"excerpt":{"rendered":"<p>Os candidatos inscritos no concurso AGEPEN RR devem ficar atentos, pois foi definida a nova data de aplica\u00e7\u00e3o das provas objetivas. A informa\u00e7\u00e3o foi divulgada no dia 22 de outubro, por meio do site da banca organizadora, Instituto AOCP.<\/p>\n<p>Ap\u00f3s o adiamento tempor\u00e1rio, as avalia\u00e7\u00f5es est\u00e3o previstas para serem realizadas no dia 06 de dezembro de 2020. Os participantes poder\u00e3o acessar o cart\u00e3o de informa\u00e7\u00e3o, contendo o hor\u00e1rio e local, a partir das 15 horas do dia 23 de novembro, no portal da banca organizadora.<\/p>\n","protected":false},"author":16,"featured_media":0,"comment_status":"closed","ping_status":"closed","sticky":false,"template":"","format":"standard","meta":{"_acf_changed":false,"footnotes":"","_wp_rev_ctl_limit":""},"categories":[44999],"tags":[],"class_list":["post-101521","post","type-post","status-publish","format-standard","hentry","category-concursos"],"acf":[],"_links":{"self":[{"href":"https:\/\/www.novaconcursos.com.br\/portal\/wp-json\/wp\/v2\/posts\/101521","targetHints":{"allow":["GET"]}}],"collection":[{"href":"https:\/\/www.novaconcursos.com.br\/portal\/wp-json\/wp\/v2\/posts"}],"about":[{"href":"https:\/\/www.novaconcursos.com.br\/portal\/wp-json\/wp\/v2\/types\/post"}],"author":[{"embeddable":true,"href":"https:\/\/www.novaconcursos.com.br\/portal\/wp-json\/wp\/v2\/users\/16"}],"replies":[{"embeddable":true,"href":"https:\/\/www.novaconcursos.com.br\/portal\/wp-json\/wp\/v2\/comments?post=101521"}],"version-history":[{"count":7,"href":"https:\/\/www.novaconcursos.com.br\/portal\/wp-json\/wp\/v2\/posts\/101521\/revisions"}],"predecessor-version":[{"id":261240,"href":"https:\/\/www.novaconcursos.com.br\/portal\/wp-json\/wp\/v2\/posts\/101521\/revisions\/261240"}],"wp:attachment":[{"href":"https:\/\/www.novaconcursos.com.br\/portal\/wp-json\/wp\/v2\/media?parent=101521"}],"wp:term":[{"taxonomy":"category","embeddable":true,"href":"https:\/\/www.novaconcursos.com.br\/portal\/wp-json\/wp\/v2\/categories?post=101521"},{"taxonomy":"post_tag","embeddable":true,"href":"https:\/\/www.novaconcursos.com.br\/portal\/wp-json\/wp\/v2\/tags?post=101521"}],"curies":[{"name":"wp","href":"https:\/\/api.w.org\/{rel}","templated":true}]}}