{"id":101538,"date":"2021-12-21T11:30:46","date_gmt":"2021-12-21T14:30:46","guid":{"rendered":"https:\/\/www.novaconcursos.com.br\/portal\/?post_type=nc-public-tender&#038;p=101538"},"modified":"2025-04-16T13:55:46","modified_gmt":"2025-04-16T16:55:46","slug":"concurso-guarda-de-sao-goncalo-rj","status":"publish","type":"post","link":"https:\/\/www.novaconcursos.com.br\/portal\/concursos\/concurso-guarda-de-sao-goncalo-rj\/","title":{"rendered":"Concurso Guarda de S\u00e3o Gon\u00e7alo RJ com 160 vagas \u00e9 retomado!"},"content":{"rendered":"<p>Os candidatos inscritos no concurso Guarda de S\u00e3o Gon\u00e7alo \u2013 RJ, devem ficar extremamente atentos. Isso porque, <strong>o certame foi retomado <\/strong>e um edital com as novas informa\u00e7\u00f5es e detalhes foi publicado.<\/p>\n\n\n\n<p>Lembrando que as provas j\u00e1 haviam sido suspensas uma vez e um <strong>novo cronograma<\/strong> chegou a ser divulgado, agendando as provas para 23 de maio. Por\u00e9m, as avalia\u00e7\u00f5es foram novamente <strong>adiadas.<\/strong><\/p>\n\n\n\n<p>Al\u00e9m disso, <b>as inscri\u00e7\u00f5es ser\u00e3o reabertas<\/b>, de forma que os concurseiros interessados no certame ainda possuem a oportunidade de concorrer a uma das vagas!<\/p>\n\n\n\n<h2 class=\"wp-block-heading\" id=\"situao-atual-do-concurso-guarda-municipal-de-so-gonalo-rj\">Situa\u00e7\u00e3o atual do concurso Guarda Municipal de S\u00e3o Gon\u00e7alo \u2013 RJ<\/h2>\n\n\n\n<p>Ap\u00f3s ficar suspenso durante um bom tempo, o prefeito Nelson Ruas anunciou a retomada do <strong>concurso p\u00fablico da Guarda de S\u00e3o Gon\u00e7alo RJ.\u00a0<\/strong>\u00a0Confira o documento!\u00a0<\/p>\n\n\n\n<p>Agora, um <strong>novo edital<\/strong> foi publicado para a retomada da sele\u00e7\u00e3o, com novas datas e informa\u00e7\u00f5es. Vale lembrar que foram registradas no total <strong>12.419 inscri\u00e7\u00f5es<\/strong> no concurso, o que d\u00e1 quase 78 candidatos para cada uma das 160 vagas ofertadas. Ademais, com a reabertura das inscri\u00e7\u00f5es esse n\u00famero pode ser <strong>ainda maior.<\/strong><\/p>\n\n\n\n<p>\u00c9 igualmente importante destacar que o edital do certame \u00e9 organizado pelo Instituto Selecon e j\u00e1 havia sofrido retifica\u00e7\u00e3o. A mudan\u00e7a foi referente ao conte\u00fado program\u00e1tico, na disciplina de Direito Constitucional.<\/p>\n\n\n\n<h2 class=\"wp-block-heading\" id=\"concurso-guarda-municipal-de-so-gonalo-rj-inscries\">Concurso Guarda Municipal de S\u00e3o Gon\u00e7alo \u2013 RJ: inscri\u00e7\u00f5es<\/h2>\n\n\n\n<p>Portanto, com a abertura do edital de retomada a decis\u00e3o tomada foi a de que ocorrer\u00e1 a reabertura das inscri\u00e7\u00f5es. Sendo assim, os concurseiros poder\u00e3o realizar o processo entre os dias <strong>23 de dezembro e 20 de fevereiro<\/strong>, por meio do site da banca organizadora.<\/p>\n\n\n\n<p>Al\u00e9m disso, ser\u00e1 necess\u00e1rio que os candidatos efetuem, <strong>at\u00e9 o dia 21 de fevereiro<\/strong>, o pagamento da taxa de inscri\u00e7\u00e3o, que possui o valor de <strong>R$80,00.<\/strong><\/p>\n\n\n\n<p>Ademais, entre os dias 21 e 22 de dezembro poder\u00e3o solicitar a <strong>isen\u00e7\u00e3o de taxa<\/strong> os candidatos que se encaixem nos seguintes perfis:<\/p>\n\n\n\n<ul class=\"wp-block-list\"><li>inscrito no Cadastro \u00danico para Programas Sociais do Governo Federal (Cad\u00danico);<\/li>\n\n\n\n<li>membro de fam\u00edlia de baixa renda.<\/li>\n<\/ul><h2 class=\"wp-block-heading\" id=\"guarda-municipal-de-so-gonalo-rj-carreira\">Guarda Municipal de S\u00e3o Gon\u00e7alo \u2013 RJ: carreira<\/h2>\n\n\n\n<h3 class=\"wp-block-heading\">Vagas e remunera\u00e7\u00f5es<\/h3>\n\n\n\n<p>Em suma, o certame oferta <strong>160 vagas<\/strong> para o cargo de <strong>Guarda Municipal<\/strong>, sendo <strong>40 vagas<\/strong> de car\u00e1ter imediato e <strong>120 vagas<\/strong> para forma\u00e7\u00e3o de cadastro reserva, com exig\u00eancia apenas do <strong>ensino m\u00e9dio completo<\/strong>.<\/p>\n\n\n\n<p>\u00c0s <strong>pessoas com defici\u00eancia,<\/strong> amparadas pela Lei n\u00ba 388, de 2011 e de suas altera\u00e7\u00f5es, e nos termos do edital, ser\u00e1 reservado o percentual de <strong>5%<\/strong> (cinco por cento) das vagas oferecidas no concurso p\u00fablico.<\/p>\n\n\n\n<p>Ademais, caso as vagas oferecidas \u00e0s pessoas com defici\u00eancia<strong> n\u00e3o sejam preenchidas<\/strong>, poder\u00e3o ser ocupadas por outras pessoas aprovadas e classificadas no concurso.<\/p>\n\n\n\n<p>Al\u00e9m disso, o sal\u00e1rio inicial para a carreira tem o valor de <strong>R$ 974,00<\/strong>, por\u00e9m com a somat\u00f3ria das gratifica\u00e7\u00f5es os ganhos podem chegar a <strong>R$ 3.506,47 <\/strong>para a jornada de trabalho de <strong>40<\/strong> horas semanais.<\/p>\n\n\n\n<h3 class=\"wp-block-heading\">Atribui\u00e7\u00f5es<\/h3>\n\n\n\n<p><strong>I \u2013<\/strong> Executar tarefas na \u00e1rea de patrulhamento, de inspe\u00e7\u00e3o, vigil\u00e2ncia e prote\u00e7\u00e3o das instala\u00e7\u00f5es, servi\u00e7os e bens municipais;<br><strong>II \u2013<\/strong> Atuar na aplica\u00e7\u00e3o de primeiros socorros, no monitoramento de sistema eletr\u00f4nico de vigil\u00e2ncia e alarmes e auxilia na fiscaliza\u00e7\u00e3o de tr\u00e2nsito;<br><strong>III \u2013<\/strong> Dirige e operar viaturas, ve\u00edculos especiais e n\u00e1uticos; colabora com a observ\u00e2ncia do C\u00f3digo de Postura Municipal;<br><strong>IV \u2013<\/strong> Atende as reclama\u00e7\u00f5es de perturba\u00e7\u00f5es de repouso dos mun\u00edcipes;<br><strong>V \u2013<\/strong> Previne inc\u00eandios nos bosques e aciona medidas visando sua extin\u00e7\u00e3o;<br><strong>VI \u2013<\/strong> Mant\u00e9m a vigil\u00e2ncia em feiras livres;<br><strong>VII \u2013<\/strong> Dirige viaturas, quando em servi\u00e7o de grupo ou quando lhe for determinado pelos seus superiores;<br><strong>VIII \u2013<\/strong> Auxilia na deten\u00e7\u00e3o e pris\u00e3o de infratores da lei, encaminhando-os \u00e0 Delegacia de Pol\u00edcia mais pr\u00f3xima;<br><strong>IX \u2013<\/strong> Interv\u00e9m em casos de acidente, inc\u00eandio e outros sinistros para providenciar ou tomar as medidas mais urgentes.<\/p>\n\n\n\n<h3 class=\"wp-block-heading\">Requisitos b\u00e1sicos<\/h3>\n\n\n\n<p>\u00c9 igualmente importante mencionar que os <strong>requisitos b\u00e1sicos<\/strong> para investidura do cargo s\u00e3o, cumulativamente, os seguintes:<\/p>\n\n\n\n<p><strong>a)<\/strong> ter sido aprovado, considerado apto e recomendado, nas etapas do concurso p\u00fablico e na Investiga\u00e7\u00e3o Social, de acordo com as caracter\u00edsticas de avalia\u00e7\u00e3o de cada uma, e estar classificado dentro do n\u00famero de vagas ofertadas, na forma estabelecida no edital, seus anexos e em eventuais retifica\u00e7\u00f5es;<br><strong>b)<\/strong> ser brasileiro nato ou naturalizado, ou, em caso de nacionalidade portuguesa, estar amparado pelo estatuto de igualdade entre brasileiros e portugueses, com reconhecimento de gozo de direitos pol\u00edticos, nos termos do \u00a71\u00b0, do artigo 12, da Constitui\u00e7\u00e3o Federal;<br><strong>c)<\/strong> estar quite com as obriga\u00e7\u00f5es eleitorais, para os candidatos de ambos os sexos;<br><strong>d)<\/strong> estar quite com as obriga\u00e7\u00f5es militares, para os candidatos do sexo masculino;<br><strong>e)<\/strong> encontrar-se em pleno gozo de seus direitos pol\u00edticos e civis;<br><strong>f)<\/strong> n\u00e3o ter sofrido, no exerc\u00edcio de fun\u00e7\u00e3o p\u00fablica, penalidade incompat\u00edvel com nova investidura em cargo p\u00fablico;<br><strong>g)<\/strong> possuir, at\u00e9 a data da posse, diploma de Ensino M\u00e9dio ou equivalente, fornecido por institui\u00e7\u00e3o de ensino reconhecida pelo Minist\u00e9rio da Educa\u00e7\u00e3o, comprovado atrav\u00e9s da apresenta\u00e7\u00e3o de original e c\u00f3pia do respectivo documento;<br><strong>h)<\/strong> estar apto, f\u00edsica e mentalmente, n\u00e3o apresentando defici\u00eancia que o incapacite para o exerc\u00edcio das fun\u00e7\u00f5es do cargo, fato apurado pela Per\u00edcia M\u00e9dica Oficial do Munic\u00edpio de S\u00e3o Gon\u00e7alo-RJ;<br><strong>i)<\/strong> possuir idade m\u00ednima de 18 (dezoito) anos, na data da posse;<br><strong>j)<\/strong> apresentar declara\u00e7\u00e3o negativa de antecedentes criminais Municipais e Estaduais do local onde reside e ainda Federal;<br><strong>k)<\/strong> n\u00e3o acumular cargos, empregos ou fun\u00e7\u00f5es p\u00fablicas, salvo nos casos constitucionalmente admitidos;<br><strong>l)<\/strong> cumprir, na \u00edntegra, as determina\u00e7\u00f5es previstas no edital de abertura do concurso p\u00fablico;<br><strong>m)<\/strong> apresentar declara\u00e7\u00e3o de bens, incluindo os dependentes.<\/p>\n\n\n\n<h2 class=\"wp-block-heading\" id=\"como-sero-as-provas-do-concurso-guarda-de-so-gonalo-rj\">Como ser\u00e3o as provas do concurso Guarda de S\u00e3o Gon\u00e7alo \u2013 RJ?<\/h2>\n\n\n\n<p>Por fim, a avalia\u00e7\u00e3o dos candidatos ser\u00e1 por meio de <strong>05 (cinco) etapas<\/strong>, sendo elas:<\/p>\n\n\n\n<p><strong>1\u00aa Etapa<\/strong>: Prova Objetiva, de car\u00e1ter classificat\u00f3rio e eliminat\u00f3rio (3 de abril);<br><strong>2\u00aa Etapa<\/strong>: Exame de Aptid\u00e3o F\u00edsica \u2013 EAF, de car\u00e1ter eliminat\u00f3rio (5 de junho);<br><strong>3\u00aa Etapa<\/strong>: Avalia\u00e7\u00e3o Psicol\u00f3gica, de car\u00e1ter eliminat\u00f3rio (19 de junho);<br><strong>4\u00aa Etapa<\/strong>: Exame M\u00e9dico, de car\u00e1ter eliminat\u00f3rio (6 e 7 de agosto);<br><strong>5\u00aa Etapa<\/strong>: Investiga\u00e7\u00e3o Social, de car\u00e1ter eliminat\u00f3rio.<\/p>\n\n\n\n<h3 class=\"wp-block-heading\">Confira os detalhes sobre as avalia\u00e7\u00f5es<\/h3>\n\n\n\n<h4 class=\"wp-block-heading\">Prova Objetiva<\/h4>\n\n\n\n<p>Primeiramente, a Prova Objetiva ser\u00e1 do tipo m\u00faltipla escolha, com <strong>80 quest\u00f5es<\/strong> de quatro alternativas cada, das quais apenas uma deve ser assinalada, sendo avaliada na escala de 0 a 100 pontos. A etapa, com dura\u00e7\u00e3o total de <strong>3h30<\/strong>, ser\u00e1 eliminat\u00f3ria e classificat\u00f3ria, sendo constitu\u00edda da seguinte maneira:<\/p>\n\n\n\n<p><strong>Ser\u00e1 eliminado do concurso p\u00fablico<\/strong> o candidato que n\u00e3o obtiver, pelo menos, <strong>50%<\/strong> (cinquenta por cento) dos pontos da prova objetiva, ou seja, 50 (cinquenta pontos) e\/ou zerar qualquer das disciplinas.<\/p>\n\n\n\n<p>O <strong>conte\u00fado program\u00e1tico<\/strong> da prova ir\u00e1 constar as seguintes disciplinas:<\/p>\n\n\n\n<p>\u2666 L\u00edngua Portuguesa: 15 quest\u00f5es;<br>\u2666 No\u00e7\u00f5es de Direito (Constitucional, Direito Penal, Direito Processual Penal e Direito Administrativo): 20 quest\u00f5es;<br>\u2666 Legisla\u00e7\u00e3o Extravagante: 15 quest\u00f5es;<br>\u2666 Conhecimentos Espec\u00edficos (Legisla\u00e7\u00e3o da GM\/SG): 20 quest\u00f5es;<br>\u2666 Inform\u00e1tica: 10 quest\u00f5es.<\/p>\n\n\n\n<h4 class=\"wp-block-heading\">Exame de Aptid\u00e3o F\u00edsica (EAF)<\/h4>\n\n\n\n<p><strong>Os candidatos para esta prova dever\u00e3o:<\/strong> Apresentar-se com roupa apropriada, usando short ou malha, camisa e cal\u00e7ando t\u00eanis.<\/p>\n\n\n\n<p>Ademais, devem estar munidos de <strong>ATESTADO M\u00c9DICO<\/strong> original emitido, no m\u00e1ximo, h\u00e1 <strong>15 (quinze) dias da data da prova<\/strong> (inclusive), que certifique, especificamente, estar apto para a realiza\u00e7\u00e3o de esfor\u00e7o f\u00edsico previsto para a execu\u00e7\u00e3o do exame de aptid\u00e3o f\u00edsica (EAF).<\/p>\n\n\n\n<p>Os <strong>exerc\u00edcios<\/strong> cobrados no Exame de Aptid\u00e3o F\u00edsica (EAF), ser\u00e3o os seguintes:<\/p>\n\n\n\n<h4 class=\"wp-block-heading\">Sexo Masculino<\/h4>\n\n\n\n<p>\u2013 Flex\u00e3o Abdominal: 30 repeti\u00e7\u00f5es;<br>\u2013 Flex\u00e3o de C\u00fabitos (bra\u00e7os): 30 repeti\u00e7\u00f5es;<br>\u2013 Corrida de Velocidade: 100 metros;<br>\u2013 Corrida de Resist\u00eancia: 2.400 metros.<\/p>\n\n\n\n<h4 class=\"wp-block-heading\">Sexo Feminino<\/h4>\n\n\n\n<p>\u2013 Flex\u00e3o Abdominal: 25 repeti\u00e7\u00f5es;<br>\u2013 Flex\u00e3o de C\u00fabitos (bra\u00e7os): 20 repeti\u00e7\u00f5es;<br>\u2013 Corrida de Velocidade: 100 metros;<br>\u2013 Corrida de Resist\u00eancia: 2.000 metros.<\/p>\n\n\n\n<h4 class=\"wp-block-heading\" id=\"psicologica\">Avalia\u00e7\u00e3o Psicol\u00f3gica<\/h4>\n\n\n\n<p>Por fim, realizar\u00e3o essa etapa todos os candidatos ao cargo de Guarda Municipal considerados APTOS no <strong>Exame de Aptid\u00e3o F\u00edsica (EAF)<\/strong>.<\/p>\n\n\n\n<p>A Avalia\u00e7\u00e3o Psicol\u00f3gica para fins de sele\u00e7\u00e3o de candidatos \u00e9 um processo realizado mediante o emprego de um conjunto de procedimentos objetivos e cient\u00edficos, que permite identificar se o candidato preenche os <strong>padr\u00f5es psicol\u00f3gicos exigidos<\/strong> e as caracter\u00edsticas para um melhor desempenho da fun\u00e7\u00e3o.<\/p>\n\n\n\n<p>Tais atividades submetem o indiv\u00edduo a fortes <strong>press\u00f5es externas e emocionais<\/strong>, a riscos diversos, al\u00e9m de responsabilidade, penal e administrativa.<\/p>","protected":false},"excerpt":{"rendered":"<p>Os candidatos inscritos no concurso Guarda de S\u00e3o Gon\u00e7alo \u2013 RJ, devem ficar extremamente atentos. Isso porque, o certame foi retomado e um edital com as novas informa\u00e7\u00f5es e detalhes foi publicado.<br \/>\nLembrando que as provas j\u00e1 haviam sido suspensas uma vez e um novo cronograma chegou a ser divulgado, agendando as provas para 23 de maio. Por\u00e9m, as avalia\u00e7\u00f5es foram novamente adiadas.<br \/>\nAl\u00e9m disso, as inscri\u00e7\u00f5es ser\u00e3o reabertas, de forma que os concurseiros interessados no certame ainda possuem a oportunidade de concorrer a uma das vagas!<\/p>\n","protected":false},"author":16,"featured_media":151333,"comment_status":"closed","ping_status":"closed","sticky":false,"template":"","format":"standard","meta":{"_acf_changed":false,"footnotes":"","_wp_rev_ctl_limit":""},"categories":[44999],"tags":[],"class_list":["post-101538","post","type-post","status-publish","format-standard","has-post-thumbnail","hentry","category-concursos"],"acf":[],"_links":{"self":[{"href":"https:\/\/www.novaconcursos.com.br\/portal\/wp-json\/wp\/v2\/posts\/101538","targetHints":{"allow":["GET"]}}],"collection":[{"href":"https:\/\/www.novaconcursos.com.br\/portal\/wp-json\/wp\/v2\/posts"}],"about":[{"href":"https:\/\/www.novaconcursos.com.br\/portal\/wp-json\/wp\/v2\/types\/post"}],"author":[{"embeddable":true,"href":"https:\/\/www.novaconcursos.com.br\/portal\/wp-json\/wp\/v2\/users\/16"}],"replies":[{"embeddable":true,"href":"https:\/\/www.novaconcursos.com.br\/portal\/wp-json\/wp\/v2\/comments?post=101538"}],"version-history":[{"count":15,"href":"https:\/\/www.novaconcursos.com.br\/portal\/wp-json\/wp\/v2\/posts\/101538\/revisions"}],"predecessor-version":[{"id":279612,"href":"https:\/\/www.novaconcursos.com.br\/portal\/wp-json\/wp\/v2\/posts\/101538\/revisions\/279612"}],"wp:featuredmedia":[{"embeddable":true,"href":"https:\/\/www.novaconcursos.com.br\/portal\/wp-json\/wp\/v2\/media\/151333"}],"wp:attachment":[{"href":"https:\/\/www.novaconcursos.com.br\/portal\/wp-json\/wp\/v2\/media?parent=101538"}],"wp:term":[{"taxonomy":"category","embeddable":true,"href":"https:\/\/www.novaconcursos.com.br\/portal\/wp-json\/wp\/v2\/categories?post=101538"},{"taxonomy":"post_tag","embeddable":true,"href":"https:\/\/www.novaconcursos.com.br\/portal\/wp-json\/wp\/v2\/tags?post=101538"}],"curies":[{"name":"wp","href":"https:\/\/api.w.org\/{rel}","templated":true}]}}