{"id":101774,"date":"2020-05-27T09:04:00","date_gmt":"2020-05-27T12:04:00","guid":{"rendered":"https:\/\/www.novaconcursos.com.br\/portal\/?p=101774"},"modified":"2020-05-28T15:36:21","modified_gmt":"2020-05-28T18:36:21","slug":"concurso-pcdf-bolsonaro-assina-mp-aprovando-reajustes-para-policiais-do-df","status":"publish","type":"post","link":"https:\/\/www.novaconcursos.com.br\/portal\/noticias\/concurso-pcdf-bolsonaro-assina-mp-aprovando-reajustes-para-policiais-do-df\/","title":{"rendered":"Concurso PCDF: Bolsonaro assina MP aprovando reajustes para policiais do DF!"},"content":{"rendered":"<p>Foi sancionada pelo presidente Jair Bolsonaro, a <strong>Medida Provis\u00f3ria (<a rel=\"noreferrer noopener\" aria-label=\"MP (abre numa nova aba)\" href=\"https:\/\/www.novaconcursos.com.br\/\" target=\"_blank\">MP<\/a>)<\/strong> que permite <strong>reajuste salarial para policiais e bombeiros do Distrito Federal<\/strong>.<\/p>\n\n\n\n<p>[mauticform id=\u201d226\u2033 chamada=\u201dVoc\u00ea receber\u00e1 as Principais etapas do Concurso, Estat\u00edsticas por Disciplina e Muito mais!!\u201d titulo=\u201dBAIXE GR\u00c1TIS: Raio-X PC-DF ATUALIZADO | Escriv\u00e3o!\u201d track=\u201dform-raio-x-pc-df\u201d]<\/p>\n\n\n\n<h2 class=\"wp-block-heading\" id=\"reajuste-salarial-na-pcdf\">Reajuste salarial na PCDF<\/h2>\n\n\n\n<p>Foi editado pelo presidente da Rep\u00fablica, Jair Bolsonaro, <strong>a Medida Provis\u00f3ria (MP) que permite o reajuste salarial para as Pol\u00edcias Militar e Civil e o Corpo de Bombeiros do Distrito Federal<\/strong>. O ato ocorre um dia antes do presidente sancionar o aux\u00edlio aos estados e munic\u00edpios, com veto ao reajuste dos servidores p\u00fablicos.<\/p>\n\n\n\n<p>Nas \u00faltimas semanas, o secret\u00e1rio de Seguran\u00e7a P\u00fablica do Distrito Federal, Anderson Torres, esteve reunido com o ministro da Secretaria-Geral da Presid\u00eancia, Jorge Oliveira, <strong>com o objetivo de viabilizar o sinal verde do Planalto para a Medida Provis\u00f3ria<\/strong>.<\/p>\n\n\n\n<p>O acordo de recomposi\u00e7\u00e3o faz parte de uma miss\u00e3o priorit\u00e1ria do governador Ibaneis Rocha desde o in\u00edcio de sua gest\u00e3o. O Distrito Federal enviou o <strong>projeto ao Planalto ap\u00f3s encontros com representantes das for\u00e7as de Seguran\u00e7a e de associa\u00e7\u00f5es das categorias para debater os termos do documento<\/strong>.<\/p>\n\n\n\n<p><em>\u201cH\u00e1 mais de um ano, o Governo do Distrito Federal viu que precisava recompor os sal\u00e1rios das pol\u00edcias. Fatores como a mudan\u00e7a da al\u00edquota da Previd\u00eancia e altera\u00e7\u00e3o de tempo de servi\u00e7o refor\u00e7aram esse entendimento. Esse reajuste ajudar\u00e1 a amortizar o impacto, inclusive inflacion\u00e1rio, nos pagamentos das corpora\u00e7\u00f5es\u201d<\/em>, informou Anderson Santos.<\/p>\n\n\n\n<p>No come\u00e7o de 2019, foi enviado o projeto de reajuste salarial para a PM-DF, a PCDF e o Corpo de Bombeiros do Distrito Federal ao Planalto pelo governo. \u00c9 fixado no texto, a recomposi\u00e7\u00e3o de <strong>25%<\/strong> sobre a Vantagem Pecuni\u00e1ria Especial (VPE) para os <strong>policiais militares e bombeiro<\/strong>s. Para <strong>policiais civis, o aumento \u00e9 de 8%<\/strong>.<\/p>\n\n\n\n<p><em>\u201cA porcentagem da PM e dos Bombeiros \u00e9 calculada sobre uma gratifica\u00e7\u00e3o, ou seja, sobre parte do sal\u00e1rio\u201d<\/em>, salienta o secret\u00e1rio.<\/p>\n\n\n\n<p>De acordo com Anderson Torres, o aumento est\u00e1 dentro da m\u00e9dia de 8% para ambas as corpora\u00e7\u00f5es. <em>\u201cPelo fato de as estruturas das carreiras militares e da Pol\u00edcia Civil serem muito distintas, nossa meta foi garantir os valores finais bem pr\u00f3ximo, para mant\u00ea-los o mais justo poss\u00edvel\u201d<\/em>.<\/p>\n\n\n\n<div class=\"wp-block-image\"><figure class=\"aligncenter size-large is-resized\"><img decoding=\"async\" src=\"https:\/\/www.novaconcursos.com.br\/portal\/wp-content\/uploads\/2019\/09\/PCDF.jpg\" alt=\"\" class=\"wp-image-90829\" width=\"794\" height=\"529\" loading=\"lazy\" title=\"\" srcset=\"https:\/\/www.novaconcursos.com.br\/portal\/wp-content\/uploads\/2019\/09\/PCDF-300x200.jpg 300w, https:\/\/www.novaconcursos.com.br\/portal\/wp-content\/uploads\/2019\/09\/PCDF.jpg 840w\" sizes=\"auto, (max-width: 480px) 100vw, (max-width: 768px) 100vw, (max-width: 1200px) 70vw, 768px\"><\/figure><\/div>\n\n\n\n<p>O vice-governador, Paco Britto, em coletiva de imprensa ap\u00f3s a cerim\u00f4nia, informou que a <strong>Medida Provis\u00f3ria assinada pelo presidente \u00e9 uma recomposi\u00e7\u00e3o e n\u00e3o um aumento<\/strong>.<\/p>\n\n\n\n<p><em>\u201cN\u00e3o estamos falando de um reajuste, estamos falando de uma recomposi\u00e7\u00e3o de anos atr\u00e1s, igual aconteceu com os outros ex-territ\u00f3rios\u201d<\/em>.<\/p>\n\n\n\n<p>Segundo Britto, os policiais dos ex-territ\u00f3rios (hoje estados) de <strong>Rond\u00f4nia, Roraima e Amap\u00e1<\/strong> tamb\u00e9m forma inclu\u00eddos na <strong>Medida Provis\u00f3ria<\/strong>.<\/p>\n\n\n\n<p>Conforme informado pelo relator da proposta, senador Eduardo\nGomes (MDB-TO), o reajuste n\u00e3o implicar\u00e1 aumento das despesas previstas no or\u00e7amento\nde 2020 e os recursos sair\u00e3o do Fundo Constitucional do Distrito Federal.<\/p>\n\n\n\n<p>Ao todo, ser\u00e3o destinados <strong>R$ 364,29 milh\u00f5es<\/strong> do fundo para conceder o reajuste para todos os postos da Pol\u00edcia Militar e do Corpo de Bombeiros do Distrito Federal, al\u00e9m de <strong>R$ 140,68 milh\u00f5es <\/strong>no valor dos subs\u00eddios para as carreias da Pol\u00edcia Civil do Distrito Federal.<\/p>\n\n\n\n<h2 class=\"wp-block-heading\" id=\"concurso-pcdf-est-encaminhado\">Concurso PCDF est\u00e1 encaminhado<\/h2>\n\n\n\n<p>No momento, o Distrito Federal tem dois concursos para a Pol\u00edcia Civil encaminhados, que somam <strong>2.100 vagas<\/strong>. O primeiro, voltado para o cargo de <strong>Escriv\u00e3o<\/strong>, j\u00e1 teve seu edital divulgado e oferta <strong>300 vagas<\/strong>.<\/p>\n\n\n\n<p><strong>O per\u00edodo para inscri\u00e7\u00e3o j\u00e1 foi encerrado, e o certame registrou 52.000 inscritos<\/strong>. As provas objetivas estavam marcadas para o dia 15 de mar\u00e7o, mas foram suspensas devido a pandemia do Covid-19.<\/p>\n\n\n\n<p>J\u00e1 o <strong>concurso PCDF<\/strong> para o cargo de <strong>Agente<\/strong>, ir\u00e1 contemplar <strong>1.800 vagas<\/strong>. O edital deve ser publicado at\u00e9 junho, por meio da banca organizadora, <strong>Cebraspe<\/strong>. Para pleitear uma vaga, \u00e9 necess\u00e1rio ter o<strong> n\u00edvel superior em qualquer \u00e1rea <\/strong>e Carteira Nacional de Habilita\u00e7\u00e3o <strong>(CNH) v\u00e1lida a partir da categoria B<\/strong>.<\/p>\n\n\n\n<p>A jornada de trabalho ser\u00e1 de <strong>40 horas semanais<\/strong>, em dedica\u00e7\u00e3o exclusiva, com sal\u00e1rios iniciais de <strong>R$ 8.698,78<\/strong>, mais benef\u00edcios, podendo chegar a mais de <strong>R$ 13.000,00<\/strong>, com as progress\u00f5es.<\/p>\n\n\n\n<p>No dia 13 de maio, <strong>a Pol\u00edcia Civil do Distrito Federal divulgou altera\u00e7\u00f5es no regulamento que rege as admiss\u00f5es para todos os cargos<\/strong>, o que deve impactar os novos concursos. As mudan\u00e7as foram referentes a:<\/p>\n\n\n\n<ul class=\"wp-block-list\"><li>Reserva de vagas;<\/li><\/ul><ul class=\"wp-block-list\"><li>Lactantes e Gestantes;<\/li><\/ul><ul class=\"wp-block-list\"><li>TAF;<\/li><\/ul><ul class=\"wp-block-list\"><li>Prova de T\u00edtulos. <\/li><\/ul>","protected":false},"excerpt":{"rendered":"<p>Foi sancionada pelo presidente Jair Bolsonaro, a Medida Provis\u00f3ria (MP) que permite reajuste salarial para policiais e bombeiros do Distrito Federal. [mauticform id=\u201d226\u2033 chamada=\u201dVoc\u00ea receber\u00e1 as Principais etapas do Concurso, Estat\u00edsticas por Disciplina e Muito mais!!\u201d titulo=\u201dBAIXE GR\u00c1TIS: Raio-X PC-DF ATUALIZADO | Escriv\u00e3o!\u201d track=\u201dform-raio-x-pc-df\u201d] Reajuste salarial na PCDF Foi editado pelo presidente da Rep\u00fablica, Jair [&hellip;]<\/p>\n","protected":false},"author":16,"featured_media":93907,"comment_status":"closed","ping_status":"closed","sticky":false,"template":"","format":"standard","meta":{"_acf_changed":false,"footnotes":"","_wp_rev_ctl_limit":""},"categories":[228],"tags":[],"class_list":["post-101774","post","type-post","status-publish","format-standard","has-post-thumbnail","hentry","category-noticias"],"acf":[],"_links":{"self":[{"href":"https:\/\/www.novaconcursos.com.br\/portal\/wp-json\/wp\/v2\/posts\/101774","targetHints":{"allow":["GET"]}}],"collection":[{"href":"https:\/\/www.novaconcursos.com.br\/portal\/wp-json\/wp\/v2\/posts"}],"about":[{"href":"https:\/\/www.novaconcursos.com.br\/portal\/wp-json\/wp\/v2\/types\/post"}],"author":[{"embeddable":true,"href":"https:\/\/www.novaconcursos.com.br\/portal\/wp-json\/wp\/v2\/users\/16"}],"replies":[{"embeddable":true,"href":"https:\/\/www.novaconcursos.com.br\/portal\/wp-json\/wp\/v2\/comments?post=101774"}],"version-history":[{"count":3,"href":"https:\/\/www.novaconcursos.com.br\/portal\/wp-json\/wp\/v2\/posts\/101774\/revisions"}],"predecessor-version":[{"id":101835,"href":"https:\/\/www.novaconcursos.com.br\/portal\/wp-json\/wp\/v2\/posts\/101774\/revisions\/101835"}],"wp:featuredmedia":[{"embeddable":true,"href":"https:\/\/www.novaconcursos.com.br\/portal\/wp-json\/wp\/v2\/media\/93907"}],"wp:attachment":[{"href":"https:\/\/www.novaconcursos.com.br\/portal\/wp-json\/wp\/v2\/media?parent=101774"}],"wp:term":[{"taxonomy":"category","embeddable":true,"href":"https:\/\/www.novaconcursos.com.br\/portal\/wp-json\/wp\/v2\/categories?post=101774"},{"taxonomy":"post_tag","embeddable":true,"href":"https:\/\/www.novaconcursos.com.br\/portal\/wp-json\/wp\/v2\/tags?post=101774"}],"curies":[{"name":"wp","href":"https:\/\/api.w.org\/{rel}","templated":true}]}}