{"id":102291,"date":"2025-10-14T09:49:56","date_gmt":"2025-10-14T12:49:56","guid":{"rendered":"https:\/\/www.novaconcursos.com.br\/portal\/?post_type=nc-public-tender&#038;p=102291"},"modified":"2025-10-28T16:29:12","modified_gmt":"2025-10-28T19:29:12","slug":"concurso-mp-ap","status":"publish","type":"post","link":"https:\/\/www.novaconcursos.com.br\/portal\/concursos\/concurso-mp-ap\/","title":{"rendered":"Concurso MP AP: Inscri\u00e7\u00f5es abertas! Sal\u00e1rio de R$7 mil!"},"content":{"rendered":"<p>Aten\u00e7\u00e3o, concurseiros! O edital do concurso MP AP\u00a0(Minist\u00e9rio P\u00fablico do Amap\u00e1) foi publicado! O certame est\u00e1 oferecendo 15 vagas para T\u00e9cnico (n\u00edvel m\u00e9dio) e Analista (n\u00edvel superior), al\u00e9m da forma\u00e7\u00e3o de cadastro reserva para \u00e1rea de apoio.<\/p>\n\n\n\n<p><strong><mark style=\"background-color:rgba(0, 0, 0, 0)\" class=\"has-inline-color has-vivid-red-color\">As inscri\u00e7\u00f5es estar\u00e3o aberta at\u00e9 o dia 29 de outubro de 2025<\/mark><\/strong>, no site da Funda\u00e7\u00e3o Carlos Chagas (FCC), com taxa de participa\u00e7\u00e3o que varia entre R$ 100 e R$ 120,00, de acordo com o cargo escolhido. A sele\u00e7\u00e3o dos candidatos ser\u00e1 feita por meio de provas objetiva e discursiva, marcadas para 18 de janeiro de 2026.<a href=\"https:\/\/sndflw.com\/i\/rumo-aprovacao\" target=\"_blank\" rel=\"noreferrer noopener\"><\/a><\/p>\n\n\n\n<p>As remunera\u00e7\u00f5es iniciais do concurso MP AP variam entre <em>R$ 5.861,38 e R$ 7.978,05<\/em>. Quer saber todos os detalhes sobre cargos, sal\u00e1rios, etapas e prazos? Continue lendo a mat\u00e9ria completa e prepare-se com anteced\u00eancia para garantir sua vaga no concurso MP AP!<\/p>\n\n\n\n<h2 class=\"wp-block-heading\" id=\"principais-datas-do-concurso-mp-ap\">Principais datas do concurso MP AP<\/h2>\n\n\n\n<p>Confira as principais datas do concurso MP AP:<\/p>\n\n\n\n<ul class=\"wp-block-list\"><li>Prazo de inscri\u00e7\u00e3o: 29 de setembro a 29 de outubro de 2025<\/li>\n\n\n\n<li>Per\u00edodo de solicita\u00e7\u00e3o de isen\u00e7\u00e3o da taxa de inscri\u00e7\u00e3o: 29 de setembro a 3 de outubro de 2025<\/li>\n\n\n\n<li>\u00daltimo dia para fazer o pagamento da taxa de inscri\u00e7\u00e3o: 30 de outubro de 2025<\/li>\n\n\n\n<li>Prova objetiva e discursiva: 18 de janeiro de 2026<\/li>\n\n\n\n<li>Gabarito: 19 de janeiro de 2026<\/li>\n<\/ul><h2 class=\"wp-block-heading\" id=\"como-se-inscrever-no-concurso-mp-ap\">Como se inscrever no concurso MP AP?<\/h2>\n\n\n\n<p>As inscri\u00e7\u00f5es do concurso MP AP j\u00e1 est\u00e3o abertas! Os interessados poder\u00e3o se inscrever at\u00e9 <strong>\u00e0s 23h59min do dia 29 de outubro de 2025<\/strong>, por meio do site da banca organizadora do respons\u00e1vel pelo certame, a <a href=\"https:\/\/www.concursosfcc.com.br\/concursos\/mpeap125\/index.html\" target=\"_blank\" rel=\"noopener\">Funda\u00e7\u00e3o Carlos Chagas (FCC)<\/a>. <\/p>\n\n\n\n<ul class=\"wp-block-list\"><li>Acesse o Portal do Candidato no site da FCC.<br>Leia e aceite o Requerimento de Inscri\u00e7\u00e3o.<\/li>\n\n\n\n<li>Preencha o Formul\u00e1rio de Inscri\u00e7\u00e3o e transmita os dados pela internet.<br>Envie uma fotografia individual recente (cabe\u00e7a descoberta e ombros vis\u00edveis), seguindo as instru\u00e7\u00f5es do sistema.<\/li>\n\n\n\n<li>Gere o boleto banc\u00e1rio ao final da inscri\u00e7\u00e3o.<br>Efetue o pagamento da taxa dentro do hor\u00e1rio banc\u00e1rio, em qualquer banco do sistema de compensa\u00e7\u00e3o.<\/li>\n\n\n\n<li>Valor da inscri\u00e7\u00e3o: R$ 120,00 para Analista Ministerial (todas as \u00e1reas e especialidades).<br>Valor da inscri\u00e7\u00e3o: R$ 100,00 para T\u00e9cnico Ministerial (todas as \u00e1reas e especialidades).<\/li>\n<\/ul><p><strong>O boleto do concurso MP AP poder\u00e1 ser gerado at\u00e9 \u00e0s 22h do dia 30 de outubro de 2025.<\/strong><\/p>\n\n\n\n<h3 class=\"wp-block-heading\">Quem pode solicitar isen\u00e7\u00e3o?<\/h3>\n\n\n\n<p>Haver\u00e1 possibilidade de isen\u00e7\u00e3o da taxa de inscri\u00e7\u00e3o para candidatos do concurso MP AP que se enquadrarem em uma das seguintes condi\u00e7\u00f5es:<\/p>\n\n\n\n<ul class=\"wp-block-list\"><li>Reconhecidamente pobres, conforme a lei;<\/li>\n\n\n\n<li>Doadores de sangue;<\/li>\n\n\n\n<li>Eleitores convocados e nomeados pela Justi\u00e7a Eleitoral do Estado do Amap\u00e1;<\/li>\n\n\n\n<li>Doadores de medula \u00f3ssea;<\/li>\n\n\n\n<li>Estudantes ou egressos de institui\u00e7\u00f5es de ensino p\u00fablico;<\/li>\n\n\n\n<li>Inscritos no Cad\u00danico.<\/li>\n<\/ul><p>O prazo para solicita\u00e7\u00e3o da isen\u00e7\u00e3o no concurso MP AP ser\u00e1 das <strong>10h do dia 29 de setembro at\u00e9 as 23h59 do dia 3 de outubro de 2025<\/strong>, considerando o hor\u00e1rio de Bras\u00edlia.<\/p>\n\n\n\n<h2 class=\"wp-block-heading\" id=\"cargos-e-vagas-do-concurso-mp-ap\">Cargos e vagas do concurso MP AP<\/h2>\n\n\n\n<p>O concurso MP AP oferece <strong>15 vagas imediatas<\/strong>, al\u00e9m de forma\u00e7\u00e3o de <strong>cadastro de reserva<\/strong>, destinadas \u00e0 \u00e1rea de Apoio. As oportunidades est\u00e3o distribu\u00eddas entre cargos de n\u00edvel m\u00e9dio e superior.<\/p>\n\n\n\n<ul class=\"wp-block-list\"><li><strong>T\u00e9cnico Ministerial<\/strong>\n<ul class=\"wp-block-list\"><li>Apoio Administrativo: 10 vagas imediatas + cadastro de reserva<\/li>\n\n\n\n<li>T\u00e9cnico em Inform\u00e1tica: 1 vaga imediata + cadastro de reserva<\/li>\n<\/ul><\/li>\n\n\n\n<li><strong>Analista Ministerial<\/strong>\n<ul class=\"wp-block-list\"><li>Psicologia: cadastro de reserva<\/li>\n\n\n\n<li>Servi\u00e7o Social: cadastro de reserva<\/li>\n\n\n\n<li>Administra\u00e7\u00e3o: 1 vaga imediata + cadastro de reserva<\/li>\n\n\n\n<li>Arquitetura: cadastro de reserva<\/li>\n\n\n\n<li>Ci\u00eancias Cont\u00e1beis: 1 vaga imediata + cadastro de reserva<\/li>\n\n\n\n<li>Engenharia Civil: 1 vaga imediata + cadastro de reserva<\/li>\n\n\n\n<li>Tecnologia da Informa\u00e7\u00e3o: 1 vaga imediata + cadastro de reserva<\/li>\n<\/ul><\/li>\n<\/ul><p>Assim, o concurso MP AP contempla tanto fun\u00e7\u00f5es de apoio administrativo e t\u00e9cnico, quanto \u00e1reas espec\u00edficas de n\u00edvel superior, ampliando as chances para candidatos de diferentes forma\u00e7\u00f5es.<\/p>\n\n\n\n<h2 class=\"wp-block-heading\" id=\"salrios-do-concurso-mp-ap\">Sal\u00e1rios do concurso MP AP<\/h2>\n\n\n\n<p>De acordo com o edital do concurso MP AP, os sal\u00e1rios iniciais dos aprovados ser\u00e3o:<\/p>\n\n\n\n<p><strong>T\u00e9cnico Ministerial (todas as especialidades)<\/strong><\/p>\n\n\n\n<ul class=\"wp-block-list\"><li>Remunera\u00e7\u00e3o inicial: <strong>R$ 5.861,38<\/strong><\/li>\n\n\n\n<li>Padr\u00e3o: <strong>TM-00<\/strong><\/li>\n<\/ul><p><strong>Analista Ministerial (todos os cargos)<\/strong><\/p>\n\n\n\n<ul class=\"wp-block-list\"><li>Remunera\u00e7\u00e3o inicial: <strong>R$ 7.978,05<\/strong><\/li>\n\n\n\n<li>Padr\u00e3o: <strong>AM-00<\/strong><\/li>\n<\/ul><h2 class=\"wp-block-heading\" id=\"requisitos-\">Requisitos <\/h2>\n\n\n\n<p>De acordo com o edital do concurso MP AP, \u00e9 necess\u00e1rio:<\/p>\n\n\n\n<ul class=\"wp-block-list\"><li>Ser brasileiro (nato ou naturalizado) ou gozar das prerrogativas dos Decretos n\u00ba 70.391\/72 e n\u00ba 70.436\/72, e artigo 12, \u00a71\u00ba da Constitui\u00e7\u00e3o Federal;<\/li>\n\n\n\n<li>Ter idade m\u00ednima de 18 anos;<\/li>\n\n\n\n<li>Gozar dos direitos pol\u00edticos;<\/li>\n\n\n\n<li>Estar em dia com as obriga\u00e7\u00f5es eleitorais;<\/li>\n\n\n\n<li>Estar em dia com os deveres do Servi\u00e7o Militar, para candidatos do sexo masculino;<\/li>\n\n\n\n<li>Apresentar certid\u00f5es de antecedentes criminais da Justi\u00e7a Federal, Eleitoral, Militar (estadual e federal) e da Justi\u00e7a Estadual, dos lugares em que tenha residido nos \u00faltimos cinco anos;<\/li>\n\n\n\n<li>Possuir documentos comprobat\u00f3rios da escolaridade e pr\u00e9-requisitos do Cap\u00edtulo 2, al\u00e9m dos documentos citados no item 13.5 do Cap\u00edtulo 13 do edital;<\/li>\n\n\n\n<li>Ter aptid\u00e3o f\u00edsica e mental para o exerc\u00edcio das atribui\u00e7\u00f5es do cargo\/\u00e1rea\/especialidade;<\/li>\n\n\n\n<li>Apresentar outros documentos eventualmente solicitados por ocasi\u00e3o da posse.<\/li>\n<\/ul><p>Al\u00e9m disso, cada cargo do concurso MP AP exige requisitos espec\u00edficos de escolaridade, sendo:<\/p>\n\n\n\n<ul class=\"wp-block-list\"><li>T\u00e9cnico Ministerial (Apoio Administrativo): Certificado de conclus\u00e3o de ensino em n\u00edvel m\u00e9dio reconhecido pelo MEC.<\/li>\n\n\n\n<li>T\u00e9cnico Ministerial (Inform\u00e1tica): Certificado de conclus\u00e3o de ensino em n\u00edvel m\u00e9dio reconhecido pelo MEC, com habilita\u00e7\u00e3o em t\u00e9cnico de inform\u00e1tica.<\/li>\n\n\n\n<li>Analista Ministerial (Psicologia): Gradua\u00e7\u00e3o em curso superior de Psicologia reconhecido pelo MEC e com registro e\/ou inscri\u00e7\u00e3o no(s) \u00f3rg\u00e3o(s) de classe, na forma da lei ou ato normativo espec\u00edfico<\/li>\n\n\n\n<li>Analista Ministerial (Servi\u00e7o Social): Gradua\u00e7\u00e3o em curso superior de Servi\u00e7o Social reconhecido pelo MEC e com registro e\/ou inscri\u00e7\u00e3o no(s) \u00f3rg\u00e3o(s) de classe, na forma da lei ou ato normativo espec\u00edfico<\/li>\n\n\n\n<li>Analista Ministerial (Administra\u00e7\u00e3o): Gradua\u00e7\u00e3o em curso superior de Administra\u00e7\u00e3o ou Administra\u00e7\u00e3o P\u00fablica reconhecido pelo MEC e com registro e\/ou inscri\u00e7\u00e3o no(s) \u00f3rg\u00e3o(s) de classe, na forma da lei ou ato normativo espec\u00edfico<\/li>\n\n\n\n<li>Analista Ministerial (Arquitetura): Gradua\u00e7\u00e3o em curso superior de Arquitetura e Urbanismo reconhecido pelo MEC e com registro e\/ou inscri\u00e7\u00e3o no(s) \u00f3rg\u00e3o(s) competente(s), na forma da lei ou ato normativo espec\u00edfico.<\/li>\n\n\n\n<li>Analista Ministerial (Ci\u00eancias Cont\u00e1beis): Gradua\u00e7\u00e3o em curso superior de Ci\u00eancias Cont\u00e1beis reconhecido pelo MEC e com registro e\/ou inscri\u00e7\u00e3o no(s) \u00f3rg\u00e3o(s) de classe, na forma da lei ou ato normativo espec\u00edfico.<\/li>\n\n\n\n<li>Analista Ministerial (Engenharia Civil): Gradua\u00e7\u00e3o em curso superior de Engenharia Civil reconhecido pelo MEC e com registro e\/ou inscri\u00e7\u00e3o no(s) \u00f3rg\u00e3o(s) de classe, na forma da lei ou ato normativo espec\u00edfico<\/li>\n\n\n\n<li>Analista Ministerial (TI): Gradua\u00e7\u00e3o em curso superior de Ci\u00eancia da Computa\u00e7\u00e3o ou Sistemas de Informa\u00e7\u00e3o ou Tecnologia em Processamento de Dados ou outro curso com gradua\u00e7\u00e3o plena em inform\u00e1tica, reconhecido pelo MEC e com registro e\/ou inscri\u00e7\u00e3o no(s) \u00f3rg\u00e3o(s) de classe, na forma da lei ou ato normativo espec\u00edfico.<\/li>\n<\/ul><h2 class=\"wp-block-heading\" id=\"atribuies-do-concurso-mp-ap\">Atribui\u00e7\u00f5es do concurso MP AP<\/h2>\n\n\n\n<p>Veja, a seguir, as atribui\u00e7\u00f5es do concurso MP AP:<\/p>\n\n\n\n<h3 class=\"wp-block-heading\">T\u00e9cnico Ministerial \u2013 Especialidade: Apoio Administrativo<\/h3>\n\n\n\n<ul class=\"wp-block-list\"><li>Examinar, analisar e instruir processos, procedimentos e estudos t\u00e9cnicos;<\/li>\n\n\n\n<li>Prestar assist\u00eancia t\u00e9cnica, administrativa e operacional nos processos e procedimentos;<\/li>\n\n\n\n<li>Organizar o material de sua \u00e1rea de atua\u00e7\u00e3o;<\/li>\n\n\n\n<li>Efetuar dilig\u00eancias e pesquisas para a obten\u00e7\u00e3o de dados e informa\u00e7\u00f5es de interesse institucional;<\/li>\n\n\n\n<li>Promover o controle e a tramita\u00e7\u00e3o de documentos, expedientes, processos, procedimentos e materiais necess\u00e1rios ao funcionamento institucional;<\/li>\n\n\n\n<li>Realizar atendimentos ao p\u00fablico e prestar orienta\u00e7\u00f5es sobre mat\u00e9ria de seu interesse;<\/li>\n\n\n\n<li>Atuar em comiss\u00f5es, grupos de trabalho e na promo\u00e7\u00e3o do conhecimento, quando designado;<\/li>\n\n\n\n<li>Realizar atividades em sistemas eletr\u00f4nicos institucionais;<\/li>\n\n\n\n<li>Desempenhar outras atividades correlatas, compat\u00edveis com o cargo.<\/li>\n<\/ul><h3 class=\"wp-block-heading\">T\u00e9cnico Ministerial \u2013 Especialidade: TI<\/h3>\n\n\n\n<ul class=\"wp-block-list\"><li>Elaborar e manter programas de computa\u00e7\u00e3o, estabelecendo processos operacionais para o tratamento autom\u00e1tico dos dados;<\/li>\n\n\n\n<li>Planejar a solu\u00e7\u00e3o l\u00f3gica de programas com variados graus de complexidade;<\/li>\n\n\n\n<li>Codificar, depurar, testar e documentar programas novos;<\/li>\n\n\n\n<li>Testar e documentar as altera\u00e7\u00f5es efetuadas em programas;<\/li>\n\n\n\n<li>Elaborar arquivos de testes;<\/li>\n\n\n\n<li>Elaborar planos de testes de programas, rotinas e sistemas;<\/li>\n\n\n\n<li>Fazer a manuten\u00e7\u00e3o e analisar o desempenho de programas;<\/li>\n\n\n\n<li>Identificar e solucionar problemas em programas em opera\u00e7\u00e3o;<\/li>\n\n\n\n<li>Acompanhar os resultados obtidos por programas em opera\u00e7\u00e3o;<\/li>\n\n\n\n<li>Elaborar e manter a documenta\u00e7\u00e3o referente aos sistemas computacionais utilizados;<\/li>\n\n\n\n<li>Executar outras tarefas correlatas determinadas pela chefia imediata.<\/li>\n<\/ul><h3 class=\"wp-block-heading\">Analista Ministerial \u2013 Especialidade: Psicologia<\/h3>\n\n\n\n<ul class=\"wp-block-list\"><li>Assessorar t\u00e9cnica e psicologicamente as \u00e1reas final\u00edsticas e administrativas em processos judiciais, extrajudiciais, administrativos e per\u00edcias;<\/li>\n\n\n\n<li>Planejar, elaborar, coordenar, executar e avaliar programas, pesquisas, estudos, projetos sociais e estrat\u00e9gicos;<\/li>\n\n\n\n<li>Realizar inspe\u00e7\u00f5es, vistorias e visitas t\u00e9cnicas a entes p\u00fablicos e privados;<\/li>\n\n\n\n<li>Conduzir interven\u00e7\u00f5es psicol\u00f3gicas com uso de instrumentos e testes psicol\u00f3gicos;<\/li>\n\n\n\n<li>Orientar em psicoeduca\u00e7\u00e3o e sa\u00fade mental, de forma individual, em grupos ou por meio de pr\u00e1ticas educativas;<\/li>\n\n\n\n<li>Avaliar aspectos psicol\u00f3gicos como comportamento, emo\u00e7\u00f5es, condi\u00e7\u00f5es intelectuais, personalidade e rela\u00e7\u00f5es sociais;<\/li>\n\n\n\n<li>Elaborar documentos psicol\u00f3gicos e administrativos, bem como encaminhamentos;<\/li>\n\n\n\n<li>Atuar na gest\u00e3o de pessoas, comunica\u00e7\u00e3o interna e planejamento estrat\u00e9gico;<\/li>\n\n\n\n<li>Conduzir processos de recrutamento, sele\u00e7\u00e3o, avalia\u00e7\u00e3o de desempenho, desenvolvimento de carreira, capacita\u00e7\u00e3o e prepara\u00e7\u00e3o para aposentadoria;<\/li>\n\n\n\n<li>Promover melhorias nas rela\u00e7\u00f5es de trabalho, clima organizacional, motiva\u00e7\u00e3o, lideran\u00e7a e solu\u00e7\u00e3o de conflitos;<\/li>\n\n\n\n<li>Desenvolver a\u00e7\u00f5es de sa\u00fade ocupacional e qualidade de vida no trabalho;<\/li>\n\n\n\n<li>Executar outras atividades correlatas determinadas pela chefia imediata.<\/li>\n<\/ul><h3 class=\"wp-block-heading\">Analista Ministerial \u2013 Especialidade: Servi\u00e7o Social<\/h3>\n\n\n\n<ul class=\"wp-block-list\"><li>Elaborar, coordenar, executar, supervisionar e avaliar planos, programas, projetos e pesquisas na \u00e1rea de Servi\u00e7o Social;<\/li>\n\n\n\n<li>Atender indiv\u00edduos, grupos e comunidades, prestando orienta\u00e7\u00e3o social e encaminhamentos para defesa de direitos;<\/li>\n\n\n\n<li>Realizar estudos socioecon\u00f4micos para acesso a benef\u00edcios e servi\u00e7os sociais;<\/li>\n\n\n\n<li>Conduzir visitas, vistorias, per\u00edcias t\u00e9cnicas, laudos e pareceres em mat\u00e9ria de Servi\u00e7o Social;<\/li>\n\n\n\n<li>Orientar movimentos sociais quanto a pol\u00edticas sociais e defesa de direitos civis, pol\u00edticos e sociais;<\/li>\n\n\n\n<li>Treinar, avaliar e supervisionar estagi\u00e1rios de Servi\u00e7o Social;<\/li>\n\n\n\n<li>Produzir documentos t\u00e9cnicos e administrativos relacionados \u00e0 \u00e1rea;<\/li>\n\n\n\n<li>Intervir profissionalmente com base nas dimens\u00f5es te\u00f3rico-metodol\u00f3gica, \u00e9tico-pol\u00edtica e t\u00e9cnico-operativa do Servi\u00e7o Social;<\/li>\n\n\n\n<li>Atuar em sistemas eletr\u00f4nicos institucionais;<\/li>\n\n\n\n<li>Executar outras atividades correlatas determinadas pela chefia imediata.<\/li>\n<\/ul><h3 class=\"wp-block-heading\">Analista Ministerial \u2013 Especialidade: Administra\u00e7\u00e3o<\/h3>\n\n\n\n<ul class=\"wp-block-list\"><li>Planejar, desenvolver, executar, acompanhar e avaliar planos e projetos organizacionais;<\/li>\n\n\n\n<li>Elaborar e implementar propostas de moderniza\u00e7\u00e3o e qualidade para melhorar a produtividade administrativa;<\/li>\n\n\n\n<li>Atuar nas \u00e1reas de pessoal, material, patrim\u00f4nio, licita\u00e7\u00f5es, or\u00e7amento, finan\u00e7as e contabilidade;<\/li>\n\n\n\n<li>Acompanhar legisla\u00e7\u00e3o, doutrina e jurisprud\u00eancia relacionadas \u00e0s \u00e1reas administrativas;<\/li>\n\n\n\n<li>Realizar pesquisas e gerir informa\u00e7\u00f5es;<\/li>\n\n\n\n<li>Produzir documentos t\u00e9cnicos e administrativos da \u00e1rea;<\/li>\n\n\n\n<li>Executar atividades em sistemas eletr\u00f4nicos institucionais;<\/li>\n\n\n\n<li>Realizar per\u00edcias t\u00e9cnicas;<\/li>\n\n\n\n<li>Executar outras atividades correlatas determinadas pela chefia imediata.<\/li>\n<\/ul><h3 class=\"wp-block-heading\">Analista Ministerial \u2013 Especialidade: Arquitetura<\/h3>\n\n\n\n<ul class=\"wp-block-list\"><li>Planejar, elaborar e executar projetos arquitet\u00f4nicos de obras e edifica\u00e7\u00f5es;<\/li>\n\n\n\n<li>Garantir a qualidade t\u00e9cnica dos projetos e a adequada ocupa\u00e7\u00e3o dos espa\u00e7os f\u00edsicos;<\/li>\n\n\n\n<li>Produzir documentos t\u00e9cnicos e administrativos relacionados \u00e0 \u00e1rea;<\/li>\n\n\n\n<li>Realizar estudos, laudos, pareceres e per\u00edcias t\u00e9cnicas;<\/li>\n\n\n\n<li>Atuar em sistemas eletr\u00f4nicos institucionais;<\/li>\n\n\n\n<li>Executar outras atividades correlatas determinadas pela chefia imediata.<\/li>\n<\/ul><h3 class=\"wp-block-heading\">Analista Ministerial \u2013 Especialidade: Ci\u00eancias Cont\u00e1beis<\/h3>\n\n\n\n<ul class=\"wp-block-list\"><li>Planejar, coordenar, supervisionar e executar projetos atuariais;<\/li>\n\n\n\n<li>Realizar levantamentos, c\u00e1lculos e estimativas em pessoal, previd\u00eancia e benef\u00edcios;<\/li>\n\n\n\n<li>Calcular riscos financeiros e econ\u00f4micos em previd\u00eancia complementar e sa\u00fade\/assist\u00eancia social;<\/li>\n\n\n\n<li>Elaborar notas t\u00e9cnicas atuariais e analisar reservas t\u00e9cnicas;<\/li>\n\n\n\n<li>Gerenciar ativos e passivos, desenhar produtos e realizar avalia\u00e7\u00f5es atuariais;<\/li>\n\n\n\n<li>Produzir documentos t\u00e9cnicos e administrativos da \u00e1rea;<\/li>\n\n\n\n<li>Atuar em sistemas eletr\u00f4nicos institucionais;<\/li>\n\n\n\n<li>Prestar assessoria e preparar informa\u00e7\u00f5es econ\u00f4mico-financeiras;<\/li>\n\n\n\n<li>Atender demandas de \u00f3rg\u00e3os fiscalizadores e realizar per\u00edcias;<\/li>\n\n\n\n<li>Assessorar membros em processos que exijam parecer t\u00e9cnico;<\/li>\n\n\n\n<li>Executar outras atividades correlatas determinadas pela chefia imediata.<\/li>\n<\/ul><h3 class=\"wp-block-heading\">Analista Ministerial \u2013 Especialidade: Engenharia Civil<\/h3>\n\n\n\n<ul class=\"wp-block-list\"><li>Assessorar membros do MP-AP em processos administrativos e judiciais;<\/li>\n\n\n\n<li>Realizar vistorias, per\u00edcias, avalia\u00e7\u00f5es, an\u00e1lise de documentos e estudos t\u00e9cnicos;<\/li>\n\n\n\n<li>Coletar dados e elaborar pareceres, laudos e relat\u00f3rios em Engenharia Civil;<\/li>\n\n\n\n<li>Atuar em mat\u00e9rias relacionadas a edifica\u00e7\u00f5es, estradas, pistas, aeroportos, sistemas de transporte, abastecimento de \u00e1gua e saneamento;<\/li>\n\n\n\n<li>Trabalhar em projetos envolvendo portos, rios, canais, barragens, diques, drenagem, irriga\u00e7\u00e3o, pontes e grandes estruturas;<\/li>\n\n\n\n<li>Executar trabalhos topogr\u00e1ficos, geod\u00e9sicos e servi\u00e7os correlatos;<\/li>\n\n\n\n<li>Colaborar em projetos, conv\u00eanios e programas de interesse do MP-AP com outras institui\u00e7\u00f5es;<\/li>\n\n\n\n<li>Elaborar documentos t\u00e9cnicos e administrativos da \u00e1rea;<\/li>\n\n\n\n<li>Atuar em sistemas eletr\u00f4nicos institucionais;<\/li>\n\n\n\n<li>Executar outras atividades correlatas determinadas pela chefia imediata.<\/li>\n<\/ul><h3 class=\"wp-block-heading\">Analista Ministerial \u2013 Especialidade: TI<\/h3>\n\n\n\n<ul class=\"wp-block-list\"><li>Planejar, desenvolver e executar o processamento autom\u00e1tico de informa\u00e7\u00f5es;<\/li>\n\n\n\n<li>Implantar e manter sistemas informatizados;<\/li>\n\n\n\n<li>Processar informa\u00e7\u00f5es e definir estrat\u00e9gias\/metodologias para arquivamento e recupera\u00e7\u00e3o de dados;<\/li>\n\n\n\n<li>Realizar per\u00edcias t\u00e9cnicas e emitir pareceres;<\/li>\n\n\n\n<li>Atender usu\u00e1rios dos sistemas;<\/li>\n\n\n\n<li>Elaborar documentos t\u00e9cnicos e administrativos da \u00e1rea;<\/li>\n\n\n\n<li>Executar outras atividades correlatas determinadas pela chefia imediata.<\/li>\n<\/ul><h2 class=\"wp-block-heading\" id=\"etapas-de-seleo\">Etapas de sele\u00e7\u00e3o<\/h2>\n\n\n\n<p>De acordo com o edital, o concurso MP AP contar\u00e1 com duas etapas principais de avalia\u00e7\u00e3o:<\/p>\n\n\n\n<ul class=\"wp-block-list\"><li><strong>Prova objetiva<\/strong><\/li>\n\n\n\n<li><strong>Prova discursiva (reda\u00e7\u00e3o)<\/strong><\/li>\n<\/ul><p>A aplica\u00e7\u00e3o das provas do concurso MP AP ocorrer\u00e1 em <strong>Macap\u00e1\/AP<\/strong>, no dia 18 de janeiro de 2026, com dura\u00e7\u00e3o m\u00e1xima de <strong>4 horas<\/strong>.<\/p>\n\n\n\n<figure class=\"wp-block-image size-large\"><img decoding=\"async\" width=\"1024\" height=\"431\" src=\"https:\/\/www.novaconcursos.com.br\/portal\/wp-content\/uploads\/2025\/08\/concurso-mp-ap-provas1-1024x431.webp\" alt=\"\" class=\"wp-image-292220\" loading=\"lazy\" title=\"\" srcset=\"https:\/\/www.novaconcursos.com.br\/portal\/wp-content\/uploads\/2025\/08\/concurso-mp-ap-provas1-300x126.webp 300w, https:\/\/www.novaconcursos.com.br\/portal\/wp-content\/uploads\/2025\/08\/concurso-mp-ap-provas1-480x202.webp 480w, https:\/\/www.novaconcursos.com.br\/portal\/wp-content\/uploads\/2025\/08\/concurso-mp-ap-provas1-768x323.webp 768w, https:\/\/www.novaconcursos.com.br\/portal\/wp-content\/uploads\/2025\/08\/concurso-mp-ap-provas1-1024x431.webp 1024w, https:\/\/www.novaconcursos.com.br\/portal\/wp-content\/uploads\/2025\/08\/concurso-mp-ap-provas1.webp 1263w\" sizes=\"auto, (max-width: 480px) 100vw, (max-width: 768px) 100vw, (max-width: 1200px) 70vw, 768px\"><figcaption><\/figcaption><\/figure><figure class=\"wp-block-image size-large\"><img decoding=\"async\" width=\"1024\" height=\"522\" src=\"https:\/\/www.novaconcursos.com.br\/portal\/wp-content\/uploads\/2025\/08\/concurso-mp-ap-provas-2-1024x522.webp\" alt=\"Provas do concurso MP AP\" class=\"wp-image-292221\" loading=\"lazy\" title=\"\" srcset=\"https:\/\/www.novaconcursos.com.br\/portal\/wp-content\/uploads\/2025\/08\/concurso-mp-ap-provas-2-300x153.webp 300w, https:\/\/www.novaconcursos.com.br\/portal\/wp-content\/uploads\/2025\/08\/concurso-mp-ap-provas-2-480x245.webp 480w, https:\/\/www.novaconcursos.com.br\/portal\/wp-content\/uploads\/2025\/08\/concurso-mp-ap-provas-2-768x391.webp 768w, https:\/\/www.novaconcursos.com.br\/portal\/wp-content\/uploads\/2025\/08\/concurso-mp-ap-provas-2-1024x522.webp 1024w, https:\/\/www.novaconcursos.com.br\/portal\/wp-content\/uploads\/2025\/08\/concurso-mp-ap-provas-2.webp 1266w\" sizes=\"auto, (max-width: 480px) 100vw, (max-width: 768px) 100vw, (max-width: 1200px) 70vw, 768px\"><figcaption><\/figcaption><\/figure><p>A prova objetiva do concurso MP AP ser\u00e1 composta por <strong>50 quest\u00f5es de m\u00faltipla escolha<\/strong>, distribu\u00eddas assim:<\/p>\n\n\n\n<ul class=\"wp-block-list\"><li><strong>20 quest\u00f5es<\/strong> de Conhecimentos Gerais<\/li>\n\n\n\n<li><strong>30 quest\u00f5es<\/strong> de Conhecimentos Espec\u00edficos<\/li>\n<\/ul><h3 class=\"wp-block-heading\">Prova Discursiva<\/h3>\n\n\n\n<p>A prova discursiva do concurso MP AP ser\u00e1 uma <strong>reda\u00e7\u00e3o dissertativo-argumentativa<\/strong> do tema proposto, devendo o candidato elaborar um texto autoral e bem estruturado. O limite de extens\u00e3o \u00e9 de <strong>no m\u00ednimo 20 linhas e no m\u00e1ximo 30 linhas<\/strong>, e o descumprimento dessa regra implica perda de pontos.<\/p>\n\n\n\n<p>A corre\u00e7\u00e3o da prova discursiva ser\u00e1 feita apenas para os candidatos que alcan\u00e7arem <strong>m\u00ednimo de 60% de acertos na prova objetiva<\/strong>, respeitando o limite m\u00e1ximo de reda\u00e7\u00f5es corrigidas por cargo.<\/p>\n\n\n\n<p>Haver\u00e1 tamb\u00e9m amplia\u00e7\u00e3o do n\u00famero de reda\u00e7\u00f5es corrigidas em raz\u00e3o do crit\u00e9rio de cotas:<\/p>\n\n\n\n<ul class=\"wp-block-list\"><li><strong>20% a mais<\/strong> para candidatos negros (autodeclarados)<\/li>\n\n\n\n<li><strong>5% a mais<\/strong> para pessoas com defici\u00eancia<\/li>\n<\/ul><p>Em casos de empate na \u00faltima posi\u00e7\u00e3o da nota de corte, <strong>todos os candidatos empatados ter\u00e3o a reda\u00e7\u00e3o corrigida<\/strong>.<\/p>\n\n\n\n<h2 class=\"wp-block-heading\" id=\"o-que-cai-na-prova-do-concurso-mp-ap\">O que cai na prova do concurso MP AP?<\/h2>\n\n\n\n<p>Confira o conte\u00fado program\u00e1tico do concurso MP AP:<\/p>\n\n\n\n<h3 class=\"wp-block-heading\">L\u00edngua Portuguesa<\/h3>\n\n\n\n<ul class=\"wp-block-list\"><li>Ortografia e acentua\u00e7\u00e3o<\/li>\n\n\n\n<li>Emprego do sinal indicativo de crase<\/li>\n\n\n\n<li>Compreens\u00e3o e interpreta\u00e7\u00e3o de textos de g\u00eaneros variados<\/li>\n\n\n\n<li>Rela\u00e7\u00e3o do texto com seu contexto hist\u00f3rico<\/li>\n\n\n\n<li>Denota\u00e7\u00e3o e conota\u00e7\u00e3o<\/li>\n\n\n\n<li>Discurso direto, indireto e indireto livre<\/li>\n\n\n\n<li>Intertextualidade<\/li>\n\n\n\n<li>Figuras de linguagem<\/li>\n\n\n\n<li>Morfossintaxe<\/li>\n\n\n\n<li>Elementos estruturais e processos de forma\u00e7\u00e3o de palavras<\/li>\n\n\n\n<li>Sinon\u00edmia e anton\u00edmia<\/li>\n\n\n\n<li>Pontua\u00e7\u00e3o<\/li>\n\n\n\n<li>Pronomes<\/li>\n\n\n\n<li>Concord\u00e2ncia nominal e verbal<\/li>\n\n\n\n<li>Flex\u00e3o nominal e verbal<\/li>\n\n\n\n<li>Vozes do verbo<\/li>\n\n\n\n<li>Correla\u00e7\u00e3o de tempos e modos verbais<\/li>\n\n\n\n<li>Reg\u00eancia nominal e verbal<\/li>\n\n\n\n<li>Coordena\u00e7\u00e3o e subordina\u00e7\u00e3o<\/li>\n\n\n\n<li>Conectivos<\/li>\n\n\n\n<li>Reda\u00e7\u00e3o: confronto e reconhecimento de frases corretas e incorretas; organiza\u00e7\u00e3o e reorganiza\u00e7\u00e3o de ora\u00e7\u00f5es e per\u00edodos; equival\u00eancia e transforma\u00e7\u00e3o de estruturas<\/li>\n<\/ul><ul class=\"wp-block-list\"><li>\n<\/ul><h3 class=\"wp-block-heading\">No\u00e7\u00f5es de Direito Constitucional<\/h3>\n\n\n\n<ul class=\"wp-block-list\"><li>A Constitui\u00e7\u00e3o: conceito e classifica\u00e7\u00e3o<\/li>\n\n\n\n<li>O Constitucionalismo<\/li>\n\n\n\n<li>Princ\u00edpios fundamentais da Constitui\u00e7\u00e3o Federal de 1988<\/li>\n\n\n\n<li>Direitos e garantias fundamentais<\/li>\n\n\n\n<li>Direitos e deveres individuais e coletivos<\/li>\n\n\n\n<li>Direitos sociais<\/li>\n\n\n\n<li>Nacionalidade<\/li>\n\n\n\n<li>Direitos pol\u00edticos<\/li>\n\n\n\n<li>Organiza\u00e7\u00e3o do Estado<\/li>\n\n\n\n<li>Administra\u00e7\u00e3o p\u00fablica<\/li>\n\n\n\n<li>Servidores p\u00fablicos<\/li>\n\n\n\n<li>Organiza\u00e7\u00e3o dos Poderes<\/li>\n\n\n\n<li>Poder Legislativo: atribui\u00e7\u00f5es e compet\u00eancia do Congresso Nacional<\/li>\n\n\n\n<li>Processo legislativo<\/li>\n\n\n\n<li>Fiscaliza\u00e7\u00e3o cont\u00e1bil, financeira e or\u00e7ament\u00e1ria<\/li>\n\n\n\n<li>Poder Executivo: atribui\u00e7\u00f5es e responsabilidades do Presidente da Rep\u00fablica<\/li>\n\n\n\n<li>Poder Judici\u00e1rio: disposi\u00e7\u00f5es gerais e \u00f3rg\u00e3os do Judici\u00e1rio<\/li>\n\n\n\n<li>Fun\u00e7\u00f5es essenciais \u00e0 Justi\u00e7a<\/li>\n\n\n\n<li>Minist\u00e9rio P\u00fablico<\/li>\n\n\n\n<li>Conselho Nacional do Minist\u00e9rio P\u00fablico (CNMP): organiza\u00e7\u00e3o, composi\u00e7\u00e3o e compet\u00eancias<\/li>\n\n\n\n<li>Advocacia P\u00fablica<\/li>\n\n\n\n<li>Defensoria P\u00fablica<\/li>\n<\/ul><h3 class=\"wp-block-heading\">Direito Administrativo<\/h3>\n\n\n\n<ul class=\"wp-block-list\"><li>Administra\u00e7\u00e3o p\u00fablica: princ\u00edpios b\u00e1sicos<\/li>\n\n\n\n<li>Poderes administrativos: hier\u00e1rquico, disciplinar, regulamentar e de pol\u00edcia; uso e abuso do poder<\/li>\n\n\n\n<li>Ato administrativo: conceito, requisitos e atributos; anula\u00e7\u00e3o, revoga\u00e7\u00e3o e convalida\u00e7\u00e3o; discricionariedade e vincula\u00e7\u00e3o<\/li>\n\n\n\n<li>Organiza\u00e7\u00e3o administrativa: administra\u00e7\u00e3o direta e indireta; centralizada e descentralizada; autarquias, funda\u00e7\u00f5es, empresas p\u00fablicas e sociedades de economia mista<\/li>\n\n\n\n<li>Acesso \u00e0 Informa\u00e7\u00e3o: Lei n\u00ba 12.527\/2011 (Lei de Acesso \u00e0 Informa\u00e7\u00e3o) e Resolu\u00e7\u00e3o n\u00ba 89\/2012-CNMP<\/li>\n\n\n\n<li>Lei n\u00ba 13.709\/2018 (Lei Geral de Prote\u00e7\u00e3o de Dados)<\/li>\n\n\n\n<li>Licita\u00e7\u00f5es e contratos da Administra\u00e7\u00e3o P\u00fablica: Lei n\u00ba 14.133\/2021<\/li>\n\n\n\n<li>Matriz de Compet\u00eancias do MP-AP (Portaria n\u00ba 1939\/2024-GAB\/PGJ)<\/li>\n<\/ul><h3 class=\"wp-block-heading\">Legisla\u00e7\u00e3o<\/h3>\n\n\n\n<ul class=\"wp-block-list\"><li>Constitui\u00e7\u00e3o do Estado do Amap\u00e1: Cap\u00edtulo IV, Se\u00e7\u00e3o I<\/li>\n\n\n\n<li>Lei Estadual n\u00ba 066\/1993 \u2013 Regime Jur\u00eddico dos Servidores P\u00fablicos Civis do Estado do Amap\u00e1 e altera\u00e7\u00f5es<\/li>\n\n\n\n<li>Lei Estadual n\u00ba 2.621\/2021 \u2013 Servi\u00e7os auxiliares do MP-AP e plano de carreiras dos servidores do Minist\u00e9rio P\u00fablico do Estado do Amap\u00e1<\/li>\n\n\n\n<li>Lei n\u00ba 8.625\/1993 \u2013 Lei Org\u00e2nica Nacional do Minist\u00e9rio P\u00fablico<\/li>\n\n\n\n<li>Lei Estadual n\u00ba 079\/2013 \u2013 Lei Org\u00e2nica do Minist\u00e9rio P\u00fablico do Estado do Amap\u00e1<\/li>\n<\/ul><h3 class=\"wp-block-heading\">Racioc\u00ednio L\u00f3gico-Matem\u00e1tico<\/h3>\n\n\n\n<ul class=\"wp-block-list\"><li>Estrutura l\u00f3gica de rela\u00e7\u00f5es entre pessoas, lugares, objetos ou eventos fict\u00edcios<\/li>\n\n\n\n<li>Dedu\u00e7\u00e3o de novas informa\u00e7\u00f5es a partir das rela\u00e7\u00f5es fornecidas<\/li>\n\n\n\n<li>Avalia\u00e7\u00e3o das condi\u00e7\u00f5es usadas para estabelecer estruturas l\u00f3gicas<\/li>\n\n\n\n<li>Compreens\u00e3o e elabora\u00e7\u00e3o da l\u00f3gica em situa\u00e7\u00f5es com:\n<ul class=\"wp-block-list\"><li>Racioc\u00ednio verbal<\/li>\n\n\n\n<li>Racioc\u00ednio matem\u00e1tico<\/li>\n\n\n\n<li>Racioc\u00ednio sequencial<\/li>\n\n\n\n<li>Orienta\u00e7\u00e3o espacial e temporal<\/li>\n\n\n\n<li>Forma\u00e7\u00e3o de conceitos<\/li>\n\n\n\n<li>Discrimina\u00e7\u00e3o de elementos<\/li>\n<\/ul><\/li>\n\n\n\n<li>Compreens\u00e3o do processo l\u00f3gico que leva de hip\u00f3teses a conclus\u00f5es v\u00e1lidas<\/li>\n\n\n\n<li>No\u00e7\u00f5es b\u00e1sicas de proporcionalidade e porcentagem<\/li>\n\n\n\n<li>Problemas de regra de tr\u00eas simples<\/li>\n\n\n\n<li>C\u00e1lculos de porcentagem, acr\u00e9scimos e descontos<\/li>\n<\/ul><h2 class=\"wp-block-heading\" id=\"materiais-preparatrios\">Materiais preparat\u00f3rios<\/h2>\n\n\n\n<p>Alcance o seu sonho de ingressar no concurso MP AP com materiais de estudo de qualidade e uma rotina bem estruturada!<\/p>\n\n\n\n<p>A Nova Concursos desenvolveu um m\u00e9todo de estudo que promete impulsionar sua prepara\u00e7\u00e3o! Reconhecidos por oferecer materiais pr\u00e1ticos e eficazes, j\u00e1 auxiliamos na\u00a0<strong>aprova\u00e7\u00e3o<\/strong>\u00a0de mais de\u00a0<strong>70 mil candidatos<\/strong>\u00a0a conquistarem suas vagas em concursos p\u00fablicos por todo o pa\u00eds.<\/p>\n\n\n\n<p>N\u00e3o perca a oportunidade! Inicie seus estudos com os <a href=\"https:\/\/www.novaconcursos.com.br\/concurso\/mp-ap-ministerio-publico-do-amapa\">materiais da\u00a0Nova Concursos<\/a>\u00a0e esteja mais pr\u00f3ximo de conquistar sua vaga. O pr\u00f3ximo aprovado pode ser voc\u00ea!<\/p>\n\n\n\n<h3 class=\"wp-block-heading\">Apostila preparat\u00f3ria do concurso MP AP<\/h3>\n\n\n\n<p>Com o objetivo de auxiliar na prepara\u00e7\u00e3o para o concurso MP AP, a Nova Concursos organizou uma equipe de professores especializados em concursos p\u00fablicos. Nossa <a href=\"https:\/\/www.novaconcursos.com.br\/concurso\/mp-ap-ministerio-publico-do-amapa\/apostilas\" data-type=\"link\" data-id=\"https:\/\/www.novaconcursos.com.br\/concurso\/mp-ap-ministerio-publico-do-amapa\/apostilas\">Apostila Preparat\u00f3ria do Concurso MP AP<\/a> re\u00fane a teoria dos assuntos mais recorrentes nos \u00faltimos editais e inclui materiais de apoio em PDF correspondentes \u00e0s aulas ministradas.<\/p>\n\n\n\n<h3 class=\"wp-block-heading\">Curso Online do concurso MP AP<\/h3>\n\n\n\n<p>O <a href=\"https:\/\/www.novaconcursos.com.br\/concurso\/mp-ap-ministerio-publico-do-amapa\/cursos-online\" data-type=\"link\" data-id=\"https:\/\/www.novaconcursos.com.br\/concurso\/mp-ap-ministerio-publico-do-amapa\/cursos-online\">curso online do concurso MP AP<\/a> foi elaborado de acordo com o edital publicado em setembro de 2025 e re\u00fane todas as atualiza\u00e7\u00f5es mais recentes. As aulas est\u00e3o organizadas por disciplina e assunto, seguindo exatamente a ordem do edital, o que garante uma prepara\u00e7\u00e3o direcionada e eficiente. <\/p>\n\n\n\n<p>Com professores especializados em concursos p\u00fablicos, trilha de aulas estruturada, al\u00e9m da praticidade de ser 100% online, o curso pode ser acessado de qualquer lugar pelo computador, tablet ou smartphone, proporcionando ao candidato uma experi\u00eancia completa de estudo!<\/p>\n\n\n\n<figure class=\"wp-block-embed is-type-video is-provider-youtube wp-block-embed-youtube wp-embed-aspect-16-9 wp-has-aspect-ratio\"><div class=\"wp-block-embed__wrapper\">\n<iframe loading=\"lazy\" title=\"CONCURSO MP AP 2025: AN\u00c1LISE DO EDITAL + PLANO DE ESTUDOS COMPLETO \u2705\" width=\"500\" height=\"281\" src=\"https:\/\/www.youtube.com\/embed\/b_fdHqeevDo?feature=oembed\" frameborder=\"0\" allow=\"accelerometer; autoplay; clipboard-write; encrypted-media; gyroscope; picture-in-picture; web-share\" referrerpolicy=\"strict-origin-when-cross-origin\" allowfullscreen><\/iframe>\n<\/div><\/figure>","protected":false},"excerpt":{"rendered":"<p>O edital do concurso MP AP foi publicado e traz vagas para T\u00e9cnico e Analista, destinados a candidatos de n\u00edvel m\u00e9dio e superior, respectivamente. As inscri\u00e7\u00f5es estar\u00e3o abertas at\u00e9 o dia 29 de outubro de 2025, e as provas ser\u00e3o aplicadas em janeiro de 2026. Confira os detalhes!<\/p>\n","protected":false},"author":54696,"featured_media":294744,"comment_status":"closed","ping_status":"closed","sticky":false,"template":"","format":"standard","meta":{"_acf_changed":false,"footnotes":"","_wp_rev_ctl_limit":""},"categories":[44999,44973],"tags":[36607],"class_list":["post-102291","post","type-post","status-publish","format-standard","has-post-thumbnail","hentry","category-concursos","category-ap","tag-concurso-mp-ap"],"acf":[],"_links":{"self":[{"href":"https:\/\/www.novaconcursos.com.br\/portal\/wp-json\/wp\/v2\/posts\/102291","targetHints":{"allow":["GET"]}}],"collection":[{"href":"https:\/\/www.novaconcursos.com.br\/portal\/wp-json\/wp\/v2\/posts"}],"about":[{"href":"https:\/\/www.novaconcursos.com.br\/portal\/wp-json\/wp\/v2\/types\/post"}],"author":[{"embeddable":true,"href":"https:\/\/www.novaconcursos.com.br\/portal\/wp-json\/wp\/v2\/users\/54696"}],"replies":[{"embeddable":true,"href":"https:\/\/www.novaconcursos.com.br\/portal\/wp-json\/wp\/v2\/comments?post=102291"}],"version-history":[{"count":27,"href":"https:\/\/www.novaconcursos.com.br\/portal\/wp-json\/wp\/v2\/posts\/102291\/revisions"}],"predecessor-version":[{"id":296148,"href":"https:\/\/www.novaconcursos.com.br\/portal\/wp-json\/wp\/v2\/posts\/102291\/revisions\/296148"}],"wp:featuredmedia":[{"embeddable":true,"href":"https:\/\/www.novaconcursos.com.br\/portal\/wp-json\/wp\/v2\/media\/294744"}],"wp:attachment":[{"href":"https:\/\/www.novaconcursos.com.br\/portal\/wp-json\/wp\/v2\/media?parent=102291"}],"wp:term":[{"taxonomy":"category","embeddable":true,"href":"https:\/\/www.novaconcursos.com.br\/portal\/wp-json\/wp\/v2\/categories?post=102291"},{"taxonomy":"post_tag","embeddable":true,"href":"https:\/\/www.novaconcursos.com.br\/portal\/wp-json\/wp\/v2\/tags?post=102291"}],"curies":[{"name":"wp","href":"https:\/\/api.w.org\/{rel}","templated":true}]}}