{"id":10232,"date":"2014-09-08T16:11:29","date_gmt":"2014-09-08T19:11:29","guid":{"rendered":"http:\/\/www.novaconcursos.com.br\/portal\/?p=10232"},"modified":"2021-01-28T15:05:00","modified_gmt":"2021-01-28T18:05:00","slug":"editais-da-semana-de-08-a-1409","status":"publish","type":"post","link":"https:\/\/www.novaconcursos.com.br\/portal\/noticias\/editais-da-semana-de-08-a-1409\/","title":{"rendered":"Editais da semana de 08 a 14\/09"},"content":{"rendered":"<p><a href=\"https:\/\/www.novaconcursos.com.br\/portal\/wp-content\/uploads\/2014\/02\/editais-da-semana1.png\"><img decoding=\"async\" class=\"alignright size-medium wp-image-6315\" alt=\"editais-da-semana\" src=\"https:\/\/www.novaconcursos.com.br\/portal\/wp-content\/uploads\/2014\/02\/editais-da-semana1-300x164.png\" width=\"300\" height=\"164\" loading=\"lazy\" title=\"\" srcset=\"https:\/\/www.novaconcursos.com.br\/portal\/wp-content\/uploads\/2014\/02\/editais-da-semana1-300x164.png 300w, https:\/\/www.novaconcursos.com.br\/portal\/wp-content\/uploads\/2014\/02\/editais-da-semana1.png 621w\" sizes=\"auto, (max-width: 480px) 100vw, (max-width: 768px) 100vw, (max-width: 1200px) 70vw, 768px\"><\/a>Confira os principais editais desta semana com a Nova Concursos!<\/p>\n<p><strong>CIOP \u2013 Cons\u00f3rcio Intermunicipal Paulista\/SP<\/strong><\/p>\n<p><strong>N\u00famero de vagas:\u00a0<\/strong>78<br><strong>Sal\u00e1rio:<\/strong>\u00a0de R$ 900 a R$ 12.000<br><strong>N\u00edvel:\u00a0<\/strong>Fundamental, m\u00e9dio e superior<br><strong>Local:<\/strong>\u00a0Rejente Feij\u00f3, Racha\u00e7aria, Presidente Bernardes e Presidente Epit\u00e1cio (SP)<br><strong>Data da inscri\u00e7\u00e3o:<\/strong>\u00a0 at\u00e9 15\/09<br><strong>Edital:\u00a0<\/strong><a href=\"http:\/\/jcconcursos.uol.com.br\/arquivos\/pdf\/SP_CIOP_ed_1762.pdf\" target=\"_blank\" rel=\"noopener noreferrer\">http:\/\/jcconcursos.uol.com.br\/arquivos\/pdf\/SP_CIOP_ed_1762.pdf<\/a><\/p>\n<p><strong>PREFEITURA DE EMBU DAS ARTES\/SP<\/strong><\/p>\n<p><strong>N\u00famero de vagas:\u00a0<\/strong>12 imediatas + 180 de cadastro de reserva<br><strong>Sal\u00e1rio:<\/strong>\u00a0de 1.317,92 a R$ 4.072,89<br><strong>N\u00edvel:\u00a0<\/strong>Fundamental, m\u00e9dio e superior<br><strong>Local:<\/strong>\u00a0Embu das Artes (SP)<br><strong>Data da inscri\u00e7\u00e3o:<\/strong>\u00a0 at\u00e9 08\/10<br><strong>Edital:\u00a0<\/strong><a href=\"http:\/\/jcconcursos.uol.com.br\/arquivos\/pdf\/SP_Embu_das_Artes_Cam_ed_1762.pdf\" target=\"_blank\" rel=\"noopener noreferrer\">http:\/\/jcconcursos.uol.com.br\/arquivos\/pdf\/SP_Embu_das_Artes_Cam_ed_1762.pdf<\/a><\/p>\n<p><strong>PREFEITURA DE VALINHOS\/SP<\/strong><\/p>\n<p><strong>N\u00famero de vagas:\u00a0<\/strong>208<br><strong>Sal\u00e1rio:<\/strong>\u00a0de R$ 1.086 a\u00a0R$ 4.069,84<br><strong>N\u00edvel:\u00a0<\/strong>Fundamental, m\u00e9dio e superior<br><strong>Local:<\/strong>\u00a0Valinhos (SP)<br><strong>Data da inscri\u00e7\u00e3o:<\/strong>\u00a0 at\u00e9 08\/10<br><strong>Edital:\u00a0<\/strong><a href=\"http:\/\/jcconcursos.uol.com.br\/arquivos\/pdf\/SP_Valinhos_Pref_ed_1762.pdf\" target=\"_blank\" rel=\"noopener noreferrer\">http:\/\/jcconcursos.uol.com.br\/arquivos\/pdf\/SP_Valinhos_Pref_ed_1762.pdf<\/a><\/p>\n<p style=\"text-align: center;\"><a href=\"https:\/\/www.novaconcursos.com.br\/concurso\/prefeitura-de-valinhos\/apostila?utm_source=blog&amp;utm_medium=smm&amp;utm_content=post+apostila+concurso+prefeitura+valinhos&amp;utm_campaign=prefeitura+valinhos\" target=\"_blank\" rel=\"noopener noreferrer\"><img decoding=\"async\" class=\"wp-image-10239 aligncenter\" alt=\"pref-valinhos-medio-tecnico\" src=\"https:\/\/www.novaconcursos.com.br\/portal\/wp-content\/uploads\/2014\/09\/pref-valinhos-medio-tecnico.jpg\" width=\"169\" height=\"238\" loading=\"lazy\" title=\"\" srcset=\"https:\/\/www.novaconcursos.com.br\/portal\/wp-content\/uploads\/2014\/09\/pref-valinhos-medio-tecnico-212x300.jpg 212w, https:\/\/www.novaconcursos.com.br\/portal\/wp-content\/uploads\/2014\/09\/pref-valinhos-medio-tecnico.jpg 360w\" sizes=\"auto, (max-width: 480px) 100vw, (max-width: 768px) 100vw, (max-width: 1200px) 70vw, 768px\"><\/a><\/p>\n<p style=\"text-align: center;\"><a href=\"https:\/\/www.novaconcursos.com.br\/concurso\/prefeitura-de-valinhos\/apostila?utm_source=blog&amp;utm_medium=smm&amp;utm_content=post+apostila+concurso+prefeitura+valinhos&amp;utm_campaign=prefeitura+valinhos\" target=\"_blank\" rel=\"noopener noreferrer\"><img decoding=\"async\" class=\"size-full wp-image-9357 aligncenter\" alt=\"Compre-Agora\" src=\"https:\/\/www.novaconcursos.com.br\/portal\/wp-content\/uploads\/2014\/07\/Compre-Agora.png\" width=\"300\" height=\"60\" loading=\"lazy\" title=\"\"><\/a><\/p>\n<p><strong>PREFEITURA DE BOA ESPERAN\u00c7A DO SUL\/SP<\/strong><\/p>\n<p><strong>N\u00famero de vagas:\u00a0<\/strong>74<br><strong>Sal\u00e1rio:<\/strong>\u00a0de R$ 776,44 a R$ 3.417,97<br><strong>N\u00edvel:\u00a0<\/strong>Fundamental, m\u00e9dio e superior<br><strong>Local:<\/strong>\u00a0Boa Esperan\u00e7a do Sul (SP)<br><strong>Data da inscri\u00e7\u00e3o:<\/strong>\u00a0 at\u00e9 14\/09<br><strong>Edital:\u00a0<\/strong><a href=\"http:\/\/jcconcursos.uol.com.br\/arquivos\/pdf\/SP_Boa_Esperanca_do_Sul_Pref_ed_1762.pdf\" target=\"_blank\" rel=\"noopener noreferrer\">http:\/\/jcconcursos.uol.com.br\/arquivos\/pdf\/SP_Boa_Esperanca_do_Sul_Pref_ed_1762.pdf<\/a><\/p>\n<p><strong>PREFEITURA DE VINHEDO\/SP<\/strong><\/p>\n<p><strong>N\u00famero de vagas:\u00a0<\/strong>148<br><strong>Sal\u00e1rio:<\/strong>\u00a0R$ 1.150 a R$ 3.762<br><strong>N\u00edvel:\u00a0<\/strong>Fundamental, m\u00e9dio e superior<br><strong>Local:<\/strong>\u00a0Vinhedo (SP)<br><strong>Data da inscri\u00e7\u00e3o:<\/strong>\u00a0 at\u00e9 11\/09<br><strong>Edital:\u00a0<\/strong><a href=\"http:\/\/jcconcursos.uol.com.br\/arquivos\/pdf\/SP_Vinhedo_Pref_1758.pdf\" target=\"_blank\" rel=\"noopener noreferrer\">http:\/\/jcconcursos.uol.com.br\/arquivos\/pdf\/SP_Vinhedo_Pref_1758.pdf<\/a><\/p>\n<p><strong>PREFEITURA DE MURIA\u00c9\/MG<\/strong><\/p>\n<p><strong>N\u00famero de vagas:\u00a0<\/strong>34<br><strong>Sal\u00e1rio:<\/strong>\u00a0R$ 805,93 a\u00a0R$ 4.474,71<br><strong>N\u00edvel:\u00a0<\/strong>Fundamental, m\u00e9dio e superior<br><strong>Local:<\/strong>\u00a0Muria\u00e9 (MG)<br><strong>Data da inscri\u00e7\u00e3o:<\/strong>\u00a0 at\u00e9 27\/11<br><strong>Edital:\u00a0<\/strong><a href=\"http:\/\/jcconcursos.uol.com.br\/arquivos\/pdf\/MG_Muriae_demsur_ed_1762.pdf\" target=\"_blank\" rel=\"noopener noreferrer\">http:\/\/jcconcursos.uol.com.br\/arquivos\/pdf\/MG_Muriae_demsur_ed_1762.pdf<\/a><\/p>\n<p><strong>PREFEITURA DE CATAGUASES\/MG<\/strong><\/p>\n<p><strong>N\u00famero de vagas:\u00a0<\/strong>146<br><strong>Sal\u00e1rio:<\/strong>\u00a0de R$ 724 a R$ 1.447,24<br><strong>N\u00edvel:\u00a0<\/strong>Fundamental, m\u00e9dio e superior<br><strong>Local:<\/strong>\u00a0Cataguases (MG)<br><strong>Data da inscri\u00e7\u00e3o:<\/strong>\u00a0 at\u00e9 03\/12<br><strong>Edital:\u00a0<\/strong><a href=\"http:\/\/jcconcursos.uol.com.br\/arquivos\/pdf\/MG_Cataguases_Pref_ed_1762.pdf\" target=\"_blank\" rel=\"noopener noreferrer\">http:\/\/jcconcursos.uol.com.br\/arquivos\/pdf\/MG_Cataguases_Pref_ed_1762.pdf<\/a><\/p>\n<p><strong>CISNORJE \u2013 Cons\u00f3rcio Intermunicipal de Sa\u00fade da Rede de Urg\u00eancia do Nordeste\/Jequitinhonha\/MG<\/strong><\/p>\n<p><strong>N\u00famero de vagas:\u00a0<\/strong>41<br><strong>Sal\u00e1rio:<\/strong>\u00a0de R$ 1.107,60 a\u00a0R$ 5.826,60<br><strong>N\u00edvel:\u00a0<\/strong>M\u00e9dio e superior<br><strong>Local:<\/strong>\u00a0\u00c1guas Formosas, Almenara, Ara\u00e7uai, Carlos Chagas, Capelinha, Diamantina, Itamarandiba, Itambacuri, Itaobim, Jacinto, Jequitinhonha, Joaima, Malacacheta, Minas Novas, Nanuque, Novo Cruzeiro, Padre Para\u00edso, Pedra Azul, Ponto dos Volantes, Serro, Te\u00f3filo Otoni e Turmalina (MG)<br><strong>Data da inscri\u00e7\u00e3o:<\/strong>\u00a0 at\u00e9 09\/11<br><strong>Edital:\u00a0<\/strong><a href=\"http:\/\/jcconcursos.uol.com.br\/arquivos\/pdf\/MG_Cisnorje_ed_1759.pdf\" target=\"_blank\" rel=\"noopener noreferrer\">http:\/\/jcconcursos.uol.com.br\/arquivos\/pdf\/MG_Cisnorje_ed_1759.pdf<\/a><\/p>\n<p><strong>PREFEITURA DE GUAPIMIRIM\/RJ<\/strong><\/p>\n<p><strong>N\u00famero de vagas:\u00a0<\/strong>344<br><strong>Sal\u00e1rio:<\/strong>\u00a0de R$ 850 a R$ 6.000<br><strong>N\u00edvel:\u00a0<\/strong>M\u00e9dio\/t\u00e9cnico e superior<br><strong>Local:<\/strong>\u00a0Guapimirim (RJ)<br><strong>Data da inscri\u00e7\u00e3o:<\/strong>\u00a0 at\u00e9 09\/11<br><strong>Edital:\u00a0<\/strong><a href=\"http:\/\/jcconcursos.uol.com.br\/arquivos\/pdf\/RJ_Guapamirim_Pref_ed_1762.pdf\" target=\"_blank\" rel=\"noopener noreferrer\">http:\/\/jcconcursos.uol.com.br\/arquivos\/pdf\/RJ_Guapamirim_Pref_ed_1762.pdf<\/a><\/p>\n<p><strong>PREFEITURA DE JARAPATUBA\/SE<\/strong><\/p>\n<p><strong>N\u00famero de vagas:\u00a0<\/strong>94<br><strong>Sal\u00e1rio:<\/strong>\u00a0de\u00a0R$ 724 a R$ 3.539<br><strong>N\u00edvel:\u00a0<\/strong>M\u00e9dio\/t\u00e9cnico e superior<br><strong>Local:<\/strong>\u00a0Jarapatuba (SE)<br><strong>Data da inscri\u00e7\u00e3o:<\/strong>\u00a0 at\u00e9 12\/09<br><strong>Edital:\u00a0<\/strong><a href=\"http:\/\/jcconcursos.uol.com.br\/arquivos\/pdf\/SE_Japaratuba_Pref_ed_1757.pdf\" target=\"_blank\" rel=\"noopener noreferrer\">http:\/\/jcconcursos.uol.com.br\/arquivos\/pdf\/SE_Japaratuba_Pref_ed_1757.pdf<\/a><\/p>\n<p><strong>PREFEITURA DE JARAPATUBA\/SE<\/strong><\/p>\n<p><strong>N\u00famero de vagas:\u00a0<\/strong>94<br><strong>Sal\u00e1rio:<\/strong>\u00a0de\u00a0R$ 724 a R$ 3.539<br><strong>N\u00edvel:\u00a0<\/strong>M\u00e9dio\/t\u00e9cnico e superior<br><strong>Local:<\/strong>\u00a0Jarapatuba (SE)<br><strong>Data da inscri\u00e7\u00e3o:<\/strong>\u00a0 at\u00e9 12\/09<br><strong>Edital:\u00a0<\/strong><a href=\"http:\/\/jcconcursos.uol.com.br\/arquivos\/pdf\/SE_Japaratuba_Pref_ed_1757.pdf\" target=\"_blank\" rel=\"noopener noreferrer\">http:\/\/jcconcursos.uol.com.br\/arquivos\/pdf\/SE_Japaratuba_Pref_ed_1757.pdf<\/a><\/p>\n<p><strong>INSTITUTO DE PROTE\u00c7\u00c3O AMBIENTAL DO AMAZONAS\/AM<\/strong><\/p>\n<p><strong>N\u00famero de vagas:\u00a0<\/strong>94<br><strong>Sal\u00e1rio:<\/strong>\u00a0de R$ 1.350,19\u00a0a\u00a0R$ 5.143,59<br><strong>N\u00edvel:\u00a0<\/strong>M\u00e9dio\/t\u00e9cnico e superior<br><strong>Local:<\/strong>\u00a0Manaus (AM)<br><strong>Data da inscri\u00e7\u00e3o:<\/strong>\u00a0 at\u00e9 29\/09<br><strong>Edital:\u00a0<\/strong><a href=\"http:\/\/jcconcursos.uol.com.br\/arquivos\/pdf\/AM_Ipaam_ed_1762.pdf\" target=\"_blank\" rel=\"noopener noreferrer\">http:\/\/jcconcursos.uol.com.br\/arquivos\/pdf\/AM_Ipaam_ed_1762.pdf<\/a><\/p>\n<p><strong>PREFEITURA DE MARING\u00c1\/PR<\/strong><\/p>\n<p><strong>N\u00famero de vagas:\u00a0<\/strong>209<br><strong>Sal\u00e1rio:<\/strong>\u00a0de R$ 942,96\u00a0a\u00a0R$ 3.998,19<br><strong>N\u00edvel:\u00a0<\/strong>M\u00e9dio\/t\u00e9cnico e superior<br><strong>Local:<\/strong>\u00a0Manaus (AM)<br><strong>Data da inscri\u00e7\u00e3o:<\/strong>\u00a0 at\u00e9 25\/09<br><strong>Edital:<\/strong>\u00a0<a href=\"http:\/\/jcconcursos.uol.com.br\/arquivos\/pdf\/PR_Maringa_Pref_ed_1762.pdf\" target=\"_blank\" rel=\"noopener noreferrer\">http:\/\/jcconcursos.uol.com.br\/arquivos\/pdf\/PR_Maringa_Pref_ed_1762.pdf<\/a><\/p>\n<p><strong>PREFEITURA DE ARA\u00c7UA\u00cd\/MG<\/strong><\/p>\n<p><strong>N\u00famero de vagas:\u00a0<\/strong>176<br><strong>Sal\u00e1rio:<\/strong>\u00a0de R$ 724 a R$ 13.000<br><strong>N\u00edvel:\u00a0<\/strong>Fundamental, m\u00e9dio\/t\u00e9cnico e superior<br><strong>Local:<\/strong>\u00a0Ara\u00e7ua\u00ed (MG)<br><strong>Data da inscri\u00e7\u00e3o:<\/strong>\u00a0 at\u00e9 11\/12<br><strong>Edital:<\/strong>\u00a0<a href=\"http:\/\/jcconcursos.uol.com.br\/arquivos\/pdf\/MG_Aracuai_Pref_ed_1762.pdf\" target=\"_blank\" rel=\"noopener noreferrer\">http:\/\/jcconcursos.uol.com.br\/arquivos\/pdf\/MG_Aracuai_Pref_ed_1762.pdf<\/a><\/p>\n<p><strong>PREFEITURA DE JO\u00c3O PINHEIRO\/MG<\/strong><\/p>\n<p><strong>N\u00famero de vagas:\u00a0<\/strong>298<br><strong>Sal\u00e1rio:<\/strong>\u00a0de R$ 724 a\u00a0R$ 4.776,32<br><strong>N\u00edvel:\u00a0<\/strong>Fundamental, m\u00e9dio\/t\u00e9cnico e superior<br><strong>Local:<\/strong>\u00a0Jo\u00e3o Pinheiro (MG)<br><strong>Data da inscri\u00e7\u00e3o:<\/strong>\u00a0 at\u00e9 30\/10<br><strong>Edital:\u00a0<\/strong><a href=\"http:\/\/jcconcursos.uol.com.br\/arquivos\/pdf\/MG_Joao_Pinheiro_Pref_ed_1760.pdf\" target=\"_blank\" rel=\"noopener noreferrer\">http:\/\/jcconcursos.uol.com.br\/arquivos\/pdf\/MG_Joao_Pinheiro_Pref_ed_1760.pdf<\/a><\/p>\n<p><strong>CONSELHO REGIONAL DE CONTABILIDADE\/DF<\/strong><\/p>\n<p><strong>N\u00famero de vagas:\u00a0<\/strong>233<br><strong>Sal\u00e1rio:<\/strong>\u00a0de R$ 1.405,79 a\u00a0R$ 2.111,18<br><strong>N\u00edvel: <\/strong>M\u00e9dio\/t\u00e9cnico e superior<br><strong>Local:<\/strong>\u00a0Bras\u00edlia (DF)<br><strong>Data da inscri\u00e7\u00e3o:<\/strong>\u00a0 at\u00e9 25\/10<br><strong>Edital:\u00a0<\/strong><a href=\"http:\/\/jcconcursos.uol.com.br\/arquivos\/pdf\/DF_Conselho_Regional_de_Contabilidade_(CRC)_edital_ed._1761.pdf\" target=\"_blank\" rel=\"noopener noreferrer\">http:\/\/jcconcursos.uol.com.br\/arquivos\/pdf\/DF_Conselho_Regional_de_Contabilidade_(CRC)_edital_ed._1761.pdf<\/a><\/p>\n<p><strong>FUNDA\u00c7\u00c3O DE SA\u00daDE DO MUNIC\u00cdPIO DE S\u00c3O GABRIEL\/MS<\/strong><\/p>\n<p><strong>N\u00famero de vagas:\u00a0<\/strong>61 imediatas + cadastro de reserva<br><strong>Sal\u00e1rio:<\/strong>\u00a0de R$ 697,75 a R$ 11.948,11<br><strong>N\u00edvel:\u00a0<\/strong>M\u00e9dio\/t\u00e9cnico e superior<br><strong>Local:<\/strong>\u00a0S\u00e3o Gabriel (MS)<br><strong>Data da inscri\u00e7\u00e3o:<\/strong>\u00a0 at\u00e9 06\/10<br><strong>Edital:\u00a0<\/strong><a href=\"http:\/\/jcconcursos.uol.com.br\/arquivos\/pdf\/RS_Sao_Gabriel_dOeste_Funsaude_ed_1762.pdf\" target=\"_blank\" rel=\"noopener noreferrer\">http:\/\/jcconcursos.uol.com.br\/arquivos\/pdf\/RS_Sao_Gabriel_dOeste_Funsaude_ed_1762.pdf<\/a><\/p>\n<p><strong>INSTITUTO DE SA\u00daDE E GEST\u00c3O HOSPITALAR DE QUIXERAMOBIM\/CE<\/strong><\/p>\n<p><strong>N\u00famero de vagas:\u00a0<\/strong>5.138<br><strong>Sal\u00e1rio:<\/strong>\u00a0de R$ 724 a\u00a0R$ 8.264,65<br><strong>N\u00edvel:\u00a0<\/strong>Fundamental, m\u00e9dio\/t\u00e9cnico e superior<br><strong>Local:<\/strong>\u00a0Quixeramobim (CE)<br><strong>Data da inscri\u00e7\u00e3o:<\/strong>\u00a0 at\u00e9 21\/09<br><strong>Edital:\u00a0<\/strong><a href=\"http:\/\/jcconcursos.uol.com.br\/arquivos\/pdf\/CE_Hospital_do_Sertao_Central_ed_1761.pdf\" target=\"_blank\" rel=\"noopener noreferrer\">http:\/\/jcconcursos.uol.com.br\/arquivos\/pdf\/CE_Hospital_do_Sertao_Central_ed_1761.pdf<\/a><\/p>\n<p><strong>PREFEITURA DE PEDRA BRANCA\/CE<\/strong><\/p>\n<p><strong>N\u00famero de vagas:\u00a0<\/strong>395<br><strong>Sal\u00e1rio:<\/strong>\u00a0de R$ 724 a\u00a0R$ 7.000<br><strong>N\u00edvel:\u00a0<\/strong>Fundamental, m\u00e9dio\/t\u00e9cnico e superior<br><strong>Local:<\/strong>\u00a0Pedra Branca (CE)<br><strong>Data da inscri\u00e7\u00e3o:<\/strong>\u00a0 at\u00e9 10\/09<br><strong>Edital:\u00a0<\/strong><a href=\"http:\/\/jcconcursos.uol.com.br\/arquivos\/pdf\/CE_Pedra_Branca_Pref_ed_2_1760.pdf\" target=\"_blank\" rel=\"noopener noreferrer\">http:\/\/jcconcursos.uol.com.br\/arquivos\/pdf\/CE_Pedra_Branca_Pref_ed_2_1760.pdf<\/a><\/p>\n<p><strong>PREFEITURA DE JURUCUTU\/RN<\/strong><\/p>\n<p><strong>N\u00famero de vagas:\u00a0<\/strong>307<br><strong>Sal\u00e1rio:<\/strong>\u00a0de R$ 724 a\u00a0R$ 10.000<br><strong>N\u00edvel:\u00a0<\/strong>Fundamental, m\u00e9dio\/t\u00e9cnico e superior<br><strong>Local:<\/strong>\u00a0Jurucutu (RN)<br><strong>Data da inscri\u00e7\u00e3o:<\/strong>\u00a0 at\u00e9 13\/10<br><strong>Edital:\u00a0<\/strong><a href=\"http:\/\/jcconcursos.uol.com.br\/arquivos\/pdf\/RN_Jucurutu_Pref_ed_1762.pdf\" target=\"_blank\" rel=\"noopener noreferrer\">http:\/\/jcconcursos.uol.com.br\/arquivos\/pdf\/RN_Jucurutu_Pref_ed_1762.pdf<\/a><\/p>\n<p><strong>PREFEITURA DE JARDIM DAS PIRANHAS\/RN<\/strong><\/p>\n<p><strong>N\u00famero de vagas:\u00a0<\/strong>114<br><strong>Sal\u00e1rio:<\/strong>\u00a0de R$ 724 a\u00a0R$ 10.300,60<br><strong>N\u00edvel:\u00a0<\/strong>Fundamental, m\u00e9dio\/t\u00e9cnico e superior<br><strong>Local:<\/strong>\u00a0Jardim das Piranhas (RN)<br><strong>Data da inscri\u00e7\u00e3o:<\/strong>\u00a0 at\u00e9 13\/10<br><strong>Edital:\u00a0<\/strong><a href=\"http:\/\/jcconcursos.uol.com.br\/arquivos\/pdf\/RN_Jardim_das_Piranhas_Pref_ed_1762.pdf\" target=\"_blank\" rel=\"noopener noreferrer\">http:\/\/jcconcursos.uol.com.br\/arquivos\/pdf\/RN_Jardim_das_Piranhas_Pref_ed_1762.pdf<\/a><\/p>\n<p><a href=\"https:\/\/www.novaconcursos.com.br\/?utm_source=blog&amp;utm_medium=smm&amp;utm_content=banner&amp;utm_campaign=branding\" target=\"_blank\" rel=\"noopener noreferrer\"><img decoding=\"async\" alt=\"banner_nova_468_60_arrumado\" src=\"https:\/\/www.novaconcursos.com.br\/portal\/wp-content\/uploads\/2014\/06\/banner_nova_468_60_arrumado.jpg\" width=\"468\" height=\"60\" loading=\"lazy\" title=\"\"><\/a><\/p>\n<p>Aproveite e adquira apostilas<a title=\"Apostilas Para os concursos com a Editora Nova\" href=\"http:\/\/ow.ly\/lKkeX\" target=\"_blank\" rel=\"noopener noreferrer\">\u00a0para concurso da Nova<\/a>\u00a0! Tamb\u00e9m\u00a0<a title=\"Facebook Nova Concursos\" href=\"http:\/\/ow.ly\/lKkiG\" target=\"_blank\" rel=\"noopener noreferrer\">acompanhe-nos no Facebook\u00a0<\/a>e\u00a0<a title=\"Google Plus Nova Concursos\" href=\"https:\/\/plus.google.com\/113682945901149018071\" target=\"_blank\" rel=\"noopener noreferrer\">Google Plus<\/a>\u00a0para saber das novidades e dicas!<\/p>\n<p>Gostou? N\u00e3o deixe de votar abaixo!<\/p>\n<p><a href=\"https:\/\/www.novaconcursos.com.br\/portal\/wp-content\/uploads\/2014\/06\/avalie-a-nova.png\"><img decoding=\"async\" alt=\"avalie-a-nova\" src=\"https:\/\/www.novaconcursos.com.br\/portal\/wp-content\/uploads\/2014\/06\/avalie-a-nova.png\" width=\"108\" height=\"96\" loading=\"lazy\" title=\"\"><\/a><\/p>","protected":false},"excerpt":{"rendered":"<p>Confira os principais editais desta semana com a Nova Concursos! CIOP \u2013 Cons\u00f3rcio Intermunicipal Paulista\/SP N\u00famero de vagas:\u00a078Sal\u00e1rio:\u00a0de R$ 900 a R$ 12.000N\u00edvel:\u00a0Fundamental, m\u00e9dio e superiorLocal:\u00a0Rejente Feij\u00f3, Racha\u00e7aria, Presidente Bernardes e Presidente Epit\u00e1cio (SP)Data da inscri\u00e7\u00e3o:\u00a0 at\u00e9 15\/09Edital:\u00a0http:\/\/jcconcursos.uol.com.br\/arquivos\/pdf\/SP_CIOP_ed_1762.pdf PREFEITURA DE EMBU DAS ARTES\/SP N\u00famero de vagas:\u00a012 imediatas + 180 de cadastro de reservaSal\u00e1rio:\u00a0de 1.317,92 a [&hellip;]<\/p>\n","protected":false},"author":16,"featured_media":6311,"comment_status":"closed","ping_status":"closed","sticky":false,"template":"","format":"standard","meta":{"_acf_changed":false,"footnotes":"","_wp_rev_ctl_limit":""},"categories":[228],"tags":[461,462,463,464,465,466,467,468],"class_list":["post-10232","post","type-post","status-publish","format-standard","has-post-thumbnail","hentry","category-noticias","tag-editais","tag-editais-2014","tag-editais-dicas-de-edital","tag-editais-para-concurso","tag-edital","tag-edital-2014","tag-edital-para-concurso","tag-lista-edital"],"acf":[],"_links":{"self":[{"href":"https:\/\/www.novaconcursos.com.br\/portal\/wp-json\/wp\/v2\/posts\/10232","targetHints":{"allow":["GET"]}}],"collection":[{"href":"https:\/\/www.novaconcursos.com.br\/portal\/wp-json\/wp\/v2\/posts"}],"about":[{"href":"https:\/\/www.novaconcursos.com.br\/portal\/wp-json\/wp\/v2\/types\/post"}],"author":[{"embeddable":true,"href":"https:\/\/www.novaconcursos.com.br\/portal\/wp-json\/wp\/v2\/users\/16"}],"replies":[{"embeddable":true,"href":"https:\/\/www.novaconcursos.com.br\/portal\/wp-json\/wp\/v2\/comments?post=10232"}],"version-history":[{"count":2,"href":"https:\/\/www.novaconcursos.com.br\/portal\/wp-json\/wp\/v2\/posts\/10232\/revisions"}],"predecessor-version":[{"id":113147,"href":"https:\/\/www.novaconcursos.com.br\/portal\/wp-json\/wp\/v2\/posts\/10232\/revisions\/113147"}],"wp:featuredmedia":[{"embeddable":true,"href":"https:\/\/www.novaconcursos.com.br\/portal\/wp-json\/wp\/v2\/media\/6311"}],"wp:attachment":[{"href":"https:\/\/www.novaconcursos.com.br\/portal\/wp-json\/wp\/v2\/media?parent=10232"}],"wp:term":[{"taxonomy":"category","embeddable":true,"href":"https:\/\/www.novaconcursos.com.br\/portal\/wp-json\/wp\/v2\/categories?post=10232"},{"taxonomy":"post_tag","embeddable":true,"href":"https:\/\/www.novaconcursos.com.br\/portal\/wp-json\/wp\/v2\/tags?post=10232"}],"curies":[{"name":"wp","href":"https:\/\/api.w.org\/{rel}","templated":true}]}}