{"id":102409,"date":"2020-06-19T15:17:56","date_gmt":"2020-06-19T18:17:56","guid":{"rendered":"https:\/\/www.novaconcursos.com.br\/portal\/?post_type=nc-public-tender&#038;p=102409"},"modified":"2025-05-06T15:34:55","modified_gmt":"2025-05-06T18:34:55","slug":"concurso-prefeitura-de-sao-sebastiao-do-anta-mg","status":"publish","type":"post","link":"https:\/\/www.novaconcursos.com.br\/portal\/concursos\/concurso-prefeitura-de-sao-sebastiao-do-anta-mg\/","title":{"rendered":"Concurso Prefeitura de S\u00e3o Sebasti\u00e3o do Anta &#8211; MG: SAIU EDITAL com 95 vagas!"},"content":{"rendered":"<p>Foi divulgado o <strong>edital<\/strong> do novo concurso <strong>Prefeitura de S\u00e3o Sebasti\u00e3o do Anta<\/strong>, no estado de Minas Gerais. As oportunidades s\u00e3o destinadas para cargos de <strong>n\u00edveis fundamental, m\u00e9dio e superior<\/strong>, com sal\u00e1rios de at\u00e9 <strong>R$ 9,7 mil<\/strong>.<\/p>\n<p>Os interessados podem se <strong>inscrever a partir do m\u00eas de agosto<\/strong>, no site da Staff. Os candidatos ser\u00e3o avaliados por meio de <strong>prova objetiva<\/strong>, de car\u00e1ter eliminat\u00f3rio e classificat\u00f3rio!<\/p>\n<h2 id=\"como-fazer-a-inscrio-do-concurso-prefeitura-de-so-sebastio-d\">Como fazer a inscri\u00e7\u00e3o do concurso Prefeitura de S\u00e3o Sebasti\u00e3o do Anta \u2013 MG?<\/h2>\n<p>As <strong>inscri\u00e7\u00f5es<\/strong> estar\u00e3o abertas a partir das <strong>08 horas do dia 17 de agosto at\u00e9 \u00e0s 20 horas do dia 17 de setembro de 2020<\/strong>.<\/p>\n<p><strong>Para se inscrever<\/strong>, o candidato dever\u00e1 acessar o site da banca organizadora, Staff.<\/p>\n<p>A <strong>taxa de inscri\u00e7\u00e3o<\/strong> varia nos seguintes valores:<\/p>\n<p>\u2013 <strong>N\u00edvel Fundamental<\/strong>: R$ 40,00;<\/p>\n<p>\u2013 <strong>N\u00edvel M\u00e9dio<\/strong>: R$ 60,00;<\/p>\n<p>\u2013 <strong>N\u00edvel Superior<\/strong>: R$ 90,00.<\/p>\n<p>O pagamento da taxa de inscri\u00e7\u00e3o dever\u00e1 ser realizado at\u00e9 o dia <strong>18 de setembro de 2020<\/strong>.<\/p>\n<h3>Inscri\u00e7\u00e3o Presencial<\/h3>\n<p>\u2022 <strong>Per\u00edodo<\/strong>: 17\/08\/2020 a 17\/09\/2020 exceto aos s\u00e1bados, domingos, feriados e eventuais pontos facultativos declarados por \u00f3rg\u00e3o oficial.<\/p>\n<p>\u2022 <strong>Hor\u00e1rio<\/strong>: das 08 \u00e0s 16 horas, n\u00e3o havendo atendimento fora do hor\u00e1rio estabelecido.<\/p>\n<p>\u2022 <strong>Local das inscri\u00e7\u00f5es<\/strong>: Prefeitura Municipal de S\u00e3o Sebasti\u00e3o do Anta<\/p>\n<p>\u2022 <strong>Endere\u00e7o<\/strong>: Avenida Jos\u00e9 Ant\u00f4nio Santana, 555, Centro<\/p>\n<p>O candidato dever\u00e1 apresentar <strong>documento de identifica\u00e7\u00e3o<\/strong> para que seja realizada sua inscri\u00e7\u00e3o e <strong>CPF<\/strong>.<\/p>\n<h2 id=\"vagas-e-salrios-do-concurso-prefeitura-de-so-sebastio-do-ant\">Vagas e sal\u00e1rios do concurso Prefeitura de S\u00e3o Sebasti\u00e3o do Anta \u2013 MG<\/h2>\n<p>O certame oferta <strong>95 vagas<\/strong> de car\u00e1ter imediato, para os n\u00edveis fundamental, m\u00e9dio e superior. As <strong>oportunidades<\/strong> s\u00e3o para os seguintes cargos:<\/p>\n<p>\u2666 <strong>N\u00edvel Fundamental<\/strong>: Agente de Sa\u00fade (4), Auxiliar Administrativo (9), Auxiliar de Servi\u00e7os Gerais (18), Gari (7), Mestre de Obras (1), Motorista D (7), Operador de M\u00e1quinas Leves (1), Operador de M\u00e1quinas Pesadas (1), Oper\u00e1rio (6), Vigia (3);<\/p>\n<p>\u2666 <strong>N\u00edvel M\u00e9dio<\/strong>: Agente Comunit\u00e1rio de Sa\u00fade (11), Assistente Administrativo (1), Auxiliar de Sa\u00fade Bucal PSF (1), Auxiliar de Secretaria Escolar (2), Fiscal de Vigil\u00e2ncia Sanit\u00e1ria (1), Fiscal Municipal (1), Monitor de Creche Escolar (2), Monitor Escolar de Educa\u00e7\u00e3o Infantil (1), T\u00e9cnico em Farm\u00e1cia (1), T\u00e9cnico em Seguran\u00e7a do Trabalho (1);<\/p>\n<p>\u2666 <strong>N\u00edvel Superior<\/strong>: Assistente Social (1), Engenheiro Civil (1), Fisioterapeuta (1), Fonoaudi\u00f3logo (1), M\u00e9dico PSF (1), Pedagogo (1), Professor de Educa\u00e7\u00e3o B\u00e1sica I (12), Professor de Educa\u00e7\u00e3o F\u00edsica (2), Professor de Matem\u00e1tica (1), Professor de Hist\u00f3ria (1), Professor de Ci\u00eancias (1).<\/p>\n<p>Os sal\u00e1rios variam de <strong>R$ 1.045,00 a R$ 9.711,00<\/strong>, com jornadas de trabalho de <strong>20 a 40<\/strong> hora semanais.<\/p>\n<h2 id=\"como-ser-a-prova-do-concurso-prefeitura-de-so-sebastio-do-an\">Como ser\u00e1 a prova do concurso Prefeitura de S\u00e3o Sebasti\u00e3o do Anta \u2013 MG?<\/h2>\n<p>A <strong>avalia\u00e7\u00e3o<\/strong> dos candidatos ser\u00e1 por meio de <strong>prova objetiva<\/strong> (para todos os cargos), realizada na data prov\u00e1vel de <strong>18 de outubro de 2020<\/strong>, com dura\u00e7\u00e3o de <strong>3 horas<\/strong>.<\/p>\n<p>Os <strong>locais e hor\u00e1rios<\/strong> de aplica\u00e7\u00e3o das provas ser\u00e3o informados no site da banca organizadora, Staff, a partir do dia <strong>09 de outubro de 2020<\/strong>.<\/p>\n<p>As provas objetivas constar\u00e3o de quest\u00f5es de m\u00faltipla escolha com <strong>4 (quatro) op\u00e7\u00f5es (A, B, C, D) e uma \u00fanica resposta correta<\/strong>.<\/p>\n<p>Ser\u00e1 <strong>aprovado<\/strong> o candidato que obtiver nota igual ou superior a <strong>50% (cinquenta por cento)<\/strong> do total de pontos das provas objetivas inerentes ao cargo.<\/p>\n<p><strong>As respostas das provas objetivas dever\u00e3o ser transcritas para a Folha de Respostas, que \u00e9 o \u00fanico documento v\u00e1lido para corre\u00e7\u00e3o eletr\u00f4nica<\/strong>. Em nenhuma hip\u00f3tese haver\u00e1 substitui\u00e7\u00e3o da Folha de Respostas por erro do candidato, sendo da responsabilidade exclusiva do candidato os preju\u00edzos advindos de marca\u00e7\u00f5es feitas incorretamente, emenda ou rasura, ainda que leg\u00edvel.<\/p>\n<p>Haver\u00e1 ainda uma <strong>prova de t\u00edtulos<\/strong> para os cargos de Pedagogo e Professores. Al\u00e9m de uma <strong>prova pr\u00e1tica<\/strong> para os cargos de Motorista D, Operador de M\u00e1quinas Pesadas e Operador de M\u00e1quinas Leves.<\/p>\n<p>O <strong>conte\u00fado program\u00e1tico<\/strong> da prova ir\u00e1 constar as disciplinas de L\u00edngua Portuguesa, Matem\u00e1tica, Sa\u00fade P\u00fablica, Conhecimentos Pedag\u00f3gicos e Conhecimentos Espec\u00edficos.<\/p>\n<p><strong>O prazo de validade do concurso p\u00fablico \u00e9 de 02 (dois) anos<\/strong>, contados da data da homologa\u00e7\u00e3o do seu resultado final, podendo ser prorrogado por igual per\u00edodo, uma \u00fanica vez a crit\u00e9rio da Administra\u00e7\u00e3o Municipal.<\/p>\n<h2 id=\"requisitos-necessrios-para-investidura-nos-cargos-do-concurs\">Requisitos necess\u00e1rios para investidura nos cargos do concurso Prefeitura de S\u00e3o Sebasti\u00e3o do Anta \u2013 MG<\/h2>\n<p>\u2013 Ter sido aprovado no Concurso P\u00fablico, na forma estabelecida no edital;<\/p>\n<p>\u2013 Ter nacionalidade brasileira ou portuguesa e, em caso de nacionalidade portuguesa, estar amparado pelo estatuto de igualdade entre brasileiros e portugueses, com reconhecimento de gozo de direitos pol\u00edticos, na forma do disposto no art. 13 do Decreto n\u00ba 70.436, de 18 de abril de 1972 e art. 12, \u00a7 1\u00ba c\/c art. 37, inciso I da Constitui\u00e7\u00e3o da Rep\u00fablica Federativa do Brasil de 1988;<\/p>\n<p>\u2013 Possuir, na data da posse, certificado\/diploma de acordo com as exig\u00eancias do cargo, obtido em institui\u00e7\u00e3o de ensino p\u00fablico ou privado, devidamente reconhecido pelo MEC;<\/p>\n<p>\u2013 Estar em dia com as obriga\u00e7\u00f5es eleitorais;<\/p>\n<p>\u2013 Estar em dia com as obriga\u00e7\u00f5es militares, em caso de candidato do sexo masculino;<\/p>\n<p>\u2013 Ter idade m\u00ednima de 18 anos completos na data da posse;<\/p>\n<p>\u2013 Ter aptid\u00e3o f\u00edsica e mental para o pleno exerc\u00edcio das atribui\u00e7\u00f5es do cargo;<\/p>\n<p>\u2013 Apresentar, na \u00e9poca da posse, os documentos comprobat\u00f3rios de Resultado e Convoca\u00e7\u00e3o.<\/p>\n<h2 id=\"sobre-o-municpio-de-so-sebastio-do-anta-mg\">Sobre o munic\u00edpio de S\u00e3o Sebasti\u00e3o do Anta \u2013 MG<\/h2>\n<p>S\u00e3o Sebasti\u00e3o do Anta \u00e9 um munic\u00edpio brasileiro do estado de Minas Gerais. Com cerca de 6 mil habitantes, est\u00e1 situado na Microrregi\u00e3o de Caratinga e Mesorregi\u00e3o do Vale do Rio Doce.<\/p>\n<p>O munic\u00edpio foi emancipado no dia 21 de dezembro de 1995 com publica\u00e7\u00e3o oficial no Di\u00e1rio da Uni\u00e3o. A primeira elei\u00e7\u00e3o municipal aconteceu no dia em 3 de outubro de 1996, e sendo eleitos Francisco Jos\u00e9 de Freitas e Juscelino de Assis Ribeiro.<\/p>\n<p>S\u00e3o Sebasti\u00e3o do Anta \u00e9 um munic\u00edpio conhecido por produzir caf\u00e9 de boa qualidade. Na zona rural da cidade h\u00e1 centenas de pequenas fazendas que trabalham no beneficiamento do caf\u00e9.<\/p>\n<p>S\u00e3o Sebasti\u00e3o do Anta \u00e9 uma cidade com \u00e1reas montanhosas, sendo a principal atra\u00e7\u00e3o o pico do cruzeiro localizado ao leste no C\u00f3rrego dos Britos.<\/p>\n<p>No in\u00edcio do s\u00e9culo XX, a regi\u00e3o era de dif\u00edcil acesso, sendo por muitas vezes chamada de Sert\u00e3o do Rio Doce, portanto, carente de infraestrutura. Essa situa\u00e7\u00e3o seria alterada, ainda que temporariamente, pela chegada de um habitante do Rio de Janeiro, Joaquim C\u00e2ndido da Silva, ao hoje munic\u00edpio vizinho, Imb\u00e9 de Minas.<\/p>\n<p>Joaquim C\u00e2ndido ascendeu na regi\u00e3o, conquistando grande capital econ\u00f4mico e pol\u00edtico, se tornando tamb\u00e9m uma figura importante para o desenvolvimento de Santana do Imb\u00e9, o que incomodou importantes lideran\u00e7as pol\u00edticas regionais. Em outubro de 1930, no calor da revolu\u00e7\u00e3o que levou Get\u00falio Vargas ao poder, foram brutalmente executados em pra\u00e7a p\u00fablica, o fazendeiro Joaquim C\u00e2ndido da Silva e quatro de seus amigos.<\/p>\n<p>A revolu\u00e7\u00e3o chegaria \u00e0 S\u00e3o Sebasti\u00e3o do Anta, mirando as terras do, ent\u00e3o recentemente falecido, Cel. Jo\u00e3o Barbosa dos Santos J\u00fanior. A vi\u00fava do coronel, Maria Ferreira, chegou a ficar sitiada em sua fazenda, contudo, lideraria contrarrevolu\u00e7\u00e3o, colocando uma espingarda em cada janela de sua casa e blefando que havia homens no sobrado, o que fez com que as tropas inimigas optassem por avan\u00e7ar para o bosque que havia perto da fazenda, encontrando l\u00e1 Jo\u00e3o Barbosa Neto, acompanhado por coron\u00e9is e jagun\u00e7os aliados de seu pai que esperavam pelos revolucion\u00e1rios em uma emboscada. Para acalmar os \u00e2nimos e provar que n\u00e3o era opositora ao regime rec\u00e9m instaurado, Maria Ferreira tratou o casamento de sua neta Rita Barbosa dos Santos com um filho de Ana L\u00e9lis Drummond, prima de Carlos Drummond de Andrade.<\/p>\n<p>Na \u00e9poca o famoso poeta itabirano mal tinha publicado sua primeira obra, mas era um influente pol\u00edtico, \u00edntimo colaborador de Gustavo Capanema, Drummond foi o oficial-de-gabinete na Secretaria do Interior e Justi\u00e7a de Minas Gerais -de onde foi liderada a Revolu\u00e7\u00e3o de 1930- secret\u00e1rio particular quando Capanema exerceu a interventoria do estado em 1933, e chefe de gabinete de 1934 a 1945, durante sua gest\u00e3o no Minist\u00e9rio da Educa\u00e7\u00e3o e Sa\u00fade.<\/p>","protected":false},"excerpt":{"rendered":"<p>Foi divulgado o edital do novo concurso Prefeitura de S\u00e3o Sebasti\u00e3o do Anta, no estado de Minas Gerais. As oportunidades s\u00e3o destinadas para cargos de n\u00edveis fundamental, m\u00e9dio e superior, com sal\u00e1rios de at\u00e9 R$ 9,7 mil.<\/p>\n","protected":false},"author":16,"featured_media":0,"comment_status":"closed","ping_status":"closed","sticky":false,"template":"","format":"standard","meta":{"_acf_changed":false,"footnotes":"","_wp_rev_ctl_limit":""},"categories":[44999],"tags":[],"class_list":["post-102409","post","type-post","status-publish","format-standard","hentry","category-concursos"],"acf":[],"_links":{"self":[{"href":"https:\/\/www.novaconcursos.com.br\/portal\/wp-json\/wp\/v2\/posts\/102409","targetHints":{"allow":["GET"]}}],"collection":[{"href":"https:\/\/www.novaconcursos.com.br\/portal\/wp-json\/wp\/v2\/posts"}],"about":[{"href":"https:\/\/www.novaconcursos.com.br\/portal\/wp-json\/wp\/v2\/types\/post"}],"author":[{"embeddable":true,"href":"https:\/\/www.novaconcursos.com.br\/portal\/wp-json\/wp\/v2\/users\/16"}],"replies":[{"embeddable":true,"href":"https:\/\/www.novaconcursos.com.br\/portal\/wp-json\/wp\/v2\/comments?post=102409"}],"version-history":[{"count":3,"href":"https:\/\/www.novaconcursos.com.br\/portal\/wp-json\/wp\/v2\/posts\/102409\/revisions"}],"predecessor-version":[{"id":281749,"href":"https:\/\/www.novaconcursos.com.br\/portal\/wp-json\/wp\/v2\/posts\/102409\/revisions\/281749"}],"wp:attachment":[{"href":"https:\/\/www.novaconcursos.com.br\/portal\/wp-json\/wp\/v2\/media?parent=102409"}],"wp:term":[{"taxonomy":"category","embeddable":true,"href":"https:\/\/www.novaconcursos.com.br\/portal\/wp-json\/wp\/v2\/categories?post=102409"},{"taxonomy":"post_tag","embeddable":true,"href":"https:\/\/www.novaconcursos.com.br\/portal\/wp-json\/wp\/v2\/tags?post=102409"}],"curies":[{"name":"wp","href":"https:\/\/api.w.org\/{rel}","templated":true}]}}