{"id":102548,"date":"2020-06-25T16:30:14","date_gmt":"2020-06-25T19:30:14","guid":{"rendered":"https:\/\/www.novaconcursos.com.br\/portal\/?p=102548"},"modified":"2020-06-26T16:44:09","modified_gmt":"2020-06-26T19:44:09","slug":"concurso-pc-es-deputados-cobram-novo-edital-para-o-cargo-de-delegado","status":"publish","type":"post","link":"https:\/\/www.novaconcursos.com.br\/portal\/noticias\/concurso-pc-es-deputados-cobram-novo-edital-para-o-cargo-de-delegado\/","title":{"rendered":"Concurso PC ES: Deputados cobram novo edital para o cargo de Delegado!"},"content":{"rendered":"<p><strong>Ap\u00f3s<\/strong> <strong>anula\u00e7\u00e3o do edital de 2019<\/strong>, deputados cobram a abertura de um novo <a rel=\"noreferrer noopener\" aria-label=\"concurso (abre numa nova aba)\" href=\"https:\/\/www.novaconcursos.com.br\/\" target=\"_blank\">concurso<\/a> <strong>PC ES<\/strong> (Pol\u00edcia Civil do Esp\u00edrito Santo) <strong>para a carreira de Delegado<\/strong>.<\/p>\n\n\n\n<p>[mauticform id=\u201d219\u2033 chamada=\u201dQuest\u00f5es comentadas por professores especialistas e com ampla experi\u00eancia em concursos p\u00fablicos, APROVEITE!\u201d titulo=\u201dBAIXE GR\u00c1TIS: Racioc\u00ednio L\u00f3gico para Concursos!\u201d track=\u201dform-raciocinio-logico-para-concursos\u201d]<\/p>\n\n\n\n<h2 class=\"wp-block-heading\" id=\"novo-edital-pc-es-para-delegado\">Novo edital PC ES para Delegado<\/h2>\n\n\n\n<p>A abertura de um novo concurso PC ES para o cargo de <strong>Delegado<\/strong>, foi tratada em reuni\u00e3o virtual da Comiss\u00e3o de Seguran\u00e7a da Assembleia Legislativa (AL ES). <strong>Deputados cobraram a divulga\u00e7\u00e3o de um novo edital para a carreira, tendo em vista que o de 2019 foi anulado<\/strong>.<\/p>\n\n\n\n<p>O deputado Danilo Bahiense (PSL), informou que esteve com o delegado chefe da Pol\u00edcia Civil, Darcy Arruada, <strong>e o mesmo garantiu o empenho em realizar um novo concurso PC ES o mais r\u00e1pido poss\u00edvel<\/strong>.<\/p>\n\n\n\n<p>O cargo de Delegado tem exig\u00eancia de <strong>bacharelado em Direito, e tr\u00eas anos de pr\u00e1tica forense ap\u00f3s a conclus\u00e3o do curso de Direito. Ou ainda tr\u00eas anos de atividade policial<\/strong>, em qualquer institui\u00e7\u00e3o de seguran\u00e7a p\u00fablica, devidamente comprovada.<\/p>\n\n\n\n<p>As remunera\u00e7\u00f5es iniciais s\u00e3o de<strong> R$ 10.058,56<\/strong>, com jornadas de trabalho de <strong>40 horas semanais<\/strong>, em dedica\u00e7\u00e3o exclusiva.<\/p>\n\n\n\n<p>Outro assunto abordado, <strong>foi o andamento dos concursos p\u00fablicos para Peritos, Escriv\u00e3es e Investigadores da Pol\u00edcia Civil<\/strong>. Al\u00e9m da reabertura de delegacias fechadas na Grande Vit\u00f3ria e no interior do Estado e a constru\u00e7\u00e3o de delegacia regional em Cariacica.<\/p>\n\n\n\n<p><em>\u201cSobre as quest\u00f5es das delegacias fechadas, a demanda pela regional de Cariacica, a necessidade dos avan\u00e7os nos concursos em andamento, tanto na Civil como na PM, estamos atentos aqui na comiss\u00e3o e sempre cobrando do Governo. Espero que o mais r\u00e1pido poss\u00edvel possa ter not\u00edcias positivas para todos\u201d<\/em>, informou o deputado Danilo Bahiense.<\/p>\n\n\n\n<p>Os parlamentares Coronel Alexandre Quintino (PSL), Luciano Machado (PV) e Capit\u00e3o Assun\u00e7\u00e3o (Patriota) tamb\u00e9m participaram da reuni\u00e3o. Eles reafirmaram o compromisso da <strong>Comiss\u00e3o de Seguran\u00e7a para fazer gest\u00f5es junto ao governo em torno das demandas apresentadas pelas lideran\u00e7as das categorias do setor<\/strong>.<\/p>\n\n\n\n<div class=\"wp-block-image\"><figure class=\"aligncenter size-large is-resized\"><img decoding=\"async\" src=\"https:\/\/www.novaconcursos.com.br\/portal\/wp-content\/uploads\/2019\/10\/PC-ES-1024x682.jpeg\" alt=\"\" class=\"wp-image-92710\" width=\"780\" height=\"519\" loading=\"lazy\" title=\"\" srcset=\"https:\/\/www.novaconcursos.com.br\/portal\/wp-content\/uploads\/2019\/10\/PC-ES-300x200.jpeg 300w, https:\/\/www.novaconcursos.com.br\/portal\/wp-content\/uploads\/2019\/10\/PC-ES-1024x682.jpeg 1024w, https:\/\/www.novaconcursos.com.br\/portal\/wp-content\/uploads\/2019\/10\/PC-ES.jpeg 1232w\" sizes=\"auto, (max-width: 480px) 100vw, (max-width: 768px) 100vw, (max-width: 1200px) 70vw, 768px\"><\/figure><\/div>\n\n\n\n<h2 class=\"wp-block-heading\" id=\"concurso-pc-es-2019-para-delegado-foi-anulado\">Concurso PC ES 2019 para Delegado foi anulado<\/h2>\n\n\n\n<p>No m\u00eas de mar\u00e7o, o delegado-geral da Pol\u00edcia Civil do Esp\u00edrito Santo, Darcy Arruda, <strong>decidiu anular o concurso PC ES para o cargo de Delegado<\/strong>. A decis\u00e3o foi divulgada no Di\u00e1rio Oficial do Estado, e atende a um parecer da PGE (Procuradoria Geral do Estado).<\/p>\n\n\n\n<p>Foi recomendado pelo \u00f3rg\u00e3o, <strong>que o certame fosse anulado ap\u00f3s a procura de um grupo de candidatos para questionar os crit\u00e9rios usados para corre\u00e7\u00e3o da prova discursiva<\/strong>. Antes disso, a Defensoria P\u00fablica do Estado recomendou a suspens\u00e3o do certame para apurar os fatos.<\/p>\n\n\n\n<p>Isso porque, a sele\u00e7\u00e3o estava em um contexto de falta de informa\u00e7\u00f5es e de cr\u00edticas por parte da doutrina especializada em rela\u00e7\u00e3o ao gabarito oficial adotado pela banca organizadora Instituto Acesso,<strong> caracterizando um flagrante a viola\u00e7\u00e3o a diversos princ\u00edpios da Administra\u00e7\u00e3o P\u00fablica<\/strong>.<\/p>\n\n\n\n<p><em>\u201cDiante dessas reclama\u00e7\u00f5es, questionamos o Instituto Acesso, respons\u00e1vel pelo certame, a nos informar qual a qualifica\u00e7\u00e3o das pessoas que elaboraram os exames e n\u00e3o obtivemos resposta. Os problemas encontrados foram nos crit\u00e9rios de corre\u00e7\u00e3o da prova, pois alguns itens nem sequer existiam\u201d<\/em>, salientou a defensora p\u00fablica, Fl\u00e1via Benevides.<\/p>\n\n\n\n<p>Segundo a defensora, <strong>a inten\u00e7\u00e3o da anula\u00e7\u00e3o foi resolver a situa\u00e7\u00e3o de maneira extrajudicial<\/strong>, para que n\u00e3o haja preju\u00edzo a nenhum dos candidatos. <\/p>\n\n\n\n<p>O concurso PC ES foi aberto no m\u00eas de mar\u00e7o do ano passado. O edital trouxe a oferta de <strong>33 vagas imediatas para o cargo de Delegado<\/strong>. Os candidatos foram avaliados por meio de <strong>provas objetivas e discursivas<\/strong>, no dia 14 de julho de 2019, na cidade de Vit\u00f3ria\/ES. As avalia\u00e7\u00f5es tiveram um total de <strong>20 quest\u00f5es<\/strong>.<\/p>\n\n\n\n<p><strong>As pr\u00f3ximas fases do certame seriam:<\/strong> exame de aptid\u00e3o f\u00edsica, exame de sanidade f\u00edsica e mental, exame psicot\u00e9cnico, prova oral, avalia\u00e7\u00e3o de t\u00edtulos, comprova\u00e7\u00e3o do tempo m\u00ednimo de pr\u00e1tica forense ou atividade policial, sindic\u00e2ncia de vida pregressa e, por fim, um curso de forma\u00e7\u00e3o profissional. <\/p>","protected":false},"excerpt":{"rendered":"<p>Ap\u00f3s anula\u00e7\u00e3o do edital de 2019, deputados cobram a abertura de um novo concurso PC ES (Pol\u00edcia Civil do Esp\u00edrito Santo) para a carreira de Delegado. [mauticform id=\u201d219\u2033 chamada=\u201dQuest\u00f5es comentadas por professores especialistas e com ampla experi\u00eancia em concursos p\u00fablicos, APROVEITE!\u201d titulo=\u201dBAIXE GR\u00c1TIS: Racioc\u00ednio L\u00f3gico para Concursos!\u201d track=\u201dform-raciocinio-logico-para-concursos\u201d] Novo edital PC ES para Delegado A [&hellip;]<\/p>\n","protected":false},"author":16,"featured_media":92708,"comment_status":"closed","ping_status":"closed","sticky":false,"template":"","format":"standard","meta":{"_acf_changed":false,"footnotes":"","_wp_rev_ctl_limit":""},"categories":[228],"tags":[],"class_list":["post-102548","post","type-post","status-publish","format-standard","has-post-thumbnail","hentry","category-noticias"],"acf":[],"_links":{"self":[{"href":"https:\/\/www.novaconcursos.com.br\/portal\/wp-json\/wp\/v2\/posts\/102548","targetHints":{"allow":["GET"]}}],"collection":[{"href":"https:\/\/www.novaconcursos.com.br\/portal\/wp-json\/wp\/v2\/posts"}],"about":[{"href":"https:\/\/www.novaconcursos.com.br\/portal\/wp-json\/wp\/v2\/types\/post"}],"author":[{"embeddable":true,"href":"https:\/\/www.novaconcursos.com.br\/portal\/wp-json\/wp\/v2\/users\/16"}],"replies":[{"embeddable":true,"href":"https:\/\/www.novaconcursos.com.br\/portal\/wp-json\/wp\/v2\/comments?post=102548"}],"version-history":[{"count":3,"href":"https:\/\/www.novaconcursos.com.br\/portal\/wp-json\/wp\/v2\/posts\/102548\/revisions"}],"predecessor-version":[{"id":102599,"href":"https:\/\/www.novaconcursos.com.br\/portal\/wp-json\/wp\/v2\/posts\/102548\/revisions\/102599"}],"wp:featuredmedia":[{"embeddable":true,"href":"https:\/\/www.novaconcursos.com.br\/portal\/wp-json\/wp\/v2\/media\/92708"}],"wp:attachment":[{"href":"https:\/\/www.novaconcursos.com.br\/portal\/wp-json\/wp\/v2\/media?parent=102548"}],"wp:term":[{"taxonomy":"category","embeddable":true,"href":"https:\/\/www.novaconcursos.com.br\/portal\/wp-json\/wp\/v2\/categories?post=102548"},{"taxonomy":"post_tag","embeddable":true,"href":"https:\/\/www.novaconcursos.com.br\/portal\/wp-json\/wp\/v2\/tags?post=102548"}],"curies":[{"name":"wp","href":"https:\/\/api.w.org\/{rel}","templated":true}]}}