{"id":103268,"date":"2020-07-17T15:36:35","date_gmt":"2020-07-17T18:36:35","guid":{"rendered":"https:\/\/www.novaconcursos.com.br\/portal\/?p=103268"},"modified":"2020-07-17T15:41:02","modified_gmt":"2020-07-17T18:41:02","slug":"concurso-alap-tramites-serao-retomados-com-a-divulgacao-de-um-novo-cronograma","status":"publish","type":"post","link":"https:\/\/www.novaconcursos.com.br\/portal\/noticias\/concurso-alap-tramites-serao-retomados-com-a-divulgacao-de-um-novo-cronograma\/","title":{"rendered":"Concurso ALAP: Tr\u00e2mites ser\u00e3o retomados com a divulga\u00e7\u00e3o de um novo cronograma!"},"content":{"rendered":"<p><\/p><p>Em uma live concedida, o deputado Paulo Lemos, <strong>informou a publica\u00e7\u00e3o do novo cronograma<\/strong> do <a href=\"https:\/\/www.novaconcursos.com.br\/\" target=\"_blank\" rel=\"noreferrer noopener\" aria-label=\"concurso (abre numa nova aba)\">concurso<\/a> <strong>ALAP<\/strong> (Assembleia Legislativa do Amap\u00e1) <strong>e anunciou algumas datas<\/strong>.<\/p>\n[mauticform id=\u201d138\u2033 chamada=\u201dPDF com Previs\u00f5es para 2020 + Cronograma de Estudos (V\u00eddeos + Arquivo Modelo) + Aulas para come\u00e7ar HOJE!\u201d titulo=\u201dBAIXE GR\u00c1TIS: KIT Aprova\u00e7\u00e3o 2020!\u201d track=\u201dform-pdf-concursos-2020\u2033]\n\n\n\n<h2 class=\"wp-block-heading\" id=\"trmites-do-concurso-alap-sero-retomados\">Tr\u00e2mites do concurso ALAP ser\u00e3o retomados<\/h2>\n\n\n\n<p>Foi anunciado pelo deputado estadual, Paulo Lemos (PSOL), <strong>que o <a href=\"https:\/\/www.novaconcursos.com.br\/\" target=\"_blank\" rel=\"noreferrer noopener\" aria-label=\"concurso (abre numa nova aba)\">concurso<\/a> ALAP ser\u00e1 retomado e o novo cronograma ser\u00e1 divulgado no dia 17 de julho<\/strong>. O comunicado foi feito durante uma <a href=\"https:\/\/pt-br.facebook.com\/DepPauloLemos\/videos\/574743019865751\/\" target=\"_blank\" rel=\"noreferrer noopener\" aria-label=\"live (abre numa nova aba)\">live<\/a> realizada na rede social do parlamentar.<\/p>\n\n\n\n<p><strong>As novas datas ser\u00e3o divulgadas por meio do Di\u00e1rio Oficial do Estado do Amap\u00e1<\/strong>. Entretanto, o deputado estadual j\u00e1 informou algumas previs\u00f5es sobre as pr\u00f3ximas fases do <a href=\"https:\/\/www.novaconcursos.com.br\/\" target=\"_blank\" rel=\"noreferrer noopener\" aria-label=\"certame (abre numa nova aba)\">certame<\/a>.<\/p>\n\n\n\n<ul class=\"wp-block-list\"><li>Resultado preliminar das provas objetivas e provas discursivas (apenas para o cargo de Auxiliar Legislativo): <strong>03 de agosto de 2020<\/strong>;<\/li><\/ul><ul class=\"wp-block-list\"><li>Resultado final das provas: <strong>09 de setembro de 2020<\/strong>.<\/li><\/ul><p>De acordo com o deputado Paulo Lemos, ser\u00e3o quase <strong>25.000 candidatos<\/strong> <strong>inscritos concluindo a etapa de provas<\/strong>, ap\u00f3s o resultado final. J\u00e1 para os habilitados as carreiras de <strong>Analista Legislativo e Advogado Legislativo\/Procurador<\/strong>, ser\u00e3o <strong>14.000 candidatos inscritos<\/strong> \u00e0 espera das <strong>provas discursivas<\/strong> (estudo de caso).<\/p>\n\n\n\n<p>O <a href=\"https:\/\/www.novaconcursos.com.br\/\" target=\"_blank\" rel=\"noreferrer noopener\" aria-label=\"concurso (abre numa nova aba)\">concurso<\/a> ALAP foi suspenso no dia 24 de mar\u00e7o de 2020, em raz\u00e3o da pandemia da Covid-19. <strong>A \u00faltima etapa do certame foi a realiza\u00e7\u00e3o das provas objetivas, que aconteceu no in\u00edcio do m\u00eas de fevereiro<\/strong>.<\/p>\n\n\n\n<div class=\"wp-block-image\"><figure class=\"aligncenter size-large is-resized\"><img decoding=\"async\" src=\"https:\/\/www.novaconcursos.com.br\/portal\/wp-content\/uploads\/2020\/07\/ALAP-1.jpg\" alt=\"\" class=\"wp-image-103270\" width=\"760\" height=\"360\" loading=\"lazy\" title=\"\" srcset=\"https:\/\/www.novaconcursos.com.br\/portal\/wp-content\/uploads\/2020\/07\/ALAP-1-300x142.jpg 300w, https:\/\/www.novaconcursos.com.br\/portal\/wp-content\/uploads\/2020\/07\/ALAP-1.jpg 700w\" sizes=\"auto, (max-width: 480px) 100vw, (max-width: 768px) 100vw, (max-width: 1200px) 70vw, 768px\"><\/figure><\/div>\n\n\n\n<h2 class=\"wp-block-heading\" id=\"mais-de-36-mil-candidatos-prestaram-as-provas-do-concurso-al\">Mais de 36 mil candidatos prestaram as provas do concurso\nALAP<\/h2>\n\n\n\n<p>Aplicadas no dia 02 de fevereiro de 2020, <strong>mais de 36.000 candidatos realizaram as provas para ingresso na Assembleia Legislativa do Amap\u00e1<\/strong>.<\/p>\n\n\n\n<p><strong>As provas objetivas foram compostas pelas seguintes disciplinas:<\/strong> L\u00edngua Portuguesa, Racioc\u00ednio L\u00f3gico Matem\u00e1tico, Geografia e Hist\u00f3ria do Amap\u00e1, Conhecimentos Espec\u00edficos. Que pode variar conforme a vaga em disputa.<\/p>\n\n\n\n<p>Em mesma data, apenas os concorrentes a carreira de <strong>Auxiliar Legislativo realizaram provas discursivas (reda\u00e7\u00e3o)<\/strong>. Agora, os candidatos inscritos aos <a href=\"https:\/\/www.novaconcursos.com.br\/\" target=\"_blank\" rel=\"noreferrer noopener\" aria-label=\"cargos (abre numa nova aba)\">cargos<\/a> de Analista Legislativo e Advogado Legislativo\/Procurador, habilitados na prova objetiva, <strong>ainda far\u00e3o as provas discursivas (estudo de caso)<\/strong>.<\/p>\n\n\n\n<p>Ap\u00f3s a divulga\u00e7\u00e3o de todos os resultados, a <strong>contrata\u00e7\u00e3o dos candidatos<\/strong> classificados dentro do n\u00famero de vagas ser\u00e1 pelo <strong>regime estatut\u00e1rio<\/strong>, que assegura a estabilidade dos servidores.<\/p>\n\n\n\n<p>O <a href=\"https:\/\/www.novaconcursos.com.br\/\" target=\"_blank\" rel=\"noreferrer noopener\" aria-label=\"concurso (abre numa nova aba)\">concurso<\/a> ALAP reuniu um total de <strong>39.163 candidatos inscritos para os cargos dos n\u00edveis m\u00e9dio e superior<\/strong>. Isso quer dizer que, com uma oferta de 129 vagas, mais de <strong>300 pessoas<\/strong> concorrem a apenas uma oportunidade de ingresso na Casa.<\/p>\n\n\n\n<p>O destaque ficou para os cargos de <strong>Assistente Administrativo<\/strong> <strong>com 13.642 concorrentes<\/strong>. Em seguida, ficou a carreira de <strong>T\u00e9cnico Legislativo com 7.403 participantes<\/strong>.<\/p>\n\n\n\n<p><strong>As inscri\u00e7\u00f5es foram recebidas at\u00e9 o dia 12 de novembro de 2019<\/strong>, pelo site da banca organizadora <a href=\"https:\/\/www.novaconcursos.com.br\/\" target=\"_blank\" rel=\"noreferrer noopener\" aria-label=\"FCC (abre numa nova aba)\">FCC<\/a> (Funda\u00e7\u00e3o Carlos Chagas). <\/p>","protected":false},"excerpt":{"rendered":"<p>Em uma live concedida, o deputado Paulo Lemos, informou a publica\u00e7\u00e3o do novo cronograma do concurso ALAP (Assembleia Legislativa do Amap\u00e1) e anunciou algumas datas. [mauticform id=\u201d138\u2033 chamada=\u201dPDF com Previs\u00f5es para 2020 + Cronograma de Estudos (V\u00eddeos + Arquivo Modelo) + Aulas para come\u00e7ar HOJE!\u201d titulo=\u201dBAIXE GR\u00c1TIS: KIT Aprova\u00e7\u00e3o 2020!\u201d track=\u201dform-pdf-concursos-2020\u2033] Tr\u00e2mites do concurso ALAP [&hellip;]<\/p>\n","protected":false},"author":16,"featured_media":103269,"comment_status":"closed","ping_status":"closed","sticky":false,"template":"","format":"standard","meta":{"_acf_changed":false,"footnotes":"","_wp_rev_ctl_limit":""},"categories":[228],"tags":[],"class_list":["post-103268","post","type-post","status-publish","format-standard","has-post-thumbnail","hentry","category-noticias"],"acf":[],"_links":{"self":[{"href":"https:\/\/www.novaconcursos.com.br\/portal\/wp-json\/wp\/v2\/posts\/103268","targetHints":{"allow":["GET"]}}],"collection":[{"href":"https:\/\/www.novaconcursos.com.br\/portal\/wp-json\/wp\/v2\/posts"}],"about":[{"href":"https:\/\/www.novaconcursos.com.br\/portal\/wp-json\/wp\/v2\/types\/post"}],"author":[{"embeddable":true,"href":"https:\/\/www.novaconcursos.com.br\/portal\/wp-json\/wp\/v2\/users\/16"}],"replies":[{"embeddable":true,"href":"https:\/\/www.novaconcursos.com.br\/portal\/wp-json\/wp\/v2\/comments?post=103268"}],"version-history":[{"count":3,"href":"https:\/\/www.novaconcursos.com.br\/portal\/wp-json\/wp\/v2\/posts\/103268\/revisions"}],"predecessor-version":[{"id":103273,"href":"https:\/\/www.novaconcursos.com.br\/portal\/wp-json\/wp\/v2\/posts\/103268\/revisions\/103273"}],"wp:featuredmedia":[{"embeddable":true,"href":"https:\/\/www.novaconcursos.com.br\/portal\/wp-json\/wp\/v2\/media\/103269"}],"wp:attachment":[{"href":"https:\/\/www.novaconcursos.com.br\/portal\/wp-json\/wp\/v2\/media?parent=103268"}],"wp:term":[{"taxonomy":"category","embeddable":true,"href":"https:\/\/www.novaconcursos.com.br\/portal\/wp-json\/wp\/v2\/categories?post=103268"},{"taxonomy":"post_tag","embeddable":true,"href":"https:\/\/www.novaconcursos.com.br\/portal\/wp-json\/wp\/v2\/tags?post=103268"}],"curies":[{"name":"wp","href":"https:\/\/api.w.org\/{rel}","templated":true}]}}