{"id":103578,"date":"2025-12-09T10:14:35","date_gmt":"2025-12-09T13:14:35","guid":{"rendered":"https:\/\/www.novaconcursos.com.br\/portal\/?post_type=nc-public-tender&#038;p=103578"},"modified":"2025-12-09T10:14:39","modified_gmt":"2025-12-09T13:14:39","slug":"concurso-icmbio","status":"publish","type":"post","link":"https:\/\/www.novaconcursos.com.br\/portal\/concursos\/concurso-icmbio\/","title":{"rendered":"Concurso ICMBio: Nomea\u00e7\u00f5es divulgadas! 350 vagas!"},"content":{"rendered":"<p>O concurso ICMBio (Instituto Chico Mendes de Conserva\u00e7\u00e3o da Biodiversidade) continua avan\u00e7ando para suas etapas finais. Al\u00e9m da conclus\u00e3o das provas e fases complementares, o \u00f3rg\u00e3o j\u00e1 iniciou o processo de nomea\u00e7\u00e3o dos candidatos aprovados. <strong>Novas nomea\u00e7\u00f5es foram divulgadas<\/strong> recentemente no Di\u00e1rio Oficial da Uni\u00e3o (DOU), e os habilitados t\u00eam at\u00e9 29 de dezembro para tomar posse.<\/p>\n\n\n\n<p>Ao todo, mais de 117 mil candidatos disputaram as 3<strong>50 vagas imediatas para Analista Administrativo e Analista Ambiental,<\/strong> fun\u00e7\u00f5es distribu\u00eddas por diversas unidades do pa\u00eds. Ambos os cargos exigem n\u00edvel superior e oferecem remunera\u00e7\u00e3o inicial de aproximadamente <mark style=\"background-color:#8ed1fc\" class=\"has-inline-color\">R$ 9,8 mil<\/mark>, al\u00e9m de benef\u00edcios.<\/p>\n\n\n\n<p>Com as nomea\u00e7\u00f5es em andamento e novas etapas sendo conclu\u00eddas, o concurso ICMBio segue movimentando milhares de candidatos. Se voc\u00ea est\u00e1 participando ou pensa em tentar uma vaga futuramente, acompanhe a seguir todas as atualiza\u00e7\u00f5es desta sele\u00e7\u00e3o!<\/p>\n\n\n\n<h2 class=\"wp-block-heading\" id=\"concurso-icmbio-nomeaes\">Concurso ICMBio: Nomea\u00e7\u00f5es!<\/h2>\n\n\n\n<p>As nomea\u00e7\u00f5es do concurso ICMBio seguem em andamento, marcando mais uma etapa importante no refor\u00e7o do quadro de servidores do \u00f3rg\u00e3o. Desde a homologa\u00e7\u00e3o, o instituto vem realizando chamadas progressivas para garantir o preenchimento das vagas autorizadas e atender \u00e0 demanda crescente nas unidades de conserva\u00e7\u00e3o em todo o pa\u00eds.<\/p>\n\n\n\n<p>Novas nomea\u00e7\u00f5es foram divulgadas recentemente por meio do Di\u00e1rio Oficial da Uni\u00e3o (DOU), totalizando <strong>87 convocados adicionais<\/strong>. Os candidatos habilitados precisam ficar atentos ao prazo para apresenta\u00e7\u00e3o e posse, que se estende at\u00e9 o dia <strong>29 de dezembro<\/strong>. Quem n\u00e3o cumprir esse prazo pode perder o direito \u00e0 vaga, conforme previsto no edital.<\/p>\n\n\n\n<p>A mesma portaria que autorizou as novas convoca\u00e7\u00f5es tamb\u00e9m tornou sem efeito algumas nomea\u00e7\u00f5es publicadas anteriormente. Essa medida \u00e9 comum em concursos p\u00fablicos e ocorre, por exemplo, quando o candidato desiste, n\u00e3o cumpre os requisitos no prazo ou solicita reposicionamento. Al\u00e9m disso, houve realoca\u00e7\u00e3o de candidatos que optaram por final de fila, o que exige atualiza\u00e7\u00e3o da ordem classificat\u00f3ria para manter a lisura do processo.<\/p>\n\n\n\n<p>Esses ajustes demonstram que o concurso ICMBio continua em plena execu\u00e7\u00e3o administrativa, com movimenta\u00e7\u00e3o constante nas listas e novas oportunidades para candidatos classificados al\u00e9m das vagas imediatas. Como o \u00f3rg\u00e3o possui unidades distribu\u00eddas em v\u00e1rios estados, \u00e9 comum que as convoca\u00e7\u00f5es ocorram de forma escalonada, de acordo com a necessidade operacional de cada regi\u00e3o.<\/p>\n\n\n\n<p>Com o concurso homologado, iniciou-se oficialmente o per\u00edodo de validade, que ser\u00e1 de um ano, <strong>at\u00e9 julho de 2026.<\/strong> Esse prazo pode ser prorrogado uma \u00fanica vez, por igual per\u00edodo, caso o ICMBio identifique a necessidade de novas nomea\u00e7\u00f5es. A possibilidade de prorroga\u00e7\u00e3o aumenta as chances de convoca\u00e7\u00e3o para candidatos que ficaram fora das primeiras listas, especialmente em \u00e1reas com maior rotatividade de pessoal.<\/p>\n\n\n\n<h2 class=\"wp-block-heading\" id=\"concurso-icmbio-resultados\">Concurso ICMBio: Resultados!<\/h2>\n\n\n\n<p>No dia 22 de maio, foi publicado no Di\u00e1rio Oficial da Uni\u00e3o o resultado final da prova discursiva, junto com a convoca\u00e7\u00e3o para a avalia\u00e7\u00e3o biopsicossocial e o procedimento de heteroidentifica\u00e7\u00e3o.<\/p>\n\n\n\n<p>Para quem entrou com recurso contra o resultado preliminar da discursiva, as justificativas de deferimento ou indeferimento foram divulgadas no dia 29 de maio, no site da banca organizadora. J\u00e1 o resultado provis\u00f3rio das etapas de avalia\u00e7\u00e3o dos benef\u00edcios de cotas foi publicado no dia 13 de junho de 2025.<\/p>\n\n\n\n<p>Ao todo, o certame contou com <strong>117.984 inscritos<\/strong>, sendo as regi\u00f5es Nordeste e Sudeste as de maior demanda, e a sede em Bras\u00edlia\/DF a de menor procura. Apesar disso, <strong>47.818 candidatos n\u00e3o compareceram \u00e0s provas<\/strong>, o que representa uma taxa significativa de absten\u00e7\u00e3o.<\/p>\n\n\n\n<h2 class=\"wp-block-heading\" id=\"inscries-do-concurso-icmbio\">Inscri\u00e7\u00f5es do concurso ICMBio<\/h2>\n\n\n\n<p>No dia 14 de janeiro, foi publicado no Di\u00e1rio Oficial da Uni\u00e3o, o edital de retifica\u00e7\u00e3o, trazendo altera\u00e7\u00f5es no cronograma da sele\u00e7\u00e3o e reabrindo o prazo para efetuar a inscri\u00e7\u00e3o no concurso ICMBio. <\/p>\n\n\n\n<p>Os interessados puderam se candidatar entre os dias 17 a 27 de janeiro, acessando o site da banca, o <a href=\"https:\/\/www.cebraspe.org.br\/concursos\/icmbio_24\" target=\"_blank\" rel=\"noopener\">Cebraspe,<\/a> e preenchendo o formul\u00e1rio de inscri\u00e7\u00e3o com os dados solicitados.<\/p>\n\n\n\n<p>Em seguida, os candidatos tiveram que emitir o boleto banc\u00e1rio, com o fim de efetuar o pagamento da taxa de inscri\u00e7\u00e3o, que teve o valor de R$93,00 para Analista Administrativo e R$99,00 para Analista Ambiental. O pagamento foi aceito at\u00e9 o dia 14 de fevereiro de 2025.<\/p>\n\n\n\n<p>Candidatos membros de fam\u00edlia de baixa renda, inscritos no Cad\u00danico, e doadores de medula \u00f3ssea puderam pedir a isen\u00e7\u00e3o da taxa de inscri\u00e7\u00e3o no site do Cebraspe, durante todo o per\u00edodo de inscri\u00e7\u00f5es.<\/p>\n\n\n\n<h2 class=\"wp-block-heading\" id=\"quais-so-os-cargos-do-icmbio\">Quais s\u00e3o os cargos do ICMBio?<\/h2>\n\n\n\n<p>O concurso ICMBio oferece 350 vagas, sendo 120 vagas para Analista Administrativo e 230 vagas para Analista Ambiental.<\/p>\n\n\n\n<h3 class=\"wp-block-heading\">Qual \u00e9 a distribui\u00e7\u00e3o das vagas entre as regi\u00f5es do pa\u00eds?<\/h3>\n\n\n\n<p>As oportunidades oferecidas no concurso ICMBio est\u00e3o <mark style=\"background-color:#8ed1fc\" class=\"has-inline-color\">distribu\u00eddas entre todas as regi\u00f5es do pa\u00eds<\/mark><mark style=\"background-color:#ffffff\" class=\"has-inline-color\">. <\/mark>Confira a seguir:<\/p>\n\n\n\n<p><strong>Analista Administrativo<\/strong><\/p>\n\n\n\n<p><span style=\"text-decoration: underline;\"><em>Regi\u00e3o Norte: <\/em>10 vagas<\/span><\/p>\n\n\n\n<ul class=\"wp-block-list\"><li>ampla concorr\u00eancia: 7 vagas<\/li>\n\n\n\n<li>negros: 2 vagas <\/li>\n\n\n\n<li>pessoas com defici\u00eancia: 1 vagas<\/li>\n<\/ul><p><span style=\"text-decoration: underline;\"><em>Regi\u00e3o Nordeste: <\/em>10 vagas<\/span><\/p>\n\n\n\n<ul class=\"wp-block-list\"><li>ampla concorr\u00eancia: 7 vagas<\/li>\n\n\n\n<li>negros: 2 vagas <\/li>\n\n\n\n<li>pessoas com defici\u00eancia: 1 vagas<\/li>\n<\/ul><p><span style=\"text-decoration: underline;\"><em>Regi\u00e3o Centro-Oeste: <\/em>10 vagas<\/span><\/p>\n\n\n\n<ul class=\"wp-block-list\"><li>ampla concorr\u00eancia: 7 vagas<\/li>\n\n\n\n<li>negros: 2 vagas <\/li>\n\n\n\n<li>pessoas com defici\u00eancia: 1 vagas<\/li>\n<\/ul><p><span style=\"text-decoration: underline;\"><em>Regi\u00e3o Sudeste<\/em>: 10 vagas<\/span><\/p>\n\n\n\n<ul class=\"wp-block-list\"><li>ampla concorr\u00eancia: 7 vagas<\/li>\n\n\n\n<li>negros: 2 vagas <\/li>\n\n\n\n<li>pessoas com defici\u00eancia: 1 vagas<\/li>\n<\/ul><p><span style=\"text-decoration: underline;\"><em>Regi\u00e3o Sul: <\/em>10 vagas<\/span><\/p>\n\n\n\n<ul class=\"wp-block-list\"><li>ampla concorr\u00eancia: 7 vagas<\/li>\n\n\n\n<li>negros: 2 vagas <\/li>\n\n\n\n<li>pessoas com defici\u00eancia: 1 vagas<\/li>\n<\/ul><p><span style=\"text-decoration: underline;\"><em>Sede em Bras\u00edlia: <\/em>70 vagas<\/span><\/p>\n\n\n\n<ul class=\"wp-block-list\"><li>ampla concorr\u00eancia: 52 vagas<\/li>\n\n\n\n<li>negros: 14 vagas <\/li>\n\n\n\n<li>pessoas com defici\u00eancia: 4 vagas<\/li>\n<\/ul><p><strong>Analista Ambiental<\/strong><\/p>\n\n\n\n<p><span style=\"text-decoration: underline;\"><em>Regi\u00e3o Norte:<\/em> 50 vagas<\/span><\/p>\n\n\n\n<ul class=\"wp-block-list\"><li>ampla concorr\u00eancia: 37 vagas<\/li>\n\n\n\n<li>negros: 10 vagas <\/li>\n\n\n\n<li>pessoas com defici\u00eancia: 3 vagas<\/li>\n<\/ul><p><span style=\"text-decoration: underline;\"><em>Regi\u00e3o Nordeste:<\/em> 25 vagas<\/span><\/p>\n\n\n\n<ul class=\"wp-block-list\"><li>ampla concorr\u00eancia: 18 vagas<\/li>\n\n\n\n<li>negros: 5 vagas <\/li>\n\n\n\n<li>pessoas com defici\u00eancia: 2 vagas<\/li>\n<\/ul><p><span style=\"text-decoration: underline;\"><em>Regi\u00e3o Centro-Oeste<\/em>: 25 vagas<\/span><\/p>\n\n\n\n<ul class=\"wp-block-list\"><li>ampla concorr\u00eancia: 18 vagas<\/li>\n\n\n\n<li>negros: 5 vagas <\/li>\n\n\n\n<li>pessoas com defici\u00eancia: 2 vagas<\/li>\n<\/ul><p><span style=\"text-decoration: underline;\"><em>Regi\u00e3o Sudeste<\/em>: 25 vagas<\/span><\/p>\n\n\n\n<ul class=\"wp-block-list\"><li>ampla concorr\u00eancia: 18 vagas<\/li>\n\n\n\n<li>negros: 5 vagas <\/li>\n\n\n\n<li>pessoas com defici\u00eancia: 2 vagas<\/li>\n<\/ul><p><span style=\"text-decoration: underline;\"><em>Regi\u00e3o Sul: <\/em>15 vagas<\/span><\/p>\n\n\n\n<ul class=\"wp-block-list\"><li>ampla concorr\u00eancia: 11 vagas<\/li>\n\n\n\n<li>negros: 3 vagas <\/li>\n\n\n\n<li>pessoas com defici\u00eancia: 1 vagas<\/li>\n<\/ul><p><span style=\"text-decoration: underline;\"><em>Sede em Bras\u00edlia<\/em>: 90 vagas<\/span><\/p>\n\n\n\n<ul class=\"wp-block-list\"><li>ampla concorr\u00eancia: 67 vagas<\/li>\n\n\n\n<li>negros: 18 vagas <\/li>\n\n\n\n<li>pessoas com defici\u00eancia: 5 vagas<\/li>\n<\/ul><h3 class=\"wp-block-heading\">Cargos vagos<\/h3>\n\n\n\n<p>De acordo com dados atualizados em outubro de 2025, o d\u00e9ficit de pessoal no Instituto Chico Mendes de Conserva\u00e7\u00e3o da Biodiversidade permanece elevado, refor\u00e7ando a necessidade de novas nomea\u00e7\u00f5es e futuros concursos ICMBio. Ao todo, <strong>914 cargos est\u00e3o vagos <\/strong>na estrutura do \u00f3rg\u00e3o, distribu\u00eddos da seguinte forma:<\/p>\n\n\n\n<ul class=\"wp-block-list\"><li>468 vagas em aberto para Analista Administrativo<\/li>\n\n\n\n<li>336 vagas sem provimento para Analista Ambiental<\/li>\n\n\n\n<li>31 cargos vagos de T\u00e9cnico Administrativo<\/li>\n\n\n\n<li>79 vagas pendentes de T\u00e9cnico Ambiental<\/li>\n<\/ul><p><\/p>\n\n\n\n<p>Esse cen\u00e1rio evidencia a car\u00eancia de servidores em \u00e1reas estrat\u00e9gicas e demonstra o potencial para novas convoca\u00e7\u00f5es ao longo da validade do concurso ICMBio, al\u00e9m de fortalecer a expectativa por novos certames nos pr\u00f3ximos anos.<\/p>\n\n\n\n<h2 class=\"wp-block-heading\" id=\"quanto-ganha-quem-trabalha-no-icmbio\">Quanto ganha quem trabalha no ICMBio?<\/h2>\n\n\n\n<p>Os profissionais recebem sal\u00e1rios iniciais de R$8.817,72, al\u00e9m de um aux\u00edlio alimenta\u00e7\u00e3o de R$1.000,00, totalizando R$9.817,72.<\/p>\n\n\n\n<p>Desde 2023, o Minist\u00e9rio do Meio Ambiente e Mudan\u00e7a do Clima (MMA) vem reestruturando as carreiras ambientais, que incluem o Ibama e o ICMBio. Para isso, foi criada a Mesa Setorial de Negocia\u00e7\u00e3o Permanente em maio de 2023, com o objetivo de discutir a valoriza\u00e7\u00e3o e moderniza\u00e7\u00e3o da Carreira Ambiental. <\/p>\n\n\n\n<p>Ap\u00f3s v\u00e1rias reuni\u00f5es com o Minist\u00e9rio de Gest\u00e3o e Inova\u00e7\u00e3o, o acordo para a reestrutura\u00e7\u00e3o dessas carreiras foi firmado em agosto de 2024.<\/p>\n\n\n\n<p>Os cargos de n\u00edvel superior ter\u00e3o amplia\u00e7\u00e3o da tabela remunerat\u00f3ria, passando de 13 para 20 padr\u00f5es. J\u00e1 os cargos de n\u00edvel m\u00e9dio ter\u00e3o amplia\u00e7\u00e3o, passando de 15 para 20 padr\u00f5es. <\/p>\n\n\n\n<p>Ser\u00e1 concedido aumento do vencimento base e o incremento da Gratifica\u00e7\u00e3o de Qualifica\u00e7\u00e3o (GQ) em janeiro de 2025 e abril de 2026. Veja o reajuste salarial dos cargos de n\u00edvel superior: <\/p>\n\n\n\n<p><strong>Janeiro de 2025<\/strong><\/p>\n\n\n\n<ul class=\"wp-block-list\"><li>sal\u00e1rio sem GQ: R$ 9.736,00<\/li>\n\n\n\n<li>sal\u00e1rio com GQ I: R$ 10.200,00<\/li>\n\n\n\n<li>sal\u00e1rio com GQ II: R$ 10.658,00<\/li>\n\n\n\n<li>sal\u00e1rio com GQ III: R$ 11.123,00<\/li>\n<\/ul><p><strong>abril de 2026 <\/strong><\/p>\n\n\n\n<ul class=\"wp-block-list\"><li>sal\u00e1rio sem GQ: R$ 9.736,00<\/li>\n\n\n\n<li>sal\u00e1rio com GQ I: R$ 10.207,00<\/li>\n\n\n\n<li>sal\u00e1rio com GQ II: R$ 10.671,00<\/li>\n\n\n\n<li>sal\u00e1rio com GQ III: R$ 11.142,00<\/li>\n<\/ul><p>Essas mudan\u00e7as visam fortalecer e modernizar as carreiras ambientais, acompanhando as demandas e desafios atuais.<\/p>\n\n\n\n<div class=\"nova-continue-reading\">Leia tamb\u00e9m: <a href=\"https:\/\/www.novaconcursos.com.br\/portal\/noticias\/concursos-ambientais-orgaos-terao-carreiras-reestruturadas\/\" data-type=\"link\" data-id=\"https:\/\/www.novaconcursos.com.br\/portal\/noticias\/concursos-ambientais-orgaos-terao-carreiras-reestruturadas\/\">Detalhes da reestrutura\u00e7\u00e3o das carreiras de concursos ambientais<\/a><\/div>\n\n\n\n<h2 class=\"wp-block-heading\" id=\"o-que-preciso-para-trabalhar-no-icmbio\">O que \u00e9 preciso para trabalhar no ICMBio?<\/h2>\n\n\n\n<p>Os candidatos devem comprovar os seguintes requisitos:<\/p>\n\n\n\n<ul class=\"wp-block-list\"><li>ter a nacionalidade brasileira ou portuguesa e, no caso de nacionalidade portuguesa, estar amparado pelo Estatuto de Igualdade entre Brasileiros e Portugueses, com reconhecimento do gozo dos direitos pol\u00edticos, nos termos do \u00a7 1\u00ba do art. 12 da Constitui\u00e7\u00e3o Federal; <\/li>\n\n\n\n<li>estar em gozo dos direitos pol\u00edticos; <\/li>\n\n\n\n<li>estar quite com as obriga\u00e7\u00f5es militares, em caso de candidato do sexo masculino;<\/li>\n\n\n\n<li>estar quite com as obriga\u00e7\u00f5es eleitorais; <\/li>\n\n\n\n<li>possuir os requisitos exigidos para o exerc\u00edcio do cargo; <\/li>\n\n\n\n<li>ter idade m\u00ednima de 18 anos completos na data da posse; e<\/li>\n\n\n\n<li>ter aptid\u00e3o f\u00edsica e mental para o exerc\u00edcio das atribui\u00e7\u00f5es do cargo.<\/li>\n<\/ul><p>Os profissionais tamb\u00e9m devem comprovar os seguintes requisitos:<\/p>\n\n\n\n<p><strong>Analista Administrativo:<\/strong> diploma, devidamente registrado, de conclus\u00e3o de gradua\u00e7\u00e3o em n\u00edvel superior ou habilita\u00e7\u00e3o legal equivalente em qualquer \u00e1rea de forma\u00e7\u00e3o, fornecido por institui\u00e7\u00e3o de ensino superior reconhecida pelo Minist\u00e9rio da Educa\u00e7\u00e3o (MEC).<\/p>\n\n\n\n<p><strong>Analista Ambiental: <\/strong>diploma, devidamente registrado, de conclus\u00e3o de gradua\u00e7\u00e3o em n\u00edvel superior ou habilita\u00e7\u00e3o legal equivalente em qualquer \u00e1rea de forma\u00e7\u00e3o, fornecido por institui\u00e7\u00e3o de ensino superior reconhecida pelo MEC.<\/p>\n\n\n\n<h2 class=\"wp-block-heading\" id=\"o-que-faz-um-funcionrio-do-icmbio\">O que faz um funcion\u00e1rio do ICMBio?<\/h2>\n\n\n\n<p> Confira a seguir as atribui\u00e7\u00f5es dos cargos no Instituto Chico Mendes:<\/p>\n\n\n\n<p>O Analista Administrativo \u00e9 respons\u00e1vel pelo exerc\u00edcio de todas as atividades administrativas e log\u00edsticas relativas ao exerc\u00edcio das compet\u00eancias constitucionais e legais.<\/p>\n\n\n\n<p>J\u00e1 o Analista Ambiental \u00e9 respons\u00e1vel pelo planejamento ambiental, organizacional e estrat\u00e9gico afetos \u00e0 execu\u00e7\u00e3o das pol\u00edticas nacionais de meio ambiente formuladas no \u00e2mbito da Uni\u00e3o, em especial as que se relacionem com as seguintes atividades: regula\u00e7\u00e3o, controle, fiscaliza\u00e7\u00e3o, licenciamento e auditoria ambiental; monitoramento ambiental; gest\u00e3o, prote\u00e7\u00e3o e controle da qualidade ambiental; ordenamento dos recursos florestais e pesqueiros; conserva\u00e7\u00e3o dos ecossistemas e das esp\u00e9cies neles inseridas, incluindo seu manejo e prote\u00e7\u00e3o; e est\u00edmulo e difus\u00e3o de tecnologias, informa\u00e7\u00e3o e educa\u00e7\u00e3o ambiental.<\/p>\n\n\n\n<h2 class=\"wp-block-heading\" id=\"provas-do-edital-icmbio\">Provas do edital ICMBio<\/h2>\n\n\n\n<p>Os candidatos inscritos no concurso <a href=\"https:\/\/www.gov.br\/icmbio\/pt-br\" target=\"_blank\" rel=\"noopener\">ICMBio<\/a> foram avaliados por meio de provas objetivas e provas discursivas, de car\u00e1ter eliminat\u00f3rio e classificat\u00f3rio.<\/p>\n\n\n\n<p>Com a reabertura das inscri\u00e7\u00f5es, o concurso tamb\u00e9m passa a contou com uma nova data de aplica\u00e7\u00e3o para as provas.<\/p>\n\n\n\n<p>Antes da retifica\u00e7\u00e3o, as provas estavam marcadas para o dia 22 de fevereiro de 2025. Ap\u00f3s a altera\u00e7\u00e3o, as avalia\u00e7\u00f5es passaram a ser no dia 30 de mar\u00e7o de 2025, com dura\u00e7\u00e3o de 4 horas e 30 minutos para Analista Administrativo e 4 horas para Analista Ambiental.<\/p>\n\n\n\n<h3 class=\"wp-block-heading\">Prova objetiva<\/h3>\n\n\n\n<p>As provas objetivas de car\u00e1ter eliminat\u00f3rio e classificat\u00f3rio foram constitu\u00eddas de itens para julgamento do tipo \u201ccerto\u201d ou \u201cerrado\u201d, em que cada erro anula um acerto.<\/p>\n\n\n\n<p>Para o cargo de Analista Administrativo, a prova teve o valor de 120 pontos e foi constitu\u00edda de 120 quest\u00f5es, sendo 50 quest\u00f5es de conhecimentos b\u00e1sicos e 70 quest\u00f5es de conhecimentos espec\u00edficos.<\/p>\n\n\n\n<p>J\u00e1 a prova para o cargo de Analista Ambiental teve o valor de 100 pontos e foi composta de 100 quest\u00f5es, sendo 40 quest\u00f5es de conhecimentos b\u00e1sicos e 60 quest\u00f5es de conhecimentos espec\u00edficos.<\/p>\n\n\n\n<p>Foram reprovados nas provas objetivas e eliminados do concurso, os candidatos que se enquadraram em pelo menos um dos itens a seguir:<\/p>\n\n\n\n<p><strong>Analista Administrativo <\/strong><\/p>\n\n\n\n<ul class=\"wp-block-list\"><li>obtiver nota inferior a 10,00 pontos na prova objetiva de conhecimentos b\u00e1sicos p1;<\/li>\n\n\n\n<li>obtiver nota inferior a 21,00 pontos na prova objetiva de conhecimentos espec\u00edficos p2; e<\/li>\n\n\n\n<li>obtiver nota inferior a 36,00 pontos no conjunto das provas objetivas.<\/li>\n<\/ul><p><\/p>\n\n\n\n<p><strong>Analista Ambiental<\/strong><\/p>\n\n\n\n<ul class=\"wp-block-list\"><li>obtiver nota inferior a 8,00 pontos na prova objetiva de conhecimentos b\u00e1sicos p1;<\/li>\n\n\n\n<li>obtiver nota inferior a 18,00 pontos na prova objetiva de conhecimentos espec\u00edficos p2; e<\/li>\n\n\n\n<li>obtiver nota inferior a 30,00 pontos no conjunto das provas objetivas.<\/li>\n<\/ul><h3 class=\"wp-block-heading\">Prova discursiva<\/h3>\n\n\n\n<p>A prova discursiva para o cargo de Analista Administrativo teve o valor de 20 pontos e consistiu na reda\u00e7\u00e3o de texto dissertativo de at\u00e9 30 linhas, a respeito de tema constante dos objetos de avalia\u00e7\u00e3o de conhecimentos espec\u00edficos para o cargo.<\/p>\n\n\n\n<p>J\u00e1 para o cargo de Analista Ambiental, a prova teve o valor de 20 pontos e consistiu na resposta a uma quest\u00e3o discursiva acerca de situa\u00e7\u00e3o-problema (estudo de caso), a ser respondida em at\u00e9 45 linhas, a respeito de tema relacionado ao meio ambiente, conforme conhecimentos espec\u00edficos para o cargo.<\/p>\n\n\n\n<p>Somente foram corrigidas as provas discursivas dos candidatos mais bem classificados nas provas objetivas, n\u00famero equivalente a quatro vezes o n\u00famero de vagas dispon\u00edveis, seguindo a distribui\u00e7\u00e3o proporcional entre as vagas oferecidas.<\/p>\n\n\n\n<p>Nessa etapa foi avaliado o conte\u00fado (conhecimento do tema), a capacidade de express\u00e3o na modalidade escrita e o uso das normas do registro formal culto da L\u00edngua Portuguesa. O candidato teve que produzir, conforme o comando formulado pela banca examinadora, texto dissertativo, primando pela coer\u00eancia e pela coes\u00e3o.<\/p>\n\n\n\n<p> Ap\u00f3s ser homologado, o concurso ter\u00e1 validade de um ano, com possibilidade de prorroga\u00e7\u00e3o por igual per\u00edodo.<\/p>\n\n\n\n<p>Durante esse per\u00edodo, al\u00e9m das 350 vagas ofertadas, o \u00f3rg\u00e3o poder\u00e1 convocar 25% dos aprovados excedentes, ou seja, 87 pessoas, totalizando 437 convoca\u00e7\u00f5es. <\/p>\n\n\n\n<p>Lembrando que a convoca\u00e7\u00e3o de excedentes depende da autoriza\u00e7\u00e3o do Governo Federal. <\/p>\n\n\n\n<h2 class=\"wp-block-heading\" id=\"o-que-cai-na-prova-do-concurso-icmbio\">O que cai na prova do concurso ICMBio?<\/h2>\n\n\n\n<p>Confira a seguir os conte\u00fados que foram cobrados na prova do concurso ICMBio:<\/p>\n\n\n\n<h4 class=\"wp-block-heading\">Conhecimentos b\u00e1sicos <\/h4>\n\n\n\n<p><strong>L\u00edngua Portuguesa<\/strong><\/p>\n\n\n\n<ul class=\"wp-block-list\"><li>Compreens\u00e3o e interpreta\u00e7\u00e3o de textos de g\u00eaneros variados.<\/li>\n\n\n\n<li>Reconhecimento de tipos e g\u00eaneros textuais. <\/li>\n\n\n\n<li>Dom\u00ednio da ortografia oficial. <\/li>\n\n\n\n<li>Dom\u00ednio dos mecanismos de coes\u00e3o textual. <\/li>\n\n\n\n<li>Dom\u00ednio da estrutura morfossint\u00e1tica do per\u00edodo. <\/li>\n\n\n\n<li>Reescrita de frases e par\u00e1grafos do texto. <\/li>\n\n\n\n<li>Correspond\u00eancia oficial (conforme Manual de Reda\u00e7\u00e3o da Presid\u00eancia da Rep\u00fablica). <\/li>\n<\/ul><p><strong>No\u00e7\u00f5es de Direito Administrativo <\/strong><\/p>\n\n\n\n<ul class=\"wp-block-list\"><li>Estado, governo e administra\u00e7\u00e3o p\u00fablica. <\/li>\n\n\n\n<li>Direito administrativo. <\/li>\n\n\n\n<li>Ato administrativo. <\/li>\n\n\n\n<li>Agentes administrativos. <\/li>\n\n\n\n<li>Poderes da administra\u00e7\u00e3o. <\/li>\n\n\n\n<li>Princ\u00edpios b\u00e1sicos da administra\u00e7\u00e3o. <\/li>\n\n\n\n<li>Servi\u00e7os p\u00fablicos. <\/li>\n\n\n\n<li>Organiza\u00e7\u00e3o administrativa. <\/li>\n\n\n\n<li>Controle e responsabiliza\u00e7\u00e3o da administra\u00e7\u00e3o. <\/li>\n\n\n\n<li>Licita\u00e7\u00f5es e contratos administrativos. <\/li>\n\n\n\n<li>Lei n\u00ba 9.784\/1999 (regula o processo administrativo no \u00e2mbito da administra\u00e7\u00e3o p\u00fablica). <\/li>\n\n\n\n<li>Decreto n\u00ba 9.991\/2019 (Pol\u00edtica Nacional de Desenvolvimento de Pessoas \u2013 PNDP). <\/li>\n\n\n\n<li>Decreto n\u00ba 7.133\/2010 (avalia\u00e7\u00e3o de desempenho institucional e individual). <\/li>\n\n\n\n<li>Lei n\u00ba 13.019\/2014 e Lei n\u00ba 13.204\/2015 (regime jur\u00eddico das parcerias entre a administra\u00e7\u00e3o p\u00fablica e as organiza\u00e7\u00f5es da sociedade civil.<\/li>\n<\/ul><p><strong>No\u00e7\u00f5es de Inform\u00e1tica<\/strong><\/p>\n\n\n\n<ul class=\"wp-block-list\"><li>No\u00e7\u00f5es de sistema operacional Windows. <\/li>\n\n\n\n<li>Edi\u00e7\u00e3o de textos, planilhas e apresenta\u00e7\u00f5es (ambientes Microsoft Office 365). <\/li>\n\n\n\n<li>Redes de computadores. <\/li>\n\n\n\n<li>Conceitos de organiza\u00e7\u00e3o e de gerenciamento de informa\u00e7\u00f5es, arquivos, pastas e programas. Seguran\u00e7a da informa\u00e7\u00e3o. <\/li>\n\n\n\n<li>Governo Digital. <\/li>\n\n\n\n<li>Transpar\u00eancia e imparcialidade no uso de intelig\u00eancia artificial no servi\u00e7o p\u00fablico.<\/li>\n<\/ul><p><strong>\u00c9tica no Servi\u00e7o P\u00fablico<\/strong><\/p>\n\n\n\n<ul class=\"wp-block-list\"><li>\u00c9tica e moral.<\/li>\n\n\n\n<li>\u00c9tica, princ\u00edpios e valores. <\/li>\n\n\n\n<li>\u00c9tica e democracia: exerc\u00edcio da cidadania. <\/li>\n\n\n\n<li>\u00c9tica e fun\u00e7\u00e3o p\u00fablica. <\/li>\n\n\n\n<li>\u00c9tica no setor p\u00fablico. <\/li>\n\n\n\n<li>Lei n\u00ba 12.846\/2013 (Lei Anticorrup\u00e7\u00e3o).<\/li>\n<\/ul><p><strong>Legisla\u00e7\u00f5es<\/strong><\/p>\n\n\n\n<ul class=\"wp-block-list\"><li>Lei n\u00ba 11.516\/2007 (cria\u00e7\u00e3o do ICMBio) e Decreto n\u00ba 12.258\/2024 (estrutura regimental do ICMBio). <\/li>\n\n\n\n<li>Lei n\u00ba 10.410\/2002 (cria a carreira de especialista em meio ambiente). <\/li>\n\n\n\n<li>Lei n\u00ba 9.985\/2000 (Sistema Nacional de Unidades de Conserva\u00e7\u00e3o \u2013 SNUC) e Decreto n\u00ba 4340\/2002. <\/li>\n\n\n\n<li>Lei n\u00ba 6.938\/1981 e suas altera\u00e7\u00f5es (Pol\u00edtica Nacional do Meio Ambiente). <\/li>\n\n\n\n<li>Lei n\u00ba 8.987\/1995 (regime de concess\u00e3o e permiss\u00e3o da presta\u00e7\u00e3o de servi\u00e7os p\u00fablicos). <\/li>\n\n\n\n<li>Lei n\u00ba 13.668\/2018 (destina\u00e7\u00e3o e aplica\u00e7\u00e3o dos recursos de compensa\u00e7\u00e3o ambiental). <\/li>\n\n\n\n<li>Lei n\u00ba 13.019\/2014 (parcerias entre administra\u00e7\u00e3o p\u00fablica e organiza\u00e7\u00f5es da sociedade civil). <\/li>\n\n\n\n<li>Lei n\u00ba 13.709\/2018 (Lei Geral de Prote\u00e7\u00e3o de Dados Pessoais). <\/li>\n\n\n\n<li>Lei n\u00ba 12.527\/2011 e Decreto n\u00ba 7.724\/2012 (acesso a informa\u00e7\u00f5es). <\/li>\n\n\n\n<li>Lei n\u00ba 14.944\/2024 (Pol\u00edtica Nacional de Manejo Integrado do Fogo).<\/li>\n<\/ul><h4 class=\"wp-block-heading\">Conhecimentos espec\u00edficos <\/h4>\n\n\n\n<p><strong>Analista Administrativo <\/strong><\/p>\n\n\n\n<ul class=\"wp-block-list\"><li>Administra\u00e7\u00e3o Geral<\/li>\n\n\n\n<li>Administra\u00e7\u00e3o Financeira e Or\u00e7ament\u00e1ria e Or\u00e7amento P\u00fablico<\/li>\n\n\n\n<li>Administra\u00e7\u00e3o de Recursos Materiais <\/li>\n\n\n\n<li>Gest\u00e3o de Pessoas<\/li>\n<\/ul><p><\/p>\n\n\n\n<p><em>Conte\u00fado Espec\u00edfico da Prova Discursiva<\/em><\/p>\n\n\n\n<ul class=\"wp-block-list\"><li>Lei n\u00ba 13.019\/2014 (parcerias entre administra\u00e7\u00e3o p\u00fablica e organiza\u00e7\u00f5es da sociedade civil)<\/li>\n\n\n\n<li>Lei n\u00ba 13.668\/2018 (destina\u00e7\u00e3o e aplica\u00e7\u00e3o dos recursos de compensa\u00e7\u00e3o ambiental)<\/li>\n\n\n\n<li>Gest\u00e3o de projetos <\/li>\n\n\n\n<li>Comportamento organizacional<\/li>\n\n\n\n<li>Qualidade de vida no trabalho (QVT)<\/li>\n\n\n\n<li>\u00c9tica no servi\u00e7o p\u00fablico<\/li>\n<\/ul><p><strong>Analista Ambiental<\/strong><\/p>\n\n\n\n<ul class=\"wp-block-list\"><li>Ecologia, Conserva\u00e7\u00e3o e Manejo da Biodiversidade<\/li>\n\n\n\n<li>Biodiversidade, Zoologia, Bot\u00e2nica e Hist\u00f3ria Natural<\/li>\n\n\n\n<li>Recursos Florestais<\/li>\n\n\n\n<li>Prote\u00e7\u00e3o, Controle e Monitoramento Ambiental<\/li>\n\n\n\n<li>Planejamento e Gest\u00e3o de Unidades de Conversa\u00e7\u00e3o<\/li>\n\n\n\n<li>Povos e Comunidades e Conserva\u00e7\u00e3o da Biodiversidade<\/li>\n<\/ul><p><\/p>\n\n\n\n<p><em>Conte\u00fado Espec\u00edfico da Prova Discursiva: <\/em><\/p>\n\n\n\n<ul class=\"wp-block-list\"><li>Participa\u00e7\u00e3o social e exerc\u00edcio da cidadania<\/li>\n\n\n\n<li>Conhecimentos tradicionais e sociobiodiversidade <\/li>\n\n\n\n<li>Servi\u00e7os ambientais<\/li>\n\n\n\n<li>Emerg\u00eancias clim\u00e1ticas<\/li>\n\n\n\n<li>\u00c1reas protegidas<\/li>\n\n\n\n<li>Conserva\u00e7\u00e3o da biodiversidade<\/li>\n\n\n\n<li>Bioeconomia<\/li>\n\n\n\n<li>Servi\u00e7os ecossist\u00eamicos<\/li>\n\n\n\n<li>Turismo em \u00e1reas protegidas<\/li>\n\n\n\n<li>Prote\u00e7\u00e3o ambiental<\/li>\n\n\n\n<li>Manejo integrado do fogo<\/li>\n\n\n\n<li>Parcerias entre administra\u00e7\u00e3o p\u00fablica e organiza\u00e7\u00f5es da sociedade civil<\/li>\n<\/ul><div class=\"nova-continue-reading\">Confira: <a href=\"https:\/\/www.novaconcursos.com.br\/portal\/concursos-abertos\/\" data-type=\"link\" data-id=\"https:\/\/www.novaconcursos.com.br\/portal\/concursos-abertos\/\">Oportunidades do ano: concursos abertos!<\/a><\/div>\n\n\n\n<h2 class=\"wp-block-heading\" id=\"materiais-preparatrios-para-o-concurso-icmbio\">Materiais preparat\u00f3rios para o concurso ICMBio<\/h2>\n\n\n\n<p>Para alcan\u00e7ar a aprova\u00e7\u00e3o no concurso ICMBio, \u00e9 essencial contar com materiais que realmente fa\u00e7am a diferen\u00e7a na sua rotina de estudos. E essa \u00e9 a miss\u00e3o da <a href=\"https:\/\/www.novaconcursos.com.br\/\" data-type=\"link\" data-id=\"https:\/\/www.novaconcursos.com.br\/\">Nova Concursos<\/a>: oferecer conte\u00fados pr\u00e1ticos, atualizados e com foco no que mais cai na prova.<\/p>\n\n\n\n<p>J\u00e1 s\u00e3o mais de <strong>70 mil candidatos aprovados<\/strong> com a nossa ajuda. E os pr\u00f3prios alunos compartilham como os materiais contribu\u00edram nessa jornada. Veja o que disse um deles sobre nossos conte\u00fados voltados para o ICMBio:<\/p>\n\n\n\n<blockquote class=\"wp-block-quote is-layout-flow wp-block-quote-is-layout-flow\">\n<p>\u201c<em>Material de f\u00e1cil acesso, linguagem tamb\u00e9m de f\u00e1cil entendimento. Excelente did\u00e1tica dos professores(as), com certeza estou muito satisfeito em ter adquirido esse excelente material<\/em>.\u201d<\/p>\n<\/blockquote>\n\n\n\n<p>Quer ter a mesma experi\u00eancia? Veja voc\u00ea tamb\u00e9m esse e outros <a href=\"https:\/\/resultados.novaconcursos.com.br\/review-curso-icmbio-analista-administrativo\" data-type=\"link\" data-id=\"https:\/\/resultados.novaconcursos.com.br\/review-curso-icmbio-analista-administrativo\">relatos<\/a> e descubra a chave para a sua aprova\u00e7\u00e3o!<\/p>\n\n\n\n<div class=\"nova-continue-reading\">Confira: <a href=\"https:\/\/www.novaconcursos.com.br\/concurso\/icmbio-instituto-chico-mendes-de-conservacao-da-biodiversidade\" data-type=\"link\" data-id=\"https:\/\/www.novaconcursos.com.br\/concurso\/icmbio-instituto-chico-mendes-de-conservacao-da-biodiversidade\">Materiais preparat\u00f3rios para o concurso ICMBio<\/a><\/div>\n\n\n\n<h3 class=\"wp-block-heading\">Livros ICMBio<\/h3>\n\n\n\n<p>Este livro re\u00fane quest\u00f5es atualizadas da banca Cebraspe, organizadora do concurso ICMBio, selecionadas conforme os temas mais cobrados no Edital n\u00ba 1\/2024 para o cargo de Analista Administrativo. Com 1.000 itens gabaritados, incluindo a \u00faltima prova do certame, o material permite ao candidato conhecer o estilo da banca, avaliar seu desempenho e direcionar melhor os estudos. Em formato de livro, com capa resistente e gabaritos por disciplina, \u00e9 um recurso completo e essencial para quem busca prepara\u00e7\u00e3o de alto n\u00edvel.<\/p>\n\n\n\n<div class=\"nova-continue-reading\"><a href=\"https:\/\/www.novaconcursos.com.br\/concurso\/icmbio-instituto-chico-mendes-de-conservacao-da-biodiversidade\/livros\">Confira os livros para o concurso ICMBio<\/a><\/div>\n\n\n\n<h3 class=\"wp-block-heading\">Apostila ICMBio<\/h3>\n\n\n\n<p>Com teoria objetiva, exerc\u00edcios para fixa\u00e7\u00e3o e excelente organiza\u00e7\u00e3o visual, a <a href=\"https:\/\/www.novaconcursos.com.br\/concurso\/icmbio-instituto-chico-mendes-de-conservacao-da-biodiversidade\/apostilas\">apostila ICMBio<\/a> para Analista Administrativo, Analista Ambiental e T\u00e9cnico Ambiental \u00e9 perfeita para otimizar seu aprendizado e revisar com praticidade. Estude com clareza e seguran\u00e7a!<\/p>\n\n\n\n<h3 class=\"wp-block-heading\">Mapa de Quest\u00f5es Online ICMBio \u2013 13 mil quest\u00f5es<\/h3>\n\n\n\n<p>Com 13 mil quest\u00f5es organizadas por tema e estilo da banca, o <a href=\"https:\/\/www.novaconcursos.com.br\/concurso\/icmbio-instituto-chico-mendes-de-conservacao-da-biodiversidade\" data-type=\"link\" data-id=\"https:\/\/www.novaconcursos.com.br\/concurso\/icmbio-instituto-chico-mendes-de-conservacao-da-biodiversidade\">Mapa de Quest\u00f5es ICMBio<\/a> para Analista Administrativo \u00e9 o material ideal para treinar de forma estrat\u00e9gica e acompanhar seu desempenho com precis\u00e3o. Voc\u00ea consegue avaliar seu desempenho por mat\u00e9ria e assunto. Com isso, pode direcionar seus estudos para as mat\u00e9rias cujo aproveitamento est\u00e1 baixo. N\u00e3o deixe para depois, confira agora!<\/p>\n\n\n\n<h3 class=\"wp-block-heading\">Curso Online ICMBio<\/h3>\n\n\n\n<p>Com aulas atualizadas, professores experientes e uma trilha pedag\u00f3gica eficiente, o curso online ICMBio para Analista Administrativo \u00e9 o preparat\u00f3rio ideal para quem quer estudar com foco e flexibilidade. Tenha acesso completo por 365 dias e estude quando e onde quiser!<\/p>\n\n\n\n<div class=\"nova-continue-reading\">Adquira aqui:\u00a0<a href=\"https:\/\/www.novaconcursos.com.br\/concurso\/icmbio-instituto-chico-mendes-de-conservacao-da-biodiversidade\">Curso Online ICMBio<\/a><\/div>\n\n\n\n<h2 class=\"wp-block-heading\" id=\"qual-a-funo-desempenhada-pelo-ibama-e-pelo-icmbio-no-context\">Qual \u00e9 a fun\u00e7\u00e3o desempenhada pelo Ibama e pelo ICMBio no contexto ambiental?<\/h2>\n\n\n\n<p>A crise ambiental no Brasil em 2024, marcada por um aumento significativo nas queimadas, trouxe o Ibama e o ICMBio para o centro do combate aos inc\u00eandios florestais. A intensidade das queimadas, que mais que dobraram em v\u00e1rias regi\u00f5es do pa\u00eds, tornou a atua\u00e7\u00e3o desses \u00f3rg\u00e3os ainda mais cr\u00edtica para conter os danos aos ecossistemas do Pantanal, Cerrado e Amaz\u00f4nia.<\/p>\n\n\n\n<p>O Ibama e o ICMBio desempenham um papel essencial que vai al\u00e9m do enfrentamento direto das chamas. Ambos os \u00f3rg\u00e3os t\u00eam a miss\u00e3o de fiscalizar atividades agropecu\u00e1rias que utilizam fogo de forma controlada e monitorar o uso ilegal do fogo, aplicando multas em casos de infra\u00e7\u00f5es ambientais. <\/p>\n\n\n\n<p>Entretanto, a falta de fiscaliza\u00e7\u00e3o adequada e a impunidade t\u00eam reduzido a efic\u00e1cia dessas medidas, aumentando o desafio de controlar uma crise que afeta n\u00e3o apenas o meio ambiente, mas tamb\u00e9m a sa\u00fade das popula\u00e7\u00f5es locais, amea\u00e7adas pela fuma\u00e7a e degrada\u00e7\u00e3o ambiental.<\/p>\n\n\n\n<p>A crise se agrava com a seca hist\u00f3rica que afeta o pa\u00eds, criando condi\u00e7\u00f5es ideais para a propaga\u00e7\u00e3o dos inc\u00eandios. Nesse cen\u00e1rio, a atua\u00e7\u00e3o do Ibama e do ICMBio demanda mais brigadistas, o fortalecimento das pol\u00edticas de preven\u00e7\u00e3o e um refor\u00e7o significativo na fiscaliza\u00e7\u00e3o de \u00e1reas protegidas.<\/p>\n\n\n\n<p>Apesar das diversas multas aplicadas em 2024, somando milh\u00f5es de reais, a impunidade ainda prevalece e refor\u00e7a a necessidade de medidas mais rigorosas e cobradas para desencorajar a continuidade desses crimes ambientais.<\/p>\n\n\n\n<h2 class=\"wp-block-heading\" id=\"qual-foi-o-ltimo-edital-icmbio\">Qual foi o \u00faltimo edital ICMBio?<\/h2>\n\n\n\n<p>O \u00faltimo concurso ICMBio foi publicado no final de 2021, sob organiza\u00e7\u00e3o do <a href=\"https:\/\/www.cebraspe.org.br\/\" target=\"_blank\" rel=\"noopener noreferrer\">Cebraspe<\/a>, com a oferta de 171 vagas de n\u00edvel superior, sendo 110 vagas para T\u00e9cnico Ambiental e 61 vagas para Analista Ambiental. <\/p>\n\n\n\n<p>Os sal\u00e1rios variaram entre R$3.605,34 e R$8.089,64, contando com o vencimento b\u00e1sico e gratifica\u00e7\u00f5es, para jornadas de trabalho de 40 horas semanais. <\/p>\n\n\n\n<p>\u00c9 importante ressaltar que as vagas foram destinadas aos estados do Acre, Amap\u00e1, Amazonas, Maranh\u00e3o, Par\u00e1 e Rond\u00f4nia. <\/p>\n\n\n\n<h3 class=\"wp-block-heading\">Provas e etapas de sele\u00e7\u00e3o<\/h3>\n\n\n\n<p>Os candidatos do concurso ICMBio foram avaliados por meio de duas etapas avaliativas: prova objetiva e prova discursiva.<\/p>\n\n\n\n<h4 class=\"wp-block-heading\">Prova objetiva<\/h4>\n\n\n\n<p>A prova objetiva do concurso ICMBio, de car\u00e1ter eliminat\u00f3rio e classificat\u00f3rio, foi composta por 120 quest\u00f5es de julgamento do tipo \u201ccerto\u201d ou \u201cerrado\u201d. Veja a distribui\u00e7\u00e3o:<\/p>\n\n\n\n<ul class=\"wp-block-list\"><li>t\u00e9cnico ambiental\n<ul class=\"wp-block-list\"><li>conhecimentos b\u00e1sicos: 50 quest\u00f5es<\/li>\n\n\n\n<li>conhecimentos espec\u00edficos: 70 quest\u00f5es<\/li>\n<\/ul><\/li>\n\n\n\n<li>analista ambiental \n<ul class=\"wp-block-list\"><li>conhecimentos b\u00e1sicos: 40 quest\u00f5es<\/li>\n\n\n\n<li>conhecimentos espec\u00edficos: 60 quest\u00f5es<\/li>\n<\/ul><\/li>\n<\/ul><p>Cada uma das quest\u00e3o valeu 1 ponto e, com isso, foram reprovados os candidatos que se enquadram ao menos em um dos perfis a seguir:<\/p>\n\n\n\n<ul class=\"wp-block-list\"><li>analista: obteve nota inferior a 8,00 pontos na prova objetiva de conhecimentos b\u00e1sicos P1,  nota inferior a 18,00 pontos na prova objetiva de conhecimentos espec\u00edficos P2 e nota inferior a 30,00 pontos no conjunto das provas objetivas.<\/li>\n\n\n\n<li>t\u00e9cnico: obtiver nota inferior a 10,00 pontos na prova objetiva de conhecimentos b\u00e1sicos P1, nota inferior a 21,00 pontos na prova objetiva de conhecimentos espec\u00edficos P2 e nota inferior a 36,00 pontos no conjunto das provas objetivas.<\/li>\n<\/ul><h4 class=\"wp-block-heading\">Prova discursiva<\/h4>\n\n\n\n<p>A prova discursiva do concurso ICMBio, de car\u00e1ter eliminat\u00f3rio e classificat\u00f3rio, apresentou formatos diferentes, a depender do cargo.<\/p>\n\n\n\n<p>Para Analista Ambiental, foi exigida a elabora\u00e7\u00e3o de um texto dissertativo de at\u00e9 45 linhas sobre uma situa\u00e7\u00e3o-problema relacionada aos conhecimentos espec\u00edficos mencionados no item 13 do edital, al\u00e9m de temas ligados \u00e0 Amaz\u00f4nia.<\/p>\n\n\n\n<p>J\u00e1 para T\u00e9cnico Ambiental, foi requerida a produ\u00e7\u00e3o de uma reda\u00e7\u00e3o dissertativa, com extens\u00e3o de at\u00e9 30 linhas, relacionado ao meio ambiente e \u00e0 regi\u00e3o da Amaz\u00f4nia.<\/p>","protected":false},"excerpt":{"rendered":"<p>O concurso ICMBio oferece 350 vagas de n\u00edvel superior! <\/p>\n","protected":false},"author":54696,"featured_media":299582,"comment_status":"closed","ping_status":"closed","sticky":false,"template":"","format":"standard","meta":{"_acf_changed":false,"footnotes":"","_wp_rev_ctl_limit":""},"categories":[44999],"tags":[45003],"class_list":["post-103578","post","type-post","status-publish","format-standard","has-post-thumbnail","hentry","category-concursos","tag-concursos-abertos-nacional"],"acf":[],"_links":{"self":[{"href":"https:\/\/www.novaconcursos.com.br\/portal\/wp-json\/wp\/v2\/posts\/103578","targetHints":{"allow":["GET"]}}],"collection":[{"href":"https:\/\/www.novaconcursos.com.br\/portal\/wp-json\/wp\/v2\/posts"}],"about":[{"href":"https:\/\/www.novaconcursos.com.br\/portal\/wp-json\/wp\/v2\/types\/post"}],"author":[{"embeddable":true,"href":"https:\/\/www.novaconcursos.com.br\/portal\/wp-json\/wp\/v2\/users\/54696"}],"replies":[{"embeddable":true,"href":"https:\/\/www.novaconcursos.com.br\/portal\/wp-json\/wp\/v2\/comments?post=103578"}],"version-history":[{"count":91,"href":"https:\/\/www.novaconcursos.com.br\/portal\/wp-json\/wp\/v2\/posts\/103578\/revisions"}],"predecessor-version":[{"id":299628,"href":"https:\/\/www.novaconcursos.com.br\/portal\/wp-json\/wp\/v2\/posts\/103578\/revisions\/299628"}],"wp:featuredmedia":[{"embeddable":true,"href":"https:\/\/www.novaconcursos.com.br\/portal\/wp-json\/wp\/v2\/media\/299582"}],"wp:attachment":[{"href":"https:\/\/www.novaconcursos.com.br\/portal\/wp-json\/wp\/v2\/media?parent=103578"}],"wp:term":[{"taxonomy":"category","embeddable":true,"href":"https:\/\/www.novaconcursos.com.br\/portal\/wp-json\/wp\/v2\/categories?post=103578"},{"taxonomy":"post_tag","embeddable":true,"href":"https:\/\/www.novaconcursos.com.br\/portal\/wp-json\/wp\/v2\/tags?post=103578"}],"curies":[{"name":"wp","href":"https:\/\/api.w.org\/{rel}","templated":true}]}}