{"id":10362,"date":"2014-09-15T17:14:28","date_gmt":"2014-09-15T20:14:28","guid":{"rendered":"http:\/\/www.novaconcursos.com.br\/portal\/?p=10362"},"modified":"2021-01-28T15:04:56","modified_gmt":"2021-01-28T18:04:56","slug":"editais-da-semana-de-15-a-21-de-setembro","status":"publish","type":"post","link":"https:\/\/www.novaconcursos.com.br\/portal\/noticias\/editais-da-semana-de-15-a-21-de-setembro\/","title":{"rendered":"Editais da semana de 15 a 21 de setembro"},"content":{"rendered":"<p><a href=\"https:\/\/www.novaconcursos.com.br\/portal\/wp-content\/uploads\/2014\/02\/editais-da-semana1.png\"><img decoding=\"async\" class=\"alignright size-medium wp-image-6315\" alt=\"editais-da-semana\" src=\"https:\/\/www.novaconcursos.com.br\/portal\/wp-content\/uploads\/2014\/02\/editais-da-semana1-300x164.png\" width=\"300\" height=\"164\" loading=\"lazy\" title=\"\" srcset=\"https:\/\/www.novaconcursos.com.br\/portal\/wp-content\/uploads\/2014\/02\/editais-da-semana1-300x164.png 300w, https:\/\/www.novaconcursos.com.br\/portal\/wp-content\/uploads\/2014\/02\/editais-da-semana1.png 621w\" sizes=\"auto, (max-width: 480px) 100vw, (max-width: 768px) 100vw, (max-width: 1200px) 70vw, 768px\"><\/a>Confira os principais editais desta semana com a Nova Concursos.<\/p>\n<p><strong>PREFEITURA DE FRANCA\/SP<\/strong><\/p>\n<p><strong>N\u00famero de vagas:\u00a0<\/strong>80 imediatas + cadastro de reserva<br><strong>Sal\u00e1rio:<\/strong>\u00a0de R$ 3,29 a hora a R$ 3.595,65<br><strong>N\u00edvel:\u00a0<\/strong>Fundamental, m\u00e9dio e superior (e aprendiz)<br><strong>Local:<\/strong>\u00a0Franca (SP)<br><strong>Data da inscri\u00e7\u00e3o:<\/strong>\u00a0 at\u00e9 09\/10<br><strong>Edital:<\/strong>\u00a0<a href=\"http:\/\/jcconcursos.uol.com.br\/arquivos\/pdf\/SP_Franca_Pref_ed_2_1764.pdf\" target=\"_blank\" rel=\"noopener noreferrer\">http:\/\/jcconcursos.uol.com.br\/arquivos\/pdf\/SP_Franca_Pref_ed_2_1764.pdf<\/a><\/p>\n<p><strong>PREFEITURA DE S\u00c3O JOS\u00c9 DO RIO PRETO\/SP<\/strong><\/p>\n<p><strong>N\u00famero de vagas: <\/strong>180<br><strong>Sal\u00e1rio:<\/strong>\u00a0de R$ 2.587,79 a hora a R$ 7.060,59<br><strong>N\u00edvel:\u00a0<\/strong>Superior<br><strong>Local:<\/strong>\u00a0S\u00e3o Jos\u00e9 do Rio Preto (SP)<br><strong>Data da inscri\u00e7\u00e3o:<\/strong>\u00a0 de 22\/09 a 17\/10<br><strong>Edital:\u00a0<\/strong><a href=\"http:\/\/jcconcursos.uol.com.br\/arquivos\/pdf\/SP_Sao_Jose_do_Rio_Preto_Pref_ed_1763.pdf\" target=\"_blank\" rel=\"noopener noreferrer\">http:\/\/jcconcursos.uol.com.br\/arquivos\/pdf\/SP_Sao_Jose_do_Rio_Preto_Pref_ed_1763.pdf<\/a><\/p>\n<p><strong>PETROBR\u00c1S\/DIVERSOS ESTADOS<\/strong><\/p>\n<p><strong>N\u00famero de vagas:\u00a0<\/strong>8.088<br><strong>Sal\u00e1rio:<\/strong>\u00a0de R$ 2.587,79 a hora a R$ 7.060,59<br><strong>N\u00edvel:\u00a0<\/strong>M\u00e9dio e superior<br><strong>Local:<\/strong>\u00a0Diversas cidades (SP, RJ, ES, MG, BA, DF, SE, PR, PA, SC, CE, GO, PB, AL, AM, RN, RS, PE, MA)<br><strong>Data da inscri\u00e7\u00e3o:<\/strong>\u00a0 de 25\/09 a 22\/10<br><strong>Edital:\u00a0<\/strong><a href=\"http:\/\/jcconcursos.uol.com.br\/arquivos\/pdf\/NAC_Petrobras_edital_1763.pdf\" target=\"_blank\" rel=\"noopener noreferrer\">http:\/\/jcconcursos.uol.com.br\/arquivos\/pdf\/NAC_Petrobras_edital_1763.pdf<\/a><\/p>\n<p><strong>SEAP\/DF<\/strong><\/p>\n<p><strong>N\u00famero de vagas:\u00a0<\/strong>50<br><strong>Sal\u00e1rio:<\/strong>\u00a0de R$ 3.579,72<br><strong>N\u00edvel: <\/strong>Superior<br><strong>Local:<\/strong>\u00a0Bras\u00edlia (DF)<br><strong>Data da inscri\u00e7\u00e3o:<\/strong>\u00a0 at\u00e9 13\/10<br><strong>Edital:\u00a0<\/strong><a href=\"http:\/\/jcconcursos.uol.com.br\/arquivos\/pdf\/DF_SEAP-DF_pedagogo_orientador_ed.1758.pdf\" target=\"_blank\" rel=\"noopener noreferrer\">http:\/\/jcconcursos.uol.com.br\/arquivos\/pdf\/DF_SEAP-DF_pedagogo_orientador_ed.1758.pdf<\/a><\/p>\n<p><strong>UNCISAL\/AL<\/strong><\/p>\n<p><strong>N\u00famero de vagas: <\/strong>173<br><strong>Sal\u00e1rio:<\/strong>\u00a0de R$ 2.463,37 a R$ 7.092,26<br><strong>N\u00edvel:\u00a0<\/strong>Superior<br><strong>Local:<\/strong>\u00a0Macei\u00f3 (AL)<br><strong>Data da inscri\u00e7\u00e3o:<\/strong>\u00a0 at\u00e9 09\/10<br><strong>Edital:<\/strong>\u00a0<a href=\"http:\/\/jcconcursos.uol.com.br\/arquivos\/pdf\/AL_Uncisal_ed_1763.pdf\" target=\"_blank\" rel=\"noopener noreferrer\">http:\/\/jcconcursos.uol.com.br\/arquivos\/pdf\/AL_Uncisal_ed_1763.pdf<\/a><\/p>\n<p><strong>FUNSA\u00daDE\/MS<\/strong><\/p>\n<p><strong>N\u00famero de vagas:\u00a0<\/strong>61<br><strong>Sal\u00e1rio:<\/strong>\u00a0de R$ 697,75 a R$ 11.948,11<br><strong>N\u00edvel:\u00a0<\/strong>Fundamental, m\u00e9dio e superior<br><strong>Local:<\/strong>\u00a0Diversas cidades (MS)<br><strong>Data da inscri\u00e7\u00e3o:<\/strong>\u00a0 at\u00e9 06\/10<br><strong>Edital:<\/strong>\u00a0<a href=\"http:\/\/jcconcursos.uol.com.br\/arquivos\/pdf\/RS_Sao_Gabriel_dOeste_Funsaude_ed_1762.pdf\" target=\"_blank\" rel=\"noopener noreferrer\">http:\/\/jcconcursos.uol.com.br\/arquivos\/pdf\/RS_Sao_Gabriel_dOeste_Funsaude_ed_1762.pd<\/a><\/p>\n<p><strong>PREFEITURA DE JUCURUTU\/RN<\/strong><\/p>\n<p><strong>N\u00famero de vagas:\u00a0<\/strong>307<br><strong>Sal\u00e1rio:<\/strong>\u00a0de R$ 724 a R$ 10.000<br><strong>N\u00edvel: <\/strong>Fundamental, m\u00e9dio e superior<br><strong>Local:<\/strong>\u00a0Jucurutu (RN)<br><strong>Data da inscri\u00e7\u00e3o:<\/strong>\u00a0 at\u00e9 13\/10<br><strong>Edital:<\/strong>\u00a0<a href=\"http:\/\/jcconcursos.uol.com.br\/arquivos\/pdf\/RN_Jucurutu_Pref_ed_1762.pdf\" target=\"_blank\" rel=\"noopener noreferrer\">http:\/\/jcconcursos.uol.com.br\/arquivos\/pdf\/RN_Jucurutu_Pref_ed_1762.pdf<\/a><\/p>\n<p><strong>PREFEITURA DE CARNEIRO DA V\u00c1RZEA\/AM<\/strong><\/p>\n<p><strong>N\u00famero de vagas:\u00a0<\/strong>286<br><strong>Sal\u00e1rio:<\/strong>\u00a0de R$ 724 a R$ 3.300<br><strong>N\u00edvel:\u00a0<\/strong>Fundamental, m\u00e9dio e superior<br><strong>Local:<\/strong>\u00a0Carneiro da V\u00e1rzea (AM)<br><strong>Data da inscri\u00e7\u00e3o:<\/strong>\u00a0 at\u00e9 19\/09<br><strong>Edital:\u00a0<\/strong><a href=\"http:\/\/jcconcursos.uol.com.br\/arquivos\/pdf\/AM_Careiro_da_Varzea_Pref_ed_1748.pdf\" target=\"_blank\" rel=\"noopener noreferrer\">http:\/\/jcconcursos.uol.com.br\/arquivos\/pdf\/AM_Careiro_da_Varzea_Pref_ed_1748.pdf<\/a><\/p>\n<p><strong>PREFEITURA DE ARIQUEMES\/RO<\/strong><\/p>\n<p><strong>N\u00famero de vagas:\u00a0<\/strong>163 imediatas + 50 de cadastro de reserva<br><strong>Sal\u00e1rio:<\/strong>\u00a0de R$ 653,38 a R$ 6.295,29<br><strong>N\u00edvel:\u00a0<\/strong>Fundamental, m\u00e9dio e superior<br><strong>Local:<\/strong>\u00a0Ariquemes (RO)<br><strong>Data da inscri\u00e7\u00e3o:<\/strong>\u00a0 at\u00e9 29\/09<br><strong>Edital:\u00a0<\/strong><a href=\"http:\/\/jcconcursos.uol.com.br\/arquivos\/pdf\/RO_Ariquemes_Pref_ed_1763.pdf\" target=\"_blank\" rel=\"noopener noreferrer\">http:\/\/jcconcursos.uol.com.br\/arquivos\/pdf\/RO_Ariquemes_Pref_ed_1763.pdf<\/a><\/p>\n<p><strong>SAMU\/SC<\/strong><\/p>\n<p><strong>N\u00famero de vagas:\u00a0<\/strong>173<br><strong>Sal\u00e1rio:<\/strong>\u00a0de R$ 653,38 a R$ 6.295,29<br><strong>N\u00edvel:\u00a0<\/strong>M\u00e9dio\/t\u00e9cnico e superior<br><strong>Local:<\/strong>\u00a0V\u00e1rias cidades (SC)<br><strong>Data da inscri\u00e7\u00e3o:<\/strong>\u00a0 at\u00e9 21\/09<br><strong>Edital:\u00a0<\/strong><a href=\"http:\/\/jcconcursos.uol.com.br\/arquivos\/pdf\/SC_SAMU_ed_1763.pdf\" target=\"_blank\" rel=\"noopener noreferrer\">http:\/\/jcconcursos.uol.com.br\/arquivos\/pdf\/SC_SAMU_ed_1763.pdf<\/a><\/p>\n<p><strong>PREFEITURA DE NOVO HAMBURGO\/RS<\/strong><\/p>\n<p><strong>N\u00famero de vagas:\u00a0<\/strong>225<br><strong>Sal\u00e1rio:<\/strong>\u00a0de R$ 824,26 a R$ 2.947,77<br><strong>N\u00edvel:\u00a0<\/strong>Fundamental, m\u00e9dio\/t\u00e9cnico e superior<br><strong>Local:<\/strong> Novo Hamburgo (RS)<br><strong>Data da inscri\u00e7\u00e3o:<\/strong>\u00a0 at\u00e9 05\/10<br><strong>Edital:\u00a0<\/strong><a href=\"http:\/\/jcconcursos.uol.com.br\/arquivos\/pdf\/RS_Novo_Hamburgo_Fund._Saude_Publica_ed_1763.pdf\" target=\"_blank\" rel=\"noopener noreferrer\">http:\/\/jcconcursos.uol.com.br\/arquivos\/pdf\/RS_Novo_Hamburgo_Fund._Saude_Publica_ed_1763.pdf<\/a><\/p>\n<p><strong>PREFEITURA DE FLORIAN\u00d3POLIS\/SC<\/strong><\/p>\n<p><strong>N\u00famero de vagas:\u00a0<\/strong>87<br><strong>Sal\u00e1rio:<\/strong>\u00a0de R$ 845,25 a R$ 4.072,65<br><strong>N\u00edvel:\u00a0<\/strong>M\u00e9dio\/t\u00e9cnico e superior<br><strong>Local:<\/strong>\u00a0Florian\u00f3polis (SC)<br><strong>Data da inscri\u00e7\u00e3o:<\/strong>\u00a0 at\u00e9 21\/09<br><strong>Edital:\u00a0<\/strong><a href=\"http:\/\/jcconcursos.uol.com.br\/arquivos\/pdf\/SC_Florianopolis_Pref_ed_1760.pdf\" target=\"_blank\" rel=\"noopener noreferrer\">http:\/\/jcconcursos.uol.com.br\/arquivos\/pdf\/SC_Florianopolis_Pref_ed_1760.pdf<\/a><\/p>\n<p><a href=\"https:\/\/www.novaconcursos.com.br\/?utm_source=blog&amp;utm_medium=smm&amp;utm_content=banner&amp;utm_campaign=branding\" target=\"_blank\" rel=\"noopener noreferrer\"><img decoding=\"async\" alt=\"banner_nova_468_60_arrumado\" src=\"https:\/\/www.novaconcursos.com.br\/portal\/wp-content\/uploads\/2014\/06\/banner_nova_468_60_arrumado.jpg\" width=\"468\" height=\"60\" loading=\"lazy\" title=\"\"><\/a><\/p>\n<p>Aproveite e adquira apostilas<a title=\"Apostilas Para os concursos com a Editora Nova\" href=\"http:\/\/ow.ly\/lKkeX\" target=\"_blank\" rel=\"noopener noreferrer\">\u00a0para concurso da Nova<\/a>\u00a0! Tamb\u00e9m\u00a0<a title=\"Facebook Nova Concursos\" href=\"http:\/\/ow.ly\/lKkiG\" target=\"_blank\" rel=\"noopener noreferrer\">acompanhe-nos no Facebook\u00a0<\/a>e\u00a0<a title=\"Google Plus Nova Concursos\" href=\"https:\/\/plus.google.com\/113682945901149018071\" target=\"_blank\" rel=\"noopener noreferrer\">Google Plus<\/a>\u00a0para saber das novidades e dicas!<\/p>\n<p>Gostou? N\u00e3o deixe de votar abaixo!<\/p>\n<p><a href=\"https:\/\/www.novaconcursos.com.br\/portal\/wp-content\/uploads\/2014\/06\/avalie-a-nova.png\"><img decoding=\"async\" alt=\"avalie-a-nova\" src=\"https:\/\/www.novaconcursos.com.br\/portal\/wp-content\/uploads\/2014\/06\/avalie-a-nova.png\" width=\"108\" height=\"96\" loading=\"lazy\" title=\"\"><\/a><\/p>","protected":false},"excerpt":{"rendered":"<p>Confira os principais editais desta semana com a Nova Concursos. PREFEITURA DE FRANCA\/SP N\u00famero de vagas:\u00a080 imediatas + cadastro de reservaSal\u00e1rio:\u00a0de R$ 3,29 a hora a R$ 3.595,65N\u00edvel:\u00a0Fundamental, m\u00e9dio e superior (e aprendiz)Local:\u00a0Franca (SP)Data da inscri\u00e7\u00e3o:\u00a0 at\u00e9 09\/10Edital:\u00a0http:\/\/jcconcursos.uol.com.br\/arquivos\/pdf\/SP_Franca_Pref_ed_2_1764.pdf PREFEITURA DE S\u00c3O JOS\u00c9 DO RIO PRETO\/SP N\u00famero de vagas: 180Sal\u00e1rio:\u00a0de R$ 2.587,79 a hora a R$ [&hellip;]<\/p>\n","protected":false},"author":16,"featured_media":6311,"comment_status":"closed","ping_status":"closed","sticky":false,"template":"","format":"standard","meta":{"_acf_changed":false,"footnotes":"","_wp_rev_ctl_limit":""},"categories":[228],"tags":[461,462,463,464,465,466,467,468],"class_list":["post-10362","post","type-post","status-publish","format-standard","has-post-thumbnail","hentry","category-noticias","tag-editais","tag-editais-2014","tag-editais-dicas-de-edital","tag-editais-para-concurso","tag-edital","tag-edital-2014","tag-edital-para-concurso","tag-lista-edital"],"acf":[],"_links":{"self":[{"href":"https:\/\/www.novaconcursos.com.br\/portal\/wp-json\/wp\/v2\/posts\/10362","targetHints":{"allow":["GET"]}}],"collection":[{"href":"https:\/\/www.novaconcursos.com.br\/portal\/wp-json\/wp\/v2\/posts"}],"about":[{"href":"https:\/\/www.novaconcursos.com.br\/portal\/wp-json\/wp\/v2\/types\/post"}],"author":[{"embeddable":true,"href":"https:\/\/www.novaconcursos.com.br\/portal\/wp-json\/wp\/v2\/users\/16"}],"replies":[{"embeddable":true,"href":"https:\/\/www.novaconcursos.com.br\/portal\/wp-json\/wp\/v2\/comments?post=10362"}],"version-history":[{"count":2,"href":"https:\/\/www.novaconcursos.com.br\/portal\/wp-json\/wp\/v2\/posts\/10362\/revisions"}],"predecessor-version":[{"id":113144,"href":"https:\/\/www.novaconcursos.com.br\/portal\/wp-json\/wp\/v2\/posts\/10362\/revisions\/113144"}],"wp:featuredmedia":[{"embeddable":true,"href":"https:\/\/www.novaconcursos.com.br\/portal\/wp-json\/wp\/v2\/media\/6311"}],"wp:attachment":[{"href":"https:\/\/www.novaconcursos.com.br\/portal\/wp-json\/wp\/v2\/media?parent=10362"}],"wp:term":[{"taxonomy":"category","embeddable":true,"href":"https:\/\/www.novaconcursos.com.br\/portal\/wp-json\/wp\/v2\/categories?post=10362"},{"taxonomy":"post_tag","embeddable":true,"href":"https:\/\/www.novaconcursos.com.br\/portal\/wp-json\/wp\/v2\/tags?post=10362"}],"curies":[{"name":"wp","href":"https:\/\/api.w.org\/{rel}","templated":true}]}}