{"id":104416,"date":"2020-08-12T10:00:42","date_gmt":"2020-08-12T13:00:42","guid":{"rendered":"https:\/\/www.novaconcursos.com.br\/portal\/?p=104416"},"modified":"2020-08-12T10:03:05","modified_gmt":"2020-08-12T13:03:05","slug":"concurso-ministerio-da-economia-autorizado-edital-com-39-vagas-temporarias","status":"publish","type":"post","link":"https:\/\/www.novaconcursos.com.br\/portal\/noticias\/concurso-ministerio-da-economia-autorizado-edital-com-39-vagas-temporarias\/","title":{"rendered":"Concurso Minist\u00e9rio da Economia: Autorizado edital com 39 vagas tempor\u00e1rias!"},"content":{"rendered":"<p><\/p><p>Foi autorizado pelo Minist\u00e9rio da Economia, um novo <a href=\"https:\/\/www.novaconcursos.com.br\/\" target=\"_blank\" rel=\"noreferrer noopener\" aria-label=\"concurso (abre numa nova aba)\">concurso<\/a> para o <strong>preenchimento de 39 vagas tempor\u00e1rias para cargos de n\u00edvel superior<\/strong>.<\/p>\n[mauticform id=\u201d293\u2033 chamada=\u201dReceba em seu e-mail todas oportunidades de Concursos para o Estado do Distrito Federal\u201d titulo=\u201dQuer Receber Todas Oportunidades para o Estado do Distrito Federal?\u201d track=\u201dCaptura \u2013 Blog Not\u00edcia Distrito-Federal\u201d]\n\n\n\n<h2 class=\"wp-block-heading\" id=\"novo-edital-do-concurso-ministrio-da-economia-autorizado\">Novo edital do concurso Minist\u00e9rio da Economia \u00e9 autorizado<\/h2>\n\n\n\n<p>O Minist\u00e9rio da Economia tem autoriza\u00e7\u00e3o para um novo <a href=\"https:\/\/www.novaconcursos.com.br\/\" target=\"_blank\" rel=\"noreferrer noopener\" aria-label=\"processo seletivo (abre numa nova aba)\">processo seletivo<\/a>. Ap\u00f3s conceder aval para 350 vagas, foi divulgada no Di\u00e1rio Oficial da Uni\u00e3o, <strong>uma nova portaria autorizativa. Ao todo, o pr\u00f3ximo certame ofertar\u00e1 39 vagas tempor\u00e1rias<\/strong>.<\/p>\n\n\n\n<p>Os profissionais ser\u00e3o contratados para desenvolver <strong>atividades t\u00e9cnicas especializadas no \u00e2mbito da Comiss\u00e3o Especial de Extintos Territ\u00f3rios Federais<\/strong> <strong>de Rond\u00f4nia, Amap\u00e1 e Roraima<\/strong> (CEEXT) do Minist\u00e9rio da Economia.<\/p>\n\n\n\n<p>As oportunidades ser\u00e3o para <strong>atividades t\u00e9cnicas de complexidade intelectual, de n\u00edvel superior, nas \u00e1reas de Direito (37 vagas) e Arquivologia (02 vagas)<\/strong>. De acordo com a Lei que regulamenta esta sele\u00e7\u00e3o, os sal\u00e1rios para os profissionais contratados podem chegar no valor de <strong>R$ 6.130,00<\/strong>.<\/p>\n\n\n\n<p>Por\u00e9m, conforme a publica\u00e7\u00e3o, caber\u00e1 ao Minist\u00e9rio da Economia definir a remunera\u00e7\u00e3o daqueles que ser\u00e3o contratados. Ainda segundo o aval, <strong>os candidatos aprovados no <a href=\"https:\/\/www.novaconcursos.com.br\/\" target=\"_blank\" rel=\"noreferrer noopener\" aria-label=\"processo seletivo (abre numa nova aba)\">processo seletivo<\/a> ir\u00e3o atuar at\u00e9 o dia 01 de dezembro de 2022<\/strong>, quando o prazo de validade do contrato ser\u00e1 encerrado.<\/p>\n\n\n\n<p><strong>O edital dever\u00e1 ser divulgado em at\u00e9 06 (seis) meses<\/strong>, conforme prev\u00ea a portaria. Dessa maneira, o <a href=\"https:\/\/www.novaconcursos.com.br\/\" target=\"_blank\" rel=\"noreferrer noopener\" aria-label=\"certame (abre numa nova aba)\">certame<\/a> precisar\u00e1 ser aberto at\u00e9 o dia <strong>12 de fevereiro de 2021<\/strong>.<\/p>\n\n\n\n<p>Entretanto, \u00e9 prov\u00e1vel que o <a href=\"https:\/\/www.novaconcursos.com.br\/\" target=\"_blank\" rel=\"noreferrer noopener\" aria-label=\"processo seletivo (abre numa nova aba)\">processo seletivo<\/a> seja aberto em breve. <strong>Isso porque as \u00faltimas sele\u00e7\u00f5es federais tiveram seus editais publicados pouco tempo ap\u00f3s o aval<\/strong>. Foi o caso do: INSS, PREVFOGO IBAMA e o Minist\u00e9rio da Justi\u00e7a.<\/p>\n\n\n\n<p>Ainda de acordo com a publica\u00e7\u00e3o, as admiss\u00f5es ir\u00e3o depender de pr\u00e9via aprova\u00e7\u00e3o em <a href=\"https:\/\/www.novaconcursos.com.br\/\" target=\"_blank\" rel=\"noreferrer noopener\" aria-label=\"processo seletivo (abre numa nova aba)\">processo seletivo<\/a> simplificado. Al\u00e9m disso, <strong>as contrata\u00e7\u00f5es somente ser\u00e3o formalizadas mediante a disponibilidade de dota\u00e7\u00f5es or\u00e7ament\u00e1rias espec\u00edficas<\/strong>.<\/p>\n\n\n\n<div class=\"wp-block-image\"><figure class=\"aligncenter size-large is-resized\"><img decoding=\"async\" src=\"https:\/\/www.novaconcursos.com.br\/portal\/wp-content\/uploads\/2020\/07\/Minist%C3%A9rio-da-Economia-1024x576.jpg\" alt=\"\" class=\"wp-image-103099\" width=\"789\" height=\"443\" loading=\"lazy\" title=\"\" srcset=\"https:\/\/www.novaconcursos.com.br\/portal\/wp-content\/uploads\/2020\/07\/Minist\u00e9rio-da-Economia-300x169.jpg 300w, https:\/\/www.novaconcursos.com.br\/portal\/wp-content\/uploads\/2020\/07\/Minist\u00e9rio-da-Economia-1024x576.jpg 1024w, https:\/\/www.novaconcursos.com.br\/portal\/wp-content\/uploads\/2020\/07\/Minist\u00e9rio-da-Economia.jpg 1920w\" sizes=\"auto, (max-width: 480px) 100vw, (max-width: 768px) 100vw, (max-width: 1200px) 70vw, 768px\"><\/figure><\/div>\n\n\n\n<h2 class=\"wp-block-heading\" id=\"ministrio-da-economia-ter-outro-concurso-com-350-vagas\">Minist\u00e9rio da Economia ter\u00e1 outro concurso com 350 vagas<\/h2>\n\n\n\n<p>O <a href=\"https:\/\/www.novaconcursos.com.br\/\" target=\"_blank\" rel=\"noreferrer noopener\" aria-label=\"certame (abre numa nova aba)\">certame<\/a> autorizado no dia 12 de agosto, ser\u00e1 o segundo a ser realizado pelo Minist\u00e9rio da Economia. <strong>O primeiro teve seu aval divulgado no m\u00eas de julho, para o preenchimento de 350 vagas tempor\u00e1rias<\/strong>.<\/p>\n\n\n\n<p>Neste caso, <strong>as chances ser\u00e3o para atividades t\u00e9cnicas de complexidade gerencial<\/strong>. As vagas ser\u00e3o distribu\u00eddas pelos seguintes cargos:<\/p>\n\n\n\n<ul class=\"wp-block-list\"><li>Especialista em Gest\u00e3o de Projetos: 50 vagas;<\/li><\/ul><ul class=\"wp-block-list\"><li>Especialista em Infraestrutura de Tecnologia da Informa\u00e7\u00e3o-TI: 50 vagas;<\/li><\/ul><ul class=\"wp-block-list\"><li>Especialista em Ci\u00eancia de Dados: 50 vagas;<\/li><\/ul><ul class=\"wp-block-list\"><li>Especialista em Seguran\u00e7a da Informa\u00e7\u00e3o e Prote\u00e7\u00e3o de Dados: 50 vagas;<\/li><\/ul><ul class=\"wp-block-list\"><li>Especialista em An\u00e1lise de Processos de Neg\u00f3cios: 50 vagas;<\/li><\/ul><ul class=\"wp-block-list\"><li>Especialista em Experi\u00eancia do Usu\u00e1rio: 50 vagas;<\/li><\/ul><ul class=\"wp-block-list\"><li>Especialista em Desenvolvimento de Software: 50 vagas.<\/li><\/ul><p>De acordo com a Lei que regulamenta a <a href=\"https:\/\/www.novaconcursos.com.br\/\" target=\"_blank\" rel=\"noreferrer noopener\" aria-label=\"sele\u00e7\u00e3o (abre numa nova aba)\">sele\u00e7\u00e3o<\/a>, <strong>as carreiras de atividades t\u00e9cnicas de complexidade gerencial s\u00e3o destinadas para profissionais que possuem o n\u00edvel superior de forma\u00e7\u00e3o<\/strong>.<\/p>\n\n\n\n<p>Al\u00e9m da gradua\u00e7\u00e3o, <strong>os candidatos devem ter experi\u00eancia profissional superior a cinco anos ou possuir t\u00edtulo de mestre ou doutor<\/strong>. Segundo a \u00faltima autoriza\u00e7\u00e3o da Lei, as remunera\u00e7\u00f5es para os cargos s\u00e3o de <strong>R$ 8.300,00<\/strong>.<\/p>\n\n\n\n<p>O edital do <a href=\"https:\/\/www.novaconcursos.com.br\/\" target=\"_blank\" rel=\"noreferrer noopener\" aria-label=\"concurso (abre numa nova aba)\">concurso<\/a> Minist\u00e9rio da Economia pode ser divulgado a qualquer instante. Isso porque, <strong>a banca organizadora j\u00e1 foi escolhida, sendo do Cebraspe <\/strong>(Centro Brasileiro de Pesquisa em Avalia\u00e7\u00e3o e Sele\u00e7\u00e3o e de Promo\u00e7\u00e3o de Eventos).<\/p>\n\n\n\n<p><em>\u201cO concurso ser\u00e1 composto de provas e avalia\u00e7\u00e3o de t\u00edtulos e ainda n\u00e3o h\u00e1 data prevista para a divulga\u00e7\u00e3o do edital. Por\u00e9m, a portaria estipula prazo de at\u00e9 seis meses para a publica\u00e7\u00e3o do mesmo\u201d<\/em>, informou o Minist\u00e9rio da Economia. <\/p>","protected":false},"excerpt":{"rendered":"<p>Foi autorizado pelo Minist\u00e9rio da Economia, um novo concurso para o preenchimento de 39 vagas tempor\u00e1rias para cargos de n\u00edvel superior. [mauticform id=\u201d293\u2033 chamada=\u201dReceba em seu e-mail todas oportunidades de Concursos para o Estado do Distrito Federal\u201d titulo=\u201dQuer Receber Todas Oportunidades para o Estado do Distrito Federal?\u201d track=\u201dCaptura \u2013 Blog Not\u00edcia Distrito-Federal\u201d] Novo edital do [&hellip;]<\/p>\n","protected":false},"author":16,"featured_media":103099,"comment_status":"closed","ping_status":"closed","sticky":false,"template":"","format":"standard","meta":{"_acf_changed":false,"footnotes":"","_wp_rev_ctl_limit":""},"categories":[228],"tags":[],"class_list":["post-104416","post","type-post","status-publish","format-standard","has-post-thumbnail","hentry","category-noticias"],"acf":[],"_links":{"self":[{"href":"https:\/\/www.novaconcursos.com.br\/portal\/wp-json\/wp\/v2\/posts\/104416","targetHints":{"allow":["GET"]}}],"collection":[{"href":"https:\/\/www.novaconcursos.com.br\/portal\/wp-json\/wp\/v2\/posts"}],"about":[{"href":"https:\/\/www.novaconcursos.com.br\/portal\/wp-json\/wp\/v2\/types\/post"}],"author":[{"embeddable":true,"href":"https:\/\/www.novaconcursos.com.br\/portal\/wp-json\/wp\/v2\/users\/16"}],"replies":[{"embeddable":true,"href":"https:\/\/www.novaconcursos.com.br\/portal\/wp-json\/wp\/v2\/comments?post=104416"}],"version-history":[{"count":2,"href":"https:\/\/www.novaconcursos.com.br\/portal\/wp-json\/wp\/v2\/posts\/104416\/revisions"}],"predecessor-version":[{"id":104427,"href":"https:\/\/www.novaconcursos.com.br\/portal\/wp-json\/wp\/v2\/posts\/104416\/revisions\/104427"}],"wp:featuredmedia":[{"embeddable":true,"href":"https:\/\/www.novaconcursos.com.br\/portal\/wp-json\/wp\/v2\/media\/103099"}],"wp:attachment":[{"href":"https:\/\/www.novaconcursos.com.br\/portal\/wp-json\/wp\/v2\/media?parent=104416"}],"wp:term":[{"taxonomy":"category","embeddable":true,"href":"https:\/\/www.novaconcursos.com.br\/portal\/wp-json\/wp\/v2\/categories?post=104416"},{"taxonomy":"post_tag","embeddable":true,"href":"https:\/\/www.novaconcursos.com.br\/portal\/wp-json\/wp\/v2\/tags?post=104416"}],"curies":[{"name":"wp","href":"https:\/\/api.w.org\/{rel}","templated":true}]}}