{"id":104495,"date":"2023-10-31T10:13:41","date_gmt":"2023-10-31T13:13:41","guid":{"rendered":"https:\/\/www.novaconcursos.com.br\/portal\/?post_type=nc-public-tender&#038;p=104495"},"modified":"2025-04-10T17:33:04","modified_gmt":"2025-04-10T20:33:04","slug":"concurso-tj-ap","status":"publish","type":"post","link":"https:\/\/www.novaconcursos.com.br\/portal\/concursos\/concurso-tj-ap\/","title":{"rendered":"Concurso TJ AP: Edital publicado. 58 vagas para T\u00e9cnico e Analista!"},"content":{"rendered":"<p>\u00d3timas not\u00edcias, concurseiros! Saiu o novo concurso <a href=\"https:\/\/www.novaconcursos.com.br\/portal\/concursos-abertos\/ap\/\">TJ AP (do Tribunal de Justi\u00e7a do Estado do Amap\u00e1)<\/a>! ?<\/p>\n\n\n\n<p>O certame oferece vagas de <strong>n\u00edveis m\u00e9dio e superior<\/strong>! Iniciais de at\u00e9 <strong>R$ 8 mil<\/strong>!<\/p>\n\n\n\n<p>Saiba todos os detalhes e j\u00e1 comece a se preparar!<\/p>\n\n\n\n<h2 class=\"wp-block-heading\" id=\"resumo-do-edital\">Resumo do Edital<\/h2>\n\n\n\n<p>Vagas: 58<br>Escolaridade: n\u00edveis m\u00e9dio e superior<br>Sal\u00e1rio: R$ 6.539,48 e R$8.508,30<br>Per\u00edodo de inscri\u00e7\u00e3o: 13\/11\/2023 at\u00e9 21\/12\/2023<br>Taxa de inscri\u00e7\u00e3o: R$95 e R$105<br>Prova: 24\/03\/2024<br>Banca: FGV<br><a href=\"https:\/\/www.novaconcursos.com.br\/portal\/wp-content\/uploads\/2023\/10\/edital-tj-ap.pdf\" target=\"_blank\" rel=\"noopener\">Baixe o edital.<\/a><\/p>\n\n\n\n<h2 class=\"wp-block-heading\" id=\"como-realizar-a-inscrio-do-concurso-tj-ap\">Como realizar a inscri\u00e7\u00e3o do concurso TJ AP?<\/h2>\n\n\n\n<p>A inscri\u00e7\u00f5es para o concurso do Tribunal de Justi\u00e7a do Estado do Amap\u00e1 estar\u00e3o abertas entre os dias<strong> 13 de novembro de 2023 e 21 de dezembro de 2023<\/strong>, no site da banca organizadora, a <a href=\"https:\/\/conhecimento.fgv.br\/concursos\/tjap23\" target=\"_blank\" rel=\"noopener\">Funda\u00e7\u00e3o Get\u00falio Vargas (FGV)<\/a>.<\/p>\n\n\n\n<p>Para efetivar a inscri\u00e7\u00e3o, o interessado dever\u00e1 realizar o pagamento de uma<strong> taxa<\/strong> de inscri\u00e7\u00e3o, nos seguintes valores:<\/p>\n\n\n\n<ul class=\"wp-block-list\"><li>N\u00edvel m\u00e9dio: R$ 95,00<\/li>\n\n\n\n<li>N\u00edvel superior: R$ 105,00<\/li>\n<\/ul><p>O certame tamb\u00e9m oferece a<strong> isen\u00e7\u00e3o<\/strong> da taxa de inscri\u00e7\u00e3o para os candidatos:<\/p>\n\n\n\n<ul class=\"wp-block-list\"><li>inscritos no Cadastro \u00danico para Programas Sociais do Governo Federal (Cad\u00danico);<\/li>\n\n\n\n<li>doadores de sangue;<\/li>\n\n\n\n<li>portadores de necessidades especiais e reconhecidamente pobres; e<\/li>\n\n\n\n<li>portadores de necessidades especiais f\u00edsica, auditiva e visual.<\/li>\n<\/ul><p><strong>Aten\u00e7\u00e3o!<\/strong> A solicita\u00e7\u00e3o de isen\u00e7\u00e3o dever\u00e1 ser realizada entre \u00e0s 16h do dia 13 de novembro e \u00e0s 16h do dia 16 de novembro.<\/p>\n\n\n\n<p>Estude para o concurso dos seus sonhos com o\u00a0<strong>M\u00e9todo<\/strong>\u00a0que j\u00e1 ajudou na\u00a0<strong>aprova\u00e7\u00e3o de mais de 70 mil alunos<\/strong>.\u00a0<a class=\"c-link\" href=\"https:\/\/www.novaconcursos.com.br\/eventos\/assinatura?promo_creative=Clique+aqui&amp;promo_name=concurso&amp;promo_id=%2Fportal%2Fconcursos%2Fconcurso-uespi-edital-autorizado-160-vagas&amp;promo_position=corpo-texto\" target=\"_blank\" rel=\"noopener noreferrer\" data-stringify-link=\"https:\/\/www.novaconcursos.com.br\/eventos\/assinatura?promo_creative=Clique+aqui&amp;promo_name=concurso&amp;promo_id=%2Fportal%2Fconcursos%2Fconcurso-uespi-edital-autorizado-160-vagas&amp;promo_position=corpo-texto\" data-sk=\"tooltip_parent\" data-remove-tab-index=\"true\">Clique aqui<\/a> e saiba mais!<\/p>\n\n\n\n<h2 class=\"wp-block-heading\" id=\"quais-so-os-cargos-vagas-e-salrios-do-concurso-tj-ap\">Quais s\u00e3o os cargos, vagas e sal\u00e1rios do concurso TJ AP?<\/h2>\n\n\n\n<p>O TJ AP est\u00e1 ofertando<strong> 58 vagas <\/strong>para Analista e T\u00e9cnico Judici\u00e1rio, distribu\u00eddas entre as seguintes <strong>especialidades<\/strong>:<\/p>\n\n\n\n<p><strong>N\u00edvel M\u00e9dio<\/strong><\/p>\n\n\n\n<ul class=\"wp-block-list\"><li>T\u00e9cnico Judici\u00e1rio \u2013 Apoio Especializado \u2013 T\u00e9cnico de Inform\u00e1tica (04)\n<ul class=\"wp-block-list\"><li>\u00c1rea Judici\u00e1ria\/Administrativa (10)<\/li>\n<\/ul><\/li>\n<\/ul><p><strong>N\u00edvel Superior<\/strong><\/p>\n\n\n\n<ul class=\"wp-block-list\"><li>Analista Judici\u00e1rio \u2013 Apoio Especializado \u2013 Administra\u00e7\u00e3o (02)\n<ul class=\"wp-block-list\"><li>Assistente Social (02)<\/li>\n\n\n\n<li>Biblioteconomia\/Documenta\u00e7\u00e3o (01)<\/li>\n\n\n\n<li>Contador (06)<\/li>\n\n\n\n<li>Controle Interno (04)<\/li>\n\n\n\n<li>Estat\u00edstico (01)<\/li>\n\n\n\n<li>Pedagogo (01)<\/li>\n\n\n\n<li>Psic\u00f3logo (04)<\/li>\n\n\n\n<li>Tecnologia da Informa\u00e7\u00e3o (TI)\n<ul class=\"wp-block-list\"><li>Seguran\u00e7a da Informa\u00e7\u00e3o (02)<\/li>\n\n\n\n<li>Telecomunica\u00e7\u00f5es (02)<\/li>\n\n\n\n<li>Banco de Dados (02)<\/li>\n\n\n\n<li>em Desenvolvimento de Sistemas (06)<\/li>\n<\/ul><\/li>\n<\/ul><\/li>\n\n\n\n<li>Analista Judici\u00e1rio \u2013 \u00c1rea Judici\u00e1ria (10)\n<ul class=\"wp-block-list\"><li>Execu\u00e7\u00e3o de Mandados (01)<\/li>\n<\/ul><\/li>\n<\/ul><p>Os cargos possuem \u00e0s seguintes <strong>remunera\u00e7\u00f5es<\/strong> mensais:<\/p>\n\n\n\n<ul class=\"wp-block-list\"><li><strong>Analista: R$ 8.508,30<\/strong>\n<ul class=\"wp-block-list\"><li>vencimento b\u00e1sico: R$ 5.672,20<\/li>\n\n\n\n<li>GAJ de R$ 2.836,10<\/li>\n<\/ul><\/li>\n\n\n\n<li><strong>T\u00e9cnico: R$ 6.539,48<\/strong>\n<ul class=\"wp-block-list\"><li>vencimento b\u00e1sico: R$ 4.359,98<\/li>\n\n\n\n<li>GAJ de R$ 2.179,50<\/li>\n<\/ul><\/li>\n<\/ul><p>Al\u00e9m disso, as carreiras oferecem os seguintes<strong> benef\u00edcios<\/strong>:<\/p>\n\n\n\n<ul class=\"wp-block-list\"><li>Aux\u00edlio-Alimenta\u00e7\u00e3o: R$ 2.000,00<\/li>\n\n\n\n<li>Aux\u00edlio-Sa\u00fade: R$ 850,00<\/li>\n<\/ul><h2 class=\"wp-block-heading\" id=\"concurso-tj-ap-requisitos\">Concurso TJ AP: Requisitos<\/h2>\n\n\n\n<p>As exig\u00eancias<strong> b\u00e1sicas<\/strong> para admiss\u00e3o nos cargos s\u00e3o:<\/p>\n\n\n\n<ul class=\"wp-block-list\"><li>ter sido classificado no Concurso P\u00fablico na forma estabelecida no Edital, em seus anexos e eventuais retifica\u00e7\u00f5es;<\/li>\n\n\n\n<li>ter nacionalidade brasileira; no caso de nacionalidade portuguesa, estar amparado pelo estatuto de igualdade entre brasileiros e portugueses, com reconhecimento do gozo dos direitos pol\u00edticos, nos termos do \u00a71\u00ba do Art. 12 da Constitui\u00e7\u00e3o da Rep\u00fablica Federativa do Brasil e na forma do disposto no Art. 13 do Decreto n\u00ba 70.436, de 18 de abril de 1972;<\/li>\n\n\n\n<li><strong>ter idade m\u00ednima de 18 anos completos;<\/strong><\/li>\n\n\n\n<li>estar em pleno gozo dos direitos pol\u00edticos;<\/li>\n\n\n\n<li>estar quite com as obriga\u00e7\u00f5es eleitorais e, se do sexo masculino, tamb\u00e9m com as obriga\u00e7\u00f5es militares;<\/li>\n\n\n\n<li>firmar declara\u00e7\u00e3o de n\u00e3o estar cumprindo e nem ter sofrido, no exerc\u00edcio da fun\u00e7\u00e3o p\u00fablica, penalidade por pr\u00e1tica de improbidade administrativa, aplicada por qualquer \u00f3rg\u00e3o p\u00fablico ou entidade da esfera federal, estadual ou municipal;<\/li>\n\n\n\n<li>apresentar declara\u00e7\u00e3o quanto ao exerc\u00edcio de outro(s) cargo(s), emprego(s) ou outra(s) fun\u00e7\u00e3o(\u00f5es) p\u00fablica(s) e sobre o recebimento de proventos decorrente de aposentadoria e pens\u00e3o;<\/li>\n\n\n\n<li>apresentar declara\u00e7\u00e3o de bens e valores que constituam patrim\u00f4nio;<\/li>\n\n\n\n<li>firmar declara\u00e7\u00e3o de n\u00e3o estar cumprindo san\u00e7\u00e3o por idoneidade, aplicada por qualquer \u00f3rg\u00e3o p\u00fablico ou entidade da esfera federal, estadual ou municipal;<\/li>\n\n\n\n<li>firmar termo de compromisso de sigilo e confidencialidade das informa\u00e7\u00f5es;<\/li>\n\n\n\n<li>ser considerado apto no exame admissional, mediante apresenta\u00e7\u00e3o dos laudos, exames e declara\u00e7\u00e3o de sa\u00fade que forem por ele exigidos;<\/li>\n\n\n\n<li>a<strong>presentar diploma, devidamente registrado, de conclus\u00e3o de curso de N\u00edvel M\u00e9dio ou N\u00edvel Superior, dependendo do cargo almejado, fornecido por institui\u00e7\u00e3o de ensino, reconhecido pelo Minist\u00e9rio de Educa\u00e7\u00e3o;<\/strong><\/li>\n\n\n\n<li>n\u00e3o ter sido condenado \u00e0 pena privativa de liberdade transitada em julgado ou a qualquer outra condena\u00e7\u00e3o incompat\u00edvel com a fun\u00e7\u00e3o p\u00fablica;<\/li>\n\n\n\n<li><strong>estar registrado e com a situa\u00e7\u00e3o regularizada junto ao \u00f3rg\u00e3o de conselho de classe correspondente \u00e0 sua forma\u00e7\u00e3o profissional, quando for o caso;<\/strong><\/li>\n\n\n\n<li>estar apto f\u00edsica e mentalmente para o exerc\u00edcio do cargo, n\u00e3o sendo, inclusive, pessoa com defici\u00eancia incompat\u00edvel com as atribui\u00e7\u00f5es deste;<\/li>\n\n\n\n<li>n\u00e3o registrar antecedentes criminais; e<\/li>\n\n\n\n<li>cumprir as determina\u00e7\u00f5es do Edital.<\/li>\n<\/ul><p>J\u00e1 os requisitos <strong>espec\u00edficos<\/strong> s\u00e3o relacionados \u00e0 \u00e1rea de forma\u00e7\u00e3o do candidato, que deve ser correspondente a de atua\u00e7\u00e3o do cargo.<\/p>\n\n\n\n<h2 class=\"wp-block-heading\" id=\"atribuies\">Atribui\u00e7\u00f5es<\/h2>\n\n\n\n<p>As atribui\u00e7\u00f5es variam conforme a especialidade, no entanto, algumas responsabilidades s\u00e3o\u00a0<strong>b\u00e1sicas\u00a0<\/strong>para todos os cargos.<\/p>\n\n\n\n<p>Confira algumas delas a seguir:<\/p>\n\n\n\n<p><strong>T\u00e9cnico Judici\u00e1rio<\/strong><\/p>\n\n\n\n<ul class=\"wp-block-list\"><li>Executar os servi\u00e7os de expediente;<\/li>\n\n\n\n<li>Servir nas audi\u00eancias;<\/li>\n\n\n\n<li>Elaborar e digitar pautas de publica\u00e7\u00e3o; e<\/li>\n\n\n\n<li>Desenvolver atividades em geral dos \u00f3rg\u00e3os de lota\u00e7\u00e3o, incluindo digita\u00e7\u00e3o, andamento de feitos, elabora\u00e7\u00e3o de certid\u00f5es e relat\u00f3rios, indexa\u00e7\u00e3o de documentos e atendimento ao p\u00fablico.<\/li>\n<\/ul><p><strong>Analista Judici\u00e1rio<\/strong><\/p>\n\n\n\n<ul class=\"wp-block-list\"><li>Realizar atividades de n\u00edvel superior nos Of\u00edcios Judiciais de Primeiro e Segundo Graus de Jurisdi\u00e7\u00e3o, a fim de fornecer suporte t\u00e9cnico, favorecendo o exerc\u00edcio da fun\u00e7\u00e3o judicante pelos magistrados e\/ou \u00f3rg\u00e3os julgadores; dilig\u00eancias externas relacionadas com a pr\u00e1tica de atos de comunica\u00e7\u00e3o processual e de execu\u00e7\u00e3o;<\/li>\n\n\n\n<li>Favorecer a elabora\u00e7\u00e3o or\u00e7ament\u00e1ria, bem como possibilitar a liquida\u00e7\u00e3o de julgados e atualiza\u00e7\u00e3o de valores de t\u00edtulos, guias e dep\u00f3sitos judiciais;<\/li>\n\n\n\n<li>Executar atividades de sele\u00e7\u00e3o, aquisi\u00e7\u00e3o, registro, cataloga\u00e7\u00e3o, classifica\u00e7\u00e3o, indexa\u00e7\u00e3o, manuten\u00e7\u00e3o e conserva\u00e7\u00e3o de acervos bibliogr\u00e1ficos e de multimeios.<\/li>\n\n\n\n<li>Coletar e analisar dados documentais e de campo;<\/li>\n\n\n\n<li>Realizar atividades relacionadas com pesquisas historiogr\u00e1ficas, preserva\u00e7\u00e3o documental e produ\u00e7\u00e3o de conhecimento ligado ao processo hist\u00f3rico e \u00e0 defesa do patrim\u00f4nio hist\u00f3rico-cultural do Poder Judici\u00e1rio;<\/li>\n\n\n\n<li>Redigir e distribuir notici\u00e1rio para ve\u00edculos de comunica\u00e7\u00e3o social;<\/li>\n\n\n\n<li>Realizar atividades de n\u00edvel superior, a fim de prevenir ou minimizar dificuldades de natureza biopsicossocial que possam afetar ou estejam afetando magistrados, servidores, inativos, pensionistas e\/ou seus dependentes;<\/li>\n\n\n\n<li>Taquigrafar os votos proferidos nas sess\u00f5es jurisdicionais; e<\/li>\n\n\n\n<li>Realizar atividades de n\u00edvel superior que envolvam o projeto de redes de computadores, definindo a topologia e a configura\u00e7\u00e3o necess\u00e1ria, entre outras.<\/li>\n<\/ul><h2 class=\"wp-block-heading\" id=\"etapas-de-seleo-do-concurso-tj-ap\">Etapas de sele\u00e7\u00e3o do concurso TJ AP<\/h2>\n\n\n\n<p>O concurso ser\u00e1 realizado nas seguintes etapas:<\/p>\n\n\n\n<ul class=\"wp-block-list\"><li>Prova Objetiva, de car\u00e1ter eliminat\u00f3rio e classificat\u00f3rio;<\/li>\n\n\n\n<li>Per\u00edcia M\u00e9dica dos candidatos que se declararem com defici\u00eancia, de car\u00e1ter unicamente eliminat\u00f3rio;<\/li>\n\n\n\n<li>Heteroidentifica\u00e7\u00e3o dos candidatos que se declararem negros, de car\u00e1ter unicamente eliminat\u00f3rio.<\/li>\n<\/ul><p>As provas ser\u00e3o realizadas no munic\u00edpio de <a href=\"https:\/\/www.novaconcursos.com.br\/portal\/concursos-previstos\/ap\/\">Macap\u00e1\/AP<\/a>, em <strong>hor\u00e1rios distintos<\/strong> para as carreiras de n\u00edvel m\u00e9dio e superior, conforme o hor\u00e1rio oficial de Bras\u00edlia\/DF.<\/p>\n\n\n\n<p>Saiba mais sobre a sele\u00e7\u00e3o!<\/p>\n\n\n\n<ul class=\"wp-block-list\"><li><strong>Confira:<\/strong>\u00a0<a href=\"https:\/\/www.novaconcursos.com.br\/livro-impresso\/questoes-tj-tribunal-justica?promo_creative=Livro+de+Quest%C3%B5es+Comentadas+TJ+%26%238211%3B+Tribunal+de+Justi%C3%A7a&amp;promo_name=noticia&amp;promo_id=%2Fportal%2Fnoticias%2Fsaiu-o-edital-tj-ap-iniciais&amp;promo_position=corpo-texto\">Livro de Quest\u00f5es Comentadas TJ \u2013 Tribunal de Justi\u00e7a<\/a><\/li>\n\n\n\n<li><strong>Confira:\u00a0<\/strong><a href=\"https:\/\/www.novaconcursos.com.br\/livro\/1000-questoes-gabaritadas-fgv?promo_creative=Livro+1.000+Quest%C3%B5es+Gabaritadas+da+FGV&amp;promo_name=noticia&amp;promo_id=%2Fportal%2Fnoticias%2Fsaiu-o-edital-tj-ap-iniciais&amp;promo_position=corpo-texto\">Livro 1.000 Quest\u00f5es Gabaritadas da FGV<\/a><\/li>\n<\/ul><h3 class=\"wp-block-heading\">Prova Objetiva<\/h3>\n\n\n\n<p>Esta etapa ser\u00e1 aplicada no dia <strong>24 de mar\u00e7o de 2024<\/strong>, nos seguintes <strong>hor\u00e1rios<\/strong>:<\/p>\n\n\n\n<ul class=\"wp-block-list\"><li>Analista Judici\u00e1rio:\n<ul class=\"wp-block-list\"><li>Manh\u00e3: das 8h \u00e0s 12h30.<\/li>\n<\/ul><\/li>\n\n\n\n<li>T\u00e9cnico Judici\u00e1rio:\n<ul class=\"wp-block-list\"><li>Tarde: das 15h \u00e0s 19h30.<\/li>\n<\/ul><\/li>\n<\/ul><p>O exame ser\u00e1 composto por <strong>80 quest\u00f5es<\/strong> de m\u00faltipla escolha, acerca das seguintes\u00a0<strong>disciplinas<\/strong>:<\/p>\n\n\n\n<p><strong>Analista Judici\u00e1rio \u2013 exceto para os cargos da \u00c1rea Judici\u00e1ria<\/strong><\/p>\n\n\n\n<ul class=\"wp-block-list\"><li>Conhecimentos Gerais\n<ul class=\"wp-block-list\"><li>L\u00edngua Portuguesa (25)<\/li>\n\n\n\n<li>Legisla\u00e7\u00e3o Espec\u00edfica e No\u00e7\u00f5es de Direito Constitucional e Administrativo (15)<\/li>\n<\/ul><\/li>\n\n\n\n<li>Conhecimentos Espec\u00edficos (40)<\/li>\n<\/ul><p><strong>Analista Judici\u00e1rio \u2013\u00a0 \u00c1rea: Judici\u00e1ria<\/strong><\/p>\n\n\n\n<ul class=\"wp-block-list\"><li>Conhecimentos Gerais\n<ul class=\"wp-block-list\"><li>L\u00edngua Portuguesa (20)<\/li>\n\n\n\n<li>Legisla\u00e7\u00e3o Espec\u00edfica (10)<\/li>\n<\/ul><\/li>\n\n\n\n<li>Conhecimentos Espec\u00edficos (50)<\/li>\n<\/ul><p><strong>T\u00e9cnico Judici\u00e1rio \u2013 todas as \u00e1reas<\/strong><\/p>\n\n\n\n<ul class=\"wp-block-list\"><li>Conhecimentos Gerais\n<ul class=\"wp-block-list\"><li>L\u00edngua Portuguesa (20)<\/li>\n\n\n\n<li>Matem\u00e1tica (10)<\/li>\n\n\n\n<li>Legisla\u00e7\u00e3o Espec\u00edfica (10)<\/li>\n<\/ul><\/li>\n\n\n\n<li>Conhecimentos Espec\u00edficos (40)<\/li>\n<\/ul><p>Para ser considerado\u00a0<strong>aprovado<\/strong>, os candidatos dever\u00e3o, <strong>cumulativamente<\/strong>:<\/p>\n\n\n\n<ul class=\"wp-block-list\"><li>Analista Judici\u00e1rio \u2013 exceto para os cargos da \u00c1rea Judici\u00e1ria\n<ul class=\"wp-block-list\"><li>acertar, no m\u00ednimo, 20 quest\u00f5es de Conhecimentos Espec\u00edficos; e<\/li>\n\n\n\n<li>acertar, no m\u00ednimo, 40 quest\u00f5es do total da Prova Escrita Objetiva.<\/li>\n<\/ul><\/li>\n\n\n\n<li>Analista Judici\u00e1rio \u2013\u00a0 \u00c1rea: Judici\u00e1ria\n<ul class=\"wp-block-list\"><li>acertar, no m\u00ednimo, 25 quest\u00f5es de Conhecimentos Espec\u00edficos; e<\/li>\n\n\n\n<li>acertar, no m\u00ednimo, 40 quest\u00f5es do total da Prova Escrita Objetiva.<\/li>\n<\/ul><\/li>\n\n\n\n<li>T\u00e9cnico Judici\u00e1rio \u2013 todas as \u00e1reas\n<ul class=\"wp-block-list\"><li>acertar, no m\u00ednimo, 20 quest\u00f5es de Conhecimentos Espec\u00edficos; e<\/li>\n\n\n\n<li>acertar, no m\u00ednimo, 40 quest\u00f5es do total da Prova Escrita Objetiva.<\/li>\n<\/ul><\/li>\n<\/ul><p>O prazo de <strong>validade<\/strong> do Concurso \u00e9 de 2 anos, contados a partir da data de homologa\u00e7\u00e3o do resultado final, podendo ser prorrogado pelo mesmo per\u00edodo.<\/p>\n\n\n\n<h2 class=\"wp-block-heading\" id=\"sobre-o-tj-ap\">Sobre o TJ AP<\/h2>\n\n\n\n<p>O <a href=\"https:\/\/www.tjap.jus.br\/portal\/\" target=\"_blank\" rel=\"noopener noreferrer\">Tribunal de Justi\u00e7a do Estado do Amap\u00e1<\/a>, com sede no munic\u00edpio de Macap\u00e1, \u00e9 o \u00f3rg\u00e3o m\u00e1ximo do Poder Judici\u00e1rio do Estado.<\/p>\n\n\n\n<p>Seus atuais\u00a0<strong>presidente e vice-presidente\u00a0<\/strong>s\u00e3o os desembargadores Rommel Ara\u00fajo e Carlos Tork, respectivamente.<\/p>\n\n\n\n<p>Cabe ressaltar que o\u00a0<strong>desembargador\u00a0<\/strong>\u00e9 o magistrado que atua na Segunda Inst\u00e2ncia, ou seja, integra os Tribunais de Justi\u00e7a, Tribunais Regionais Federais e Tribunais Regionais do Trabalho. Sua fun\u00e7\u00e3o \u00e9 julgar recursos interpostos contra senten\u00e7as proferidas em Primeira Inst\u00e2ncia.<\/p>\n\n\n\n<p>Ademais, 20% dos\u00a0<strong>membros<\/strong>\u00a0dos Tribunais de Justi\u00e7a devem ser compostos por integrantes do Minist\u00e9rio P\u00fablico (MP) e da Advocacia (conforme artigo 94 da Constitui\u00e7\u00e3o Federal).<\/p>","protected":false},"excerpt":{"rendered":"<p>\u00d3timas not\u00edcias, concurseiros! Saiu o novo concurso TJ AP (do Tribunal de Justi\u00e7a do Estado do Amap\u00e1)! ?<\/p>\n<p>O certame oferece vagas de n\u00edveis m\u00e9dio e superior!<\/p>\n<p>Iniciais de at\u00e9 R$ 8 mil!<\/p>\n<p>Saiba todos os detalhes e j\u00e1 comece a se preparar!<\/p>\n","protected":false},"author":16,"featured_media":168932,"comment_status":"closed","ping_status":"closed","sticky":false,"template":"","format":"standard","meta":{"_acf_changed":false,"footnotes":"","_wp_rev_ctl_limit":""},"categories":[44999],"tags":[],"class_list":["post-104495","post","type-post","status-publish","format-standard","has-post-thumbnail","hentry","category-concursos"],"acf":[],"_links":{"self":[{"href":"https:\/\/www.novaconcursos.com.br\/portal\/wp-json\/wp\/v2\/posts\/104495","targetHints":{"allow":["GET"]}}],"collection":[{"href":"https:\/\/www.novaconcursos.com.br\/portal\/wp-json\/wp\/v2\/posts"}],"about":[{"href":"https:\/\/www.novaconcursos.com.br\/portal\/wp-json\/wp\/v2\/types\/post"}],"author":[{"embeddable":true,"href":"https:\/\/www.novaconcursos.com.br\/portal\/wp-json\/wp\/v2\/users\/16"}],"replies":[{"embeddable":true,"href":"https:\/\/www.novaconcursos.com.br\/portal\/wp-json\/wp\/v2\/comments?post=104495"}],"version-history":[{"count":43,"href":"https:\/\/www.novaconcursos.com.br\/portal\/wp-json\/wp\/v2\/posts\/104495\/revisions"}],"predecessor-version":[{"id":279047,"href":"https:\/\/www.novaconcursos.com.br\/portal\/wp-json\/wp\/v2\/posts\/104495\/revisions\/279047"}],"wp:featuredmedia":[{"embeddable":true,"href":"https:\/\/www.novaconcursos.com.br\/portal\/wp-json\/wp\/v2\/media\/168932"}],"wp:attachment":[{"href":"https:\/\/www.novaconcursos.com.br\/portal\/wp-json\/wp\/v2\/media?parent=104495"}],"wp:term":[{"taxonomy":"category","embeddable":true,"href":"https:\/\/www.novaconcursos.com.br\/portal\/wp-json\/wp\/v2\/categories?post=104495"},{"taxonomy":"post_tag","embeddable":true,"href":"https:\/\/www.novaconcursos.com.br\/portal\/wp-json\/wp\/v2\/tags?post=104495"}],"curies":[{"name":"wp","href":"https:\/\/api.w.org\/{rel}","templated":true}]}}