{"id":104601,"date":"2020-08-13T09:38:27","date_gmt":"2020-08-13T12:38:27","guid":{"rendered":"https:\/\/www.novaconcursos.com.br\/portal\/?p=104601"},"modified":"2020-08-13T09:38:36","modified_gmt":"2020-08-13T12:38:36","slug":"concurso-ministerio-da-economia-edital-com-350-vagas-sera-publicado-em-agosto","status":"publish","type":"post","link":"https:\/\/www.novaconcursos.com.br\/portal\/noticias\/concurso-ministerio-da-economia-edital-com-350-vagas-sera-publicado-em-agosto\/","title":{"rendered":"Concurso Minist\u00e9rio da Economia: Edital com 350 vagas ser\u00e1 publicado em agosto!"},"content":{"rendered":"<p>O <strong>edital<\/strong> do <a href=\"https:\/\/www.novaconcursos.com.br\/\" target=\"_blank\" rel=\"noreferrer noopener\" aria-label=\"concurso (abre numa nova aba)\">concurso<\/a> <strong>Minist\u00e9rio da Economia<\/strong> que ofertar\u00e1 <strong>350 vagas tempor\u00e1rias<\/strong>, poder\u00e1 ser divulgado no dia <strong>19 de agosto<\/strong>.<\/p>\n[mauticform id=\u201d293\u2033 chamada=\u201dReceba em seu e-mail todas oportunidades de Concursos para o Estado do Distrito Federal\u201d titulo=\u201dQuer Receber Todas Oportunidades para o Estado do Distrito Federal?\u201d track=\u201dCaptura \u2013 Blog Not\u00edcia Distrito-Federal\u201d]\n\n\n\n<h2 class=\"wp-block-heading\" id=\"publicao-do-edital-do-concurso-ministrio-da-economia\">Publica\u00e7\u00e3o do edital do concurso Minist\u00e9rio da Economia<\/h2>\n\n\n\n<p><strong>O edital do novo concurso Minist\u00e9rio da Economia, ofertando 350 vagas tempor\u00e1rias, pode ser divulgado no dia 19 de agosto de 2020<\/strong>. A informa\u00e7\u00e3o foi confirmada pela pr\u00f3pria pasta, um dos \u00faltimos tr\u00e2mites antes da abertura do <a href=\"https:\/\/www.novaconcursos.com.br\/\" target=\"_blank\" rel=\"noreferrer noopener\" aria-label=\"certame (abre numa nova aba)\">certame<\/a> foi conclu\u00eddo, com a contrata\u00e7\u00e3o da banca organizadora.<\/p>\n\n\n\n<p>De acordo com informa\u00e7\u00f5es da casa, <strong>o Cebraspe<\/strong> (Centro Brasileiro de Pesquisa em Avalia\u00e7\u00e3o e Sele\u00e7\u00e3o e de Promo\u00e7\u00e3o de Eventos) ser\u00e1 o respons\u00e1vel pela execu\u00e7\u00e3o do <a href=\"https:\/\/www.novaconcursos.com.br\/\" target=\"_blank\" rel=\"noreferrer noopener\" aria-label=\"concurso (abre numa nova aba)\">concurso<\/a>. Ainda conforme o Minist\u00e9rio da Economia, <strong>as inscri\u00e7\u00f5es devem ocorrer no per\u00edodo de 21 de agosto \u00e0 02 de setembro de 2020<\/strong>.<\/p>\n\n\n\n<p>Apesar das datas, <strong>\u00e9 refor\u00e7ado pelo Minist\u00e9rio da Economia que todos os eventos est\u00e3o previstos<\/strong>. Dessa maneira, o cronograma pode ser alterado, com a antecipa\u00e7\u00e3o ou adiamento da publica\u00e7\u00e3o do edital e da abertura das inscri\u00e7\u00f5es.<\/p>\n\n\n\n<p><em>\u201cInformamos que a previs\u00e3o de publica\u00e7\u00e3o do edital \u00e9 para o dia 19 de agosto, enquanto o per\u00edodo de inscri\u00e7\u00f5es est\u00e1 previsto para 21 de agosto e 2 de setembro. Contudo, ressaltamos que as datas informadas s\u00e3o apenas uma previs\u00e3o, podendo ser alteradas em caso de necessidade\u201d<\/em>, relatou o Minist\u00e9rio da Economia.<\/p>\n\n\n\n<div class=\"wp-block-image\"><figure class=\"aligncenter size-large is-resized\"><img decoding=\"async\" src=\"https:\/\/www.novaconcursos.com.br\/portal\/wp-content\/uploads\/2020\/08\/Minist%C3%A9rio-da-Economia-1024x652.jpg\" alt=\"\" class=\"wp-image-104602\" width=\"784\" height=\"499\" loading=\"lazy\" title=\"\" srcset=\"https:\/\/www.novaconcursos.com.br\/portal\/wp-content\/uploads\/2020\/08\/Minist\u00e9rio-da-Economia-300x191.jpg 300w, https:\/\/www.novaconcursos.com.br\/portal\/wp-content\/uploads\/2020\/08\/Minist\u00e9rio-da-Economia-1024x652.jpg 1024w, https:\/\/www.novaconcursos.com.br\/portal\/wp-content\/uploads\/2020\/08\/Minist\u00e9rio-da-Economia.jpg 1400w\" sizes=\"auto, (max-width: 480px) 100vw, (max-width: 768px) 100vw, (max-width: 1200px) 70vw, 768px\"><\/figure><\/div>\n\n\n\n<h2 class=\"wp-block-heading\" id=\"concurso-ministrio-da-economia-ter-vagas-de-nvel-superior\">Concurso Minist\u00e9rio da Economia ter\u00e1 vagas de n\u00edvel superior<\/h2>\n\n\n\n<p>No dia 10 de julho de 2020, <strong>a portaria autorizativa foi retificada, informando os cargos e a distribu\u00eddas das vagas<\/strong>.<\/p>\n\n\n\n<p>Segundo informa\u00e7\u00f5es do documento, <strong>todas as oportunidades ser\u00e3o para atividades t\u00e9cnicas de complexidade gerencial<\/strong>. Dessa maneira, as 350 vagas ser\u00e3o distribu\u00eddas pelos seguintes cargos:<\/p>\n\n\n\n<ul class=\"wp-block-list\"><li>Especialista em Gest\u00e3o de Projetos: 50 vagas;<\/li><\/ul><ul class=\"wp-block-list\"><li>Especialista em Infraestrutura de Tecnologia da Informa\u00e7\u00e3o-TI: 50 vagas;<\/li><\/ul><ul class=\"wp-block-list\"><li>Especialista em Ci\u00eancia de Dados: 50 vagas;<\/li><\/ul><ul class=\"wp-block-list\"><li>Especialista em Seguran\u00e7a da Informa\u00e7\u00e3o e Prote\u00e7\u00e3o de Dados: 50 vagas;<\/li><\/ul><ul class=\"wp-block-list\"><li>Especialista em An\u00e1lise de Processos de Neg\u00f3cios: 50 vagas;<\/li><\/ul><ul class=\"wp-block-list\"><li>Especialista em Experi\u00eancia do Usu\u00e1rio: 50 vagas;<\/li><\/ul><ul class=\"wp-block-list\"><li>Especialista em Desenvolvimento de Software: 50 vagas.<\/li><\/ul><p>Na portaria, n\u00e3o s\u00e3o informados os requisitos necess\u00e1rios. Entretanto, de acordo com a lei que regulamenta este <a href=\"https:\/\/www.novaconcursos.com.br\/\" target=\"_blank\" rel=\"noreferrer noopener\" aria-label=\"certame (abre numa nova aba)\">certame<\/a>, <strong>as carreiras de atividades t\u00e9cnicas de complexidade gerencial s\u00e3o destinadas a candidatos que possuem o n\u00edvel superior<\/strong>.<\/p>\n\n\n\n<p>Sendo assim, al\u00e9m da gradua\u00e7\u00e3o, <strong>os participantes devem ter experi\u00eancia profissional superior a cinco anos e possuir t\u00edtulo de mestre ou doutor<\/strong>. Conforme a \u00faltima atualiza\u00e7\u00e3o da Lei, o sal\u00e1rio para a carreira \u00e9 no valor de <strong>R$ 8.300,00<\/strong>.<\/p>\n\n\n\n<p>Entretanto, conforme o aval da <a href=\"https:\/\/www.novaconcursos.com.br\/\" target=\"_blank\" rel=\"noreferrer noopener\" aria-label=\"sele\u00e7\u00e3o (abre numa nova aba)\">sele\u00e7\u00e3o<\/a>, <strong>caber\u00e1 ao Minist\u00e9rio da Economia definir a remunera\u00e7\u00e3o dos profissionais a serem contratados<\/strong>. Al\u00e9m disso, \u00e9 poss\u00edvel que o n\u00famero de vagas seja alterado de acordo com o or\u00e7amento.<\/p>\n\n\n\n<p><em>\u201cOs perfis profissionais levar\u00e3o em conta necessidades espec\u00edficas para acelerar o processo de transforma\u00e7\u00e3o digital em curso no Governo Federal. Para isso, foi autorizada a contrata\u00e7\u00e3o de, no m\u00e1ximo, 350 profissionais, a ser formalizada mediante disponibilidade de dota\u00e7\u00f5es or\u00e7ament\u00e1rias espec\u00edficas\u201d<\/em>, informou a pasta.<\/p>\n\n\n\n<p>O Minist\u00e9rio da Economia publicou informa\u00e7\u00f5es sobre o <a href=\"https:\/\/www.novaconcursos.com.br\/\" target=\"_blank\" rel=\"noreferrer noopener\" aria-label=\"certame (abre numa nova aba)\">certame<\/a>, <strong>confirmando que os candidatos ser\u00e3o avaliados por meio de provas e avalia\u00e7\u00e3o de t\u00edtulos<\/strong>.<\/p>\n\n\n\n<p><em>\u201cO concurso ser\u00e1 composto de provas e avalia\u00e7\u00e3o de t\u00edtulos e ainda n\u00e3o h\u00e1 data prevista para a divulga\u00e7\u00e3o do edital. Por\u00e9m, a portaria estipula prazo de at\u00e9 seis meses para a publica\u00e7\u00e3o do mesmo\u201d<\/em>, relatou o Minist\u00e9rio da Economia. <\/p>","protected":false},"excerpt":{"rendered":"<p>O edital do concurso Minist\u00e9rio da Economia que ofertar\u00e1 350 vagas tempor\u00e1rias, poder\u00e1 ser divulgado no dia 19 de agosto. [mauticform id=\u201d293\u2033 chamada=\u201dReceba em seu e-mail todas oportunidades de Concursos para o Estado do Distrito Federal\u201d titulo=\u201dQuer Receber Todas Oportunidades para o Estado do Distrito Federal?\u201d track=\u201dCaptura \u2013 Blog Not\u00edcia Distrito-Federal\u201d] Publica\u00e7\u00e3o do edital do [&hellip;]<\/p>\n","protected":false},"author":16,"featured_media":103099,"comment_status":"closed","ping_status":"closed","sticky":false,"template":"","format":"standard","meta":{"_acf_changed":false,"footnotes":"","_wp_rev_ctl_limit":""},"categories":[228],"tags":[],"class_list":["post-104601","post","type-post","status-publish","format-standard","has-post-thumbnail","hentry","category-noticias"],"acf":[],"_links":{"self":[{"href":"https:\/\/www.novaconcursos.com.br\/portal\/wp-json\/wp\/v2\/posts\/104601","targetHints":{"allow":["GET"]}}],"collection":[{"href":"https:\/\/www.novaconcursos.com.br\/portal\/wp-json\/wp\/v2\/posts"}],"about":[{"href":"https:\/\/www.novaconcursos.com.br\/portal\/wp-json\/wp\/v2\/types\/post"}],"author":[{"embeddable":true,"href":"https:\/\/www.novaconcursos.com.br\/portal\/wp-json\/wp\/v2\/users\/16"}],"replies":[{"embeddable":true,"href":"https:\/\/www.novaconcursos.com.br\/portal\/wp-json\/wp\/v2\/comments?post=104601"}],"version-history":[{"count":1,"href":"https:\/\/www.novaconcursos.com.br\/portal\/wp-json\/wp\/v2\/posts\/104601\/revisions"}],"predecessor-version":[{"id":104603,"href":"https:\/\/www.novaconcursos.com.br\/portal\/wp-json\/wp\/v2\/posts\/104601\/revisions\/104603"}],"wp:featuredmedia":[{"embeddable":true,"href":"https:\/\/www.novaconcursos.com.br\/portal\/wp-json\/wp\/v2\/media\/103099"}],"wp:attachment":[{"href":"https:\/\/www.novaconcursos.com.br\/portal\/wp-json\/wp\/v2\/media?parent=104601"}],"wp:term":[{"taxonomy":"category","embeddable":true,"href":"https:\/\/www.novaconcursos.com.br\/portal\/wp-json\/wp\/v2\/categories?post=104601"},{"taxonomy":"post_tag","embeddable":true,"href":"https:\/\/www.novaconcursos.com.br\/portal\/wp-json\/wp\/v2\/tags?post=104601"}],"curies":[{"name":"wp","href":"https:\/\/api.w.org\/{rel}","templated":true}]}}