{"id":105106,"date":"2022-03-25T13:00:16","date_gmt":"2022-03-25T16:00:16","guid":{"rendered":"https:\/\/www.novaconcursos.com.br\/portal\/?post_type=nc-public-tender&#038;p=105106"},"modified":"2024-12-16T09:53:49","modified_gmt":"2024-12-16T12:53:49","slug":"concurso-secont-es","status":"publish","type":"post","link":"https:\/\/www.novaconcursos.com.br\/portal\/concursos\/concurso-secont-es\/","title":{"rendered":"Concurso Secont ES: Edital publicado. Sal\u00e1rio de at\u00e9 R$ 9,6 mil!"},"content":{"rendered":"<p>Aten\u00e7\u00e3o, concurseiros! Foi publicado o edital do novo <strong>concurso Secont ES<\/strong> (Secretaria de Controle e Transpar\u00eancia do Esp\u00edrito Santo). A sele\u00e7\u00e3o conta com a oferta de <strong>12 oportunidades de n\u00edvel superior<\/strong> imediatas, al\u00e9m de vagas para forma\u00e7\u00e3o de cadastro reserva.<\/p>\n<p>Al\u00e9m disso, as oportunidades s\u00e3o destinadas a diversas especialidade do cargo de <strong>Auditor do Estado.<\/strong> Ademais, as inscri\u00e7\u00f5es se iniciam no pr\u00f3ximo <strong>dia 30 de mar\u00e7o,<\/strong> portanto, confira todos os detalhes a seguir!<\/p>\n<ul><li><a class=\"_ps2id\" href=\"#inscri%C3%A7%C3%B5es-concurso\" data-ps2id-offset=\"\">Inscri\u00e7\u00f5es<\/a>\n<ul><li><a class=\"_ps2id\" href=\"#isen%C3%A7%C3%A3o-taxa\" data-ps2id-offset=\"\">Isen\u00e7\u00e3o de taxa<\/a><\/li>\n<\/ul><\/li>\n<li><a class=\"_ps2id\" href=\"#vagas-cargos\" data-ps2id-offset=\"\">Vagas, cargos e remunera\u00e7\u00f5es<\/a><\/li>\n<li><a class=\"_ps2id\" href=\"#requisitos-b%C3%A1sicos\" data-ps2id-offset=\"\">Requisitos<\/a><\/li>\n<li><a class=\"_ps2id\" href=\"#atribui%C3%A7%C3%B5es-cargos\" data-ps2id-offset=\"\">Atribui\u00e7\u00f5es<\/a><\/li>\n<li><a class=\"_ps2id\" href=\"#provas-concurso\" data-ps2id-offset=\"\">Provas<\/a><\/li>\n<\/ul><p>\u00a0<\/p>\n<h2 id=\"ps2id-idinscriesconcurso-targetconcurso-secont-es-inscries\">[ps2id id=\u2019inscri\u00e7\u00f5es-concurso\u2019 target=\u201d\/]Concurso Secont ES: inscri\u00e7\u00f5es<\/h2>\n<p>Antes de mais nada, \u00e9 essencial que os concurseiros saibam que as inscri\u00e7\u00f5es do concurso p\u00fablico se iniciar\u00e3o <strong>no dia 30 de mar\u00e7o<\/strong> e poder\u00e3o ser realizadas <strong>at\u00e9 o dia 14 de abril<\/strong> de 2022 por meio do site da <strong>banca organizadora<\/strong> do certame, o <a href=\"https:\/\/www.cebraspe.org.br\/concursos\/secont_es_22\" target=\"_blank\" rel=\"noopener noreferrer\">Cebraspe.<\/a><\/p>\n<p>Al\u00e9m disso, para efetivar a participa\u00e7\u00e3o \u00e9 necess\u00e1rio que os candidatos efetuem <strong>at\u00e9 o dia 04 de maio<\/strong> o pagamento da<strong> taxa de inscri\u00e7\u00e3o<\/strong>. Tal taxa possui o valor fixo de <strong>R$ 153,00.<\/strong><\/p>\n<p>Estude para o concurso dos seus sonhos com a <a href=\"https:\/\/aprovacao.novaconcursos.com.br\/assinatura\" target=\"_blank\" rel=\"noopener noreferrer\">Assinatura Completa da Nova.<\/a> Tenha acesso a <strong>Cursos, Plataforma de Quest\u00f5es, Eventos Exclusivos<\/strong> para Assinantes e Muito Mais!<\/p>\n<h3>[ps2id id=\u2019isen\u00e7\u00e3o-taxa\u2019 target=\u201d\/]Isen\u00e7\u00e3o de taxa<\/h3>\n<p>\u00c9 igualmente essencial que os concurseiros saibam que tamb\u00e9m entre os dias <strong>30 de mar\u00e7o e 14 de abril<\/strong> poder\u00e3o solicitar a <strong>isen\u00e7\u00e3o de taxa<\/strong> aqueles que se encaixem nos seguintes perfis:<\/p>\n<ul><li>candidatos que possuam o Cad\u00danico;<\/li>\n<li>doadores de medula \u00f3ssea;<\/li>\n<li>pessoa f\u00edsica que se declara isenta de apresentar a Declara\u00e7\u00e3o de Ajuste Anual do Imposto de Renda da Pessoa F\u00edsica e que comprove a soma da renda familiar mensal de at\u00e9 dois sal\u00e1rios m\u00ednimos;<\/li>\n<li>eleitores convocados e nomeados pela Justi\u00e7a Eleitoral do Estado do Esp\u00edrito Santo, que prestarem servi\u00e7os no per\u00edodo eleitoral; e<\/li>\n<li>pessoas com defici\u00eancia.<\/li>\n<\/ul><p>\u00a0<\/p>\n<h2 id=\"ps2id-idvagascargos-targetvagas-cargos-e-remuneraes\">[ps2id id=\u2019vagas-cargos\u2019 target=\u201d\/]Vagas, cargos e remunera\u00e7\u00f5es<\/h2>\n<p>Portanto, o novo concurso da Secretaria de Controle e Transpar\u00eancia do <a href=\"https:\/\/www.novaconcursos.com.br\/portal\/concursos-abertos\/es\/\">Esp\u00edrito Santo<\/a> oferta <strong>12 oportunidades<\/strong> imediatas, al\u00e9m de vagas para a forma\u00e7\u00e3o de <strong>cadastro reserva<\/strong>, para diversas especialidades do cargo de <strong>Auditor do Estado.<\/strong><\/p>\n<p>Al\u00e9m disso, o cargo exige o <strong>n\u00edvel superior<\/strong> de escolaridade. Sendo assim, conhe\u00e7a as especialidades contempladas pelo edital:<\/p>\n<ul><li>Auditor do Estado:\n<ul><li>Administra\u00e7\u00e3o \u2013 18 vagas CR;<\/li>\n<li>Ci\u00eancias Cont\u00e1beis \u2013 05 imediatas + 24 CR;<\/li>\n<li>Ci\u00eancias Econ\u00f4micas \u2013 04 vagas CR;<\/li>\n<li>Engenharia Civil \u2013 04 imediatas + 20 CR;<\/li>\n<li>Ci\u00eancias Jur\u00eddicas \u2013 18 vagas CR;<\/li>\n<li>Tecnologia da Informa\u00e7\u00e3o \u2013 03 imediatas + 14 CR.<\/li>\n<\/ul><\/li>\n<\/ul><p>\u00a0<\/p>\n<p>Ademais, os aprovados no concurso p\u00fablico contar\u00e3o com <strong>remunera\u00e7\u00f5es<\/strong> no valor de <strong>R$ 9.653,06.<\/strong> Al\u00e9m disso, ainda contar\u00e3o com o aux\u00edlio-alimenta\u00e7\u00e3o de <strong>R$ 300,00<\/strong>, para as jornadas de trabalho de<strong> 40 horas<\/strong> semanais.<\/p>\n<h2 id=\"ps2id-idrequisitosbsicos-targetquais-so-os-requisitos-bsicos\">[ps2id id=\u2019requisitos-b\u00e1sicos\u2019 target=\u201d\/]Quais s\u00e3o os requisitos b\u00e1sicos?<\/h2>\n<p>\u00c9 igualmente importante que os candidatos do concurso Secont ES saibam que, para a investidura nos cargos, dever\u00e3o cumprir com os <strong>requisitos b\u00e1sicos<\/strong> abaixo:<\/p>\n<ul><li>Ter a nacionalidade brasileira ou portuguesa e, no caso de nacionalidade portuguesa, estar amparado pelo Estatuto de Igualdade entre Brasileiros e Portugueses, com reconhecimento do gozo dos direitos pol\u00edticos, nos termos do \u00a7 1\u00ba do art. 12 da Constitui\u00e7\u00e3o Federal e na forma do disposto no art. 13 do Decreto n\u00ba 70.436, de 18 de abril de 1972. O mesmo se aplica a outros indiv\u00edduos naturalizados.<\/li>\n<li>Estar em gozo dos direitos pol\u00edticos.<\/li>\n<li>Estar quite com as obriga\u00e7\u00f5es militares, em caso de candidato do sexo masculino.<\/li>\n<li>Ter idade m\u00ednima de 18 anos completos na data da posse.<\/li>\n<li>Estar quite com as obriga\u00e7\u00f5es eleitorais.<\/li>\n<li>Ter aptid\u00e3o f\u00edsica e mental para o exerc\u00edcio das atribui\u00e7\u00f5es do cargo\/especialidade, n\u00e3o sendo, inclusive, pessoa com defici\u00eancia incompat\u00edvel com as atribui\u00e7\u00f5es deste fato apurado pela per\u00edcia oficial do Poder Executivo.<\/li>\n<li>Firmar declara\u00e7\u00e3o de n\u00e3o estar cumprindo e nem ter sofrido, no exerc\u00edcio da fun\u00e7\u00e3o p\u00fablica, penalidade por pr\u00e1tica de improbidade administrativa, aplicada por qualquer \u00f3rg\u00e3o p\u00fablico ou entidade da esfera federal, estadual ou municipal.<\/li>\n<li>Apresentar declara\u00e7\u00e3o quanto ao exerc\u00edcio de outro(s) cargo(s), emprego(s) ou fun\u00e7\u00e3o(\u00f5es) p\u00fablica(s) e sobre recebimento de proventos decorrente de aposentadoria e pens\u00e3o.<\/li>\n<li>Apresentar declara\u00e7\u00e3o de bens e valores que constituam patrim\u00f4nio.<\/li>\n<li>Firmar declara\u00e7\u00e3o de n\u00e3o estar cumprindo san\u00e7\u00e3o por inidoneidade, aplicada por qualquer \u00f3rg\u00e3o p\u00fablico ou entidade da esfera federal, estadual ou municipal.<\/li>\n<li>Ser considerado apto no exame admissional a ser realizado pela per\u00edcia oficial do Poder Executivo, mediante apresenta\u00e7\u00e3o de laudos, exames e declara\u00e7\u00e3o de sa\u00fade que forem exigidos.<\/li>\n<li>Apresentar diploma de bacharelado ou licenciatura, devidamente registrado, de conclus\u00e3o de curso de n\u00edvel superior, devidamente reconhecido pela autoridade competente, comprovado por meio de apresenta\u00e7\u00e3o de original e c\u00f3pia.<\/li>\n<\/ul><p>\u00a0<\/p>\n<h2 id=\"ps2id-idatribuiescargos-targetquais-so-as-atribuies-dos-carg\">[ps2id id=\u2019atribui\u00e7\u00f5es-cargos\u2019 target=\u201d\/]Quais s\u00e3o as atribui\u00e7\u00f5es dos cargos?<\/h2>\n<p>Al\u00e9m disso, \u00e9 importante que os concurseiros conhe\u00e7am as<strong> fun\u00e7\u00f5es<\/strong> a serem desempenhadas pelos aprovados na <a href=\"https:\/\/www.novaconcursos.com.br\/portal\/concursos-previstos\/es\/\">sele\u00e7\u00e3o.<\/a> Sendo assim, as <strong>atribui\u00e7\u00f5es de Auditor do Estado<\/strong> s\u00e3o:<\/p>\n<ul><li>elaborar planejamento, programas, roteiros e relat\u00f3rios de auditorias do Poder Executivo Estadual;<\/li>\n<li>avaliar a efici\u00eancia, efic\u00e1cia e efetividade dos procedimentos e sistemas de controle interno por meio das atividades de auditoria interna, a serem realizadas mediante metodologia e programa\u00e7\u00e3o pr\u00f3prias;<\/li>\n<li>coordenar e realizar auditorias de regularidade da receita e opera\u00e7\u00f5es de cr\u00e9dito, avais e garantias, bem como os direitos e haveres, despesa e ren\u00fancia de receita; e nos sistemas cont\u00e1bil, financeiro, or\u00e7ament\u00e1rio, patrimonial, pessoal, de informa\u00e7\u00e3o e demais sistemas administrativos e operacionais do Poder Executivo Estadual;<\/li>\n<li>coordenar e realizar auditorias na execu\u00e7\u00e3o dos programas de Governo, inclusive em a\u00e7\u00f5es descentralizadas realizadas por conta de recursos oriundos do or\u00e7amento do Estado, quanto \u00e0 execu\u00e7\u00e3o das metas e dos objetivos estabelecidos;<\/li>\n<li>analisar e elaborar relat\u00f3rio t\u00e9cnico para subsidiar a emiss\u00e3o do parecer conclusivo pelo dirigente do \u00d3rg\u00e3o Central de Controle Interno, sobre as contas anuais prestadas pelo Chefe do Poder Executivo Estadual, na forma disposta em ato pr\u00f3prio;<\/li>\n<li>emitir relat\u00f3rio t\u00e9cnico sobre as contas anuais prestadas pelos ordenadores de despesas, fundamentado nas informa\u00e7\u00f5es do relat\u00f3rio e parecer conclusivo da Unidade Executora de Controle Interno do \u00d3rg\u00e3o ou Entidade, previstos no art. 82, \u00a7 2\u00ba, da Lei Complementar n\u00ba 621, de 2012, e em atividades de controle executadas pelo \u00d3rg\u00e3o Central de Controle Interno, na forma disposta pelo CONSECT;<\/li>\n<li>executar as atividades relacionadas \u00e0 apura\u00e7\u00e3o e \u00e0 tramita\u00e7\u00e3o dos processos administrativos que versem sobre os atos lesivos \u00e0 Administra\u00e7\u00e3o P\u00fablica praticados por pessoas jur\u00eddicas e descritos no art. 5\u00ba da Lei Federal n\u00ba 12.846, de 2013;<\/li>\n<li>entre outros.<\/li>\n<\/ul><p>\u00a0<\/p>\n<h2 id=\"ps2id-idprovasconcurso-targetconcurso-secont-es-provas\">[ps2id id=\u2019provas-concurso\u2019 target=\u201d\/]Concurso Secont ES: provas<\/h2>\n<p>Por fim, \u00e9 essencial que os candidatos do concurso Secont ES saibam que <strong>ser\u00e3o avaliados por meio de<\/strong> Provas Objetivas, Provas Discursivas e Avalia\u00e7\u00e3o de T\u00edtulos.<\/p>\n<p>Ademais, as duas primeiras etapas est\u00e3o previstas para ocorrerem <strong>no dia 05 de junho de 2022,<\/strong> quando para a Prova Objetiva os inscritos na sele\u00e7\u00e3o responder\u00e3o a uma s\u00e9rie de <strong>quest\u00f5es de m\u00faltipla escolha<\/strong> acerca das seguintes disciplinas:<\/p>\n<p><a href=\"https:\/\/www.novaconcursos.com.br\/portal\/wp-content\/uploads\/2021\/08\/provas-secont-es.png\"><img decoding=\"async\" class=\"alignnone wp-image-158262 size-full\" src=\"https:\/\/www.novaconcursos.com.br\/portal\/wp-content\/uploads\/2021\/08\/provas-secont-es.png\" alt=\"\" width=\"573\" height=\"681\" loading=\"lazy\" title=\"\" srcset=\"https:\/\/www.novaconcursos.com.br\/portal\/wp-content\/uploads\/2021\/08\/provas-secont-es-252x300.png 252w, https:\/\/www.novaconcursos.com.br\/portal\/wp-content\/uploads\/2021\/08\/provas-secont-es.png 573w\" sizes=\"auto, (max-width: 480px) 100vw, (max-width: 768px) 100vw, (max-width: 1200px) 70vw, 768px\"><\/a><\/p>\n<p><a href=\"https:\/\/www.novaconcursos.com.br\/portal\/wp-content\/uploads\/2021\/08\/provas-secont-es-2.png\"><img decoding=\"async\" class=\"alignnone wp-image-158263 size-full\" src=\"https:\/\/www.novaconcursos.com.br\/portal\/wp-content\/uploads\/2021\/08\/provas-secont-es-2.png\" alt=\"\" width=\"569\" height=\"643\" loading=\"lazy\" title=\"\" srcset=\"https:\/\/www.novaconcursos.com.br\/portal\/wp-content\/uploads\/2021\/08\/provas-secont-es-2-265x300.png 265w, https:\/\/www.novaconcursos.com.br\/portal\/wp-content\/uploads\/2021\/08\/provas-secont-es-2.png 569w\" sizes=\"auto, (max-width: 480px) 100vw, (max-width: 768px) 100vw, (max-width: 1200px) 70vw, 768px\"><\/a><\/p>\n<p>Por outro lado, para a <strong>Prova Discursiva<\/strong> os candidatos dever\u00e3o elaborar uma reda\u00e7\u00e3o que contenha<strong> entre 25 e 30 linhas<\/strong>. Ademais, o tema ser\u00e1 a respeito de temas relacionados a <strong>conhecimentos especializados<\/strong> dos cargos.<\/p>\n<p>\u00a0<\/p>","protected":false},"excerpt":{"rendered":"<p>Aten\u00e7\u00e3o, concurseiros! Foi publicado o edital do novo concurso Secont ES (Secretaria de Controle e Transpar\u00eancia do Esp\u00edrito Santo). A sele\u00e7\u00e3o conta com a oferta de 12 oportunidades de n\u00edvel superior imediatas, al\u00e9m de vagas para forma\u00e7\u00e3o de cadastro reserva.<br \/>\nAl\u00e9m disso, as oportunidades s\u00e3o destinadas a diversas especialidade do cargo de Auditor do Estado. Ademais, as inscri\u00e7\u00f5es se iniciam no pr\u00f3ximo dia 30 de mar\u00e7o, portanto, confira todos os detalhes a seguir!<\/p>\n","protected":false},"author":16,"featured_media":157851,"comment_status":"closed","ping_status":"closed","sticky":false,"template":"","format":"standard","meta":{"_acf_changed":false,"footnotes":"","_wp_rev_ctl_limit":""},"categories":[44999],"tags":[],"class_list":["post-105106","post","type-post","status-publish","format-standard","has-post-thumbnail","hentry","category-concursos"],"acf":[],"_links":{"self":[{"href":"https:\/\/www.novaconcursos.com.br\/portal\/wp-json\/wp\/v2\/posts\/105106","targetHints":{"allow":["GET"]}}],"collection":[{"href":"https:\/\/www.novaconcursos.com.br\/portal\/wp-json\/wp\/v2\/posts"}],"about":[{"href":"https:\/\/www.novaconcursos.com.br\/portal\/wp-json\/wp\/v2\/types\/post"}],"author":[{"embeddable":true,"href":"https:\/\/www.novaconcursos.com.br\/portal\/wp-json\/wp\/v2\/users\/16"}],"replies":[{"embeddable":true,"href":"https:\/\/www.novaconcursos.com.br\/portal\/wp-json\/wp\/v2\/comments?post=105106"}],"version-history":[{"count":9,"href":"https:\/\/www.novaconcursos.com.br\/portal\/wp-json\/wp\/v2\/posts\/105106\/revisions"}],"predecessor-version":[{"id":158295,"href":"https:\/\/www.novaconcursos.com.br\/portal\/wp-json\/wp\/v2\/posts\/105106\/revisions\/158295"}],"wp:featuredmedia":[{"embeddable":true,"href":"https:\/\/www.novaconcursos.com.br\/portal\/wp-json\/wp\/v2\/media\/157851"}],"wp:attachment":[{"href":"https:\/\/www.novaconcursos.com.br\/portal\/wp-json\/wp\/v2\/media?parent=105106"}],"wp:term":[{"taxonomy":"category","embeddable":true,"href":"https:\/\/www.novaconcursos.com.br\/portal\/wp-json\/wp\/v2\/categories?post=105106"},{"taxonomy":"post_tag","embeddable":true,"href":"https:\/\/www.novaconcursos.com.br\/portal\/wp-json\/wp\/v2\/tags?post=105106"}],"curies":[{"name":"wp","href":"https:\/\/api.w.org\/{rel}","templated":true}]}}