{"id":108382,"date":"2020-11-06T13:28:30","date_gmt":"2020-11-06T16:28:30","guid":{"rendered":"https:\/\/www.novaconcursos.com.br\/portal\/?p=108382"},"modified":"2025-12-08T13:02:44","modified_gmt":"2025-12-08T16:02:44","slug":"concurso-prf-bolsonaro-confirma-edital","status":"publish","type":"post","link":"https:\/\/www.novaconcursos.com.br\/portal\/noticias\/concurso-prf-bolsonaro-confirma-edital\/","title":{"rendered":"Concurso PRF: Presidente volta a confirmar edital ofertando 2 mil vagas!"},"content":{"rendered":"<p>O presidente Jair Bolsonaro, <strong>voltou a confirmar que o edital<\/strong> do novo <a href=\"https:\/\/www.novaconcursos.com.br\/portal\/concursos\/concurso-prf\/\" data-type=\"link\" data-id=\"https:\/\/www.novaconcursos.com.br\/portal\/concursos\/concurso-prf\/\">concurso<\/a> PRF (Pol\u00edcia Rodovi\u00e1ria Federal)<strong> ir\u00e1 ofertar 2.000 vagas e que j\u00e1 est\u00e1 tudo acertado<\/strong>.<\/p>\n\n\n\n<p>Outro concurso que ir\u00e1 ofertar 2 mil vagas, \u00e9 o da Pol\u00edcia Federal. <a href=\"https:\/\/www.novaconcursos.com.br\/portal\/concursos\/concurso-policia-federal\/?q=PF\" target=\"_blank\" rel=\"noreferrer noopener\" aria-label=\"\u21d2 Saiba mais \u21d0 (abre numa nova aba)\">\u21d2 Saiba mais \u21d0<\/a> <\/p>\n\n\n\n<h2 class=\"wp-block-heading\" id=\"bolsonaro-confirma-concursos-prf-com-2-mil-vagas\">Bolsonaro confirma concursos PRF com 2 mil vagas<\/h2>\n\n\n\n<p><\/p><p>A quest\u00e3o referente ao quantitativo de vagas que ser\u00e3o ofertadas no novo <a href=\"https:\/\/www.novaconcursos.com.br\/\" target=\"_blank\" rel=\"noreferrer noopener\" aria-label=\"concurso (abre numa nova aba)\">concurso<\/a> PRF, parece ser um assunto completamente definido. <strong>Mais uma vez o presidente Jair Bolsonaro, confirmou que a oferta prevista \u00e9 de 2.000 vagas<\/strong>.<\/p>\n[btnnova href=\u201dhttps:\/\/www.novaconcursos.com.br\/concurso\/prf-policia-rodoviaria-federal\/curso-online\u201d class=\u201dyellow\u201d target=\u201dtrue\u201d content=\u201dCurso Online Completo PRF\u201d position=\u201dcenter\u201d promo-name=\u201dlink-produto\u201d]\n\n\n\n<p>No dia 06 de novembro, acontece a formatura dos novos policiais que estavam em forma\u00e7\u00e3o na UniPRF. <strong>Bolsonaro est\u00e1 na solenidade e concedeu entrevista ao Ensino PRF<\/strong>, que transmitiu o evento ao vivo nas suas redes sociais.<\/p>\n\n\n\n<p>O presidente da Rep\u00fablica, Jair Bolsonaro, <strong>disse que o quantitativo de vagas j\u00e1 est\u00e1 acordado<\/strong> com os ministros da Economia, Paulo Guedes, e da Justi\u00e7a e Seguran\u00e7a P\u00fablica, Andr\u00e9 Mendon\u00e7a, al\u00e9m do diretor-geral, Eduardo Aggio.<\/p>\n\n\n\n<p><\/p><p><em>\u201cJ\u00e1 acertaram com Paulo Guedes a previs\u00e3o s\u00e3o mais 2 mil vagas no ano que vem. \u00c9 sangue novo na pista!\u201d<\/em>, informou Jair Bolsonaro.<\/p>\n[mauticform id=\u201d299\u2033 chamada=\u201dReceba em seu e-mail todas as movimenta\u00e7\u00f5es do Concurso da PRF\u201d titulo=\u201dQuer Receber Todas as Novidades da PRF?\u201d track=\u201dCaptura \u2013 Blog Not\u00edcia PRF\u201d]\n\n\n\n<p>Para pleitear uma vaga no cargo de <strong>Policial Rodovi\u00e1rio Federal<\/strong>, \u00e9 preciso ter <strong>gradua\u00e7\u00e3o em qualquer \u00e1rea<\/strong> e Carteira Nacional de Habilita\u00e7\u00e3o <strong>(CNH) a partir da categoria B<\/strong>.<\/p>\n\n\n\n<p>De acordo com a legisla\u00e7\u00e3o, os <a href=\"https:\/\/www.novaconcursos.com.br\/\" target=\"_blank\" rel=\"noreferrer noopener\" aria-label=\"PRFs (abre numa nova aba)\">PRFs<\/a> recebem um <strong>sal\u00e1rio inicial de R$ 10.300,00<\/strong>, j\u00e1 somado com o benef\u00edcio do aux\u00edlio-alimenta\u00e7\u00e3o de <strong>R$ 458,00<\/strong>.<\/p>\n\n\n<div class=\"wp-block-image\">\n<figure class=\"aligncenter size-large is-resized\"><img decoding=\"async\" width=\"1024\" height=\"575\" src=\"https:\/\/www.novaconcursos.com.br\/portal\/wp-content\/uploads\/2019\/10\/PRF-1024x575.jpg\" alt=\"\" class=\"wp-image-93227\" style=\"width:772px;height:433px\" loading=\"lazy\" title=\"\" srcset=\"https:\/\/www.novaconcursos.com.br\/portal\/wp-content\/uploads\/2019\/10\/PRF-300x169.jpg 300w, https:\/\/www.novaconcursos.com.br\/portal\/wp-content\/uploads\/2019\/10\/PRF-1024x575.jpg 1024w, https:\/\/www.novaconcursos.com.br\/portal\/wp-content\/uploads\/2019\/10\/PRF.jpg 1200w\" sizes=\"auto, (max-width: 480px) 100vw, (max-width: 768px) 100vw, (max-width: 1200px) 70vw, 768px\"><\/figure><\/div>\n\n\n<h2 class=\"wp-block-heading\" id=\"diretor-confirma-reunio-com-o-ministrio-da-economia-para-ava\">Diretor confirma reuni\u00e3o com o Minist\u00e9rio da Economia para\naval do concurso PRF<\/h2>\n\n\n\n<p>E assim como aconteceu com a Pol\u00edcia Federal, a Pol\u00edcia Rodovi\u00e1ria Federal tamb\u00e9m teve uma reuni\u00e3o com o Minist\u00e9rio da Economia que pode ter decretado o futuro do <a href=\"https:\/\/www.novaconcursos.com.br\/\" target=\"_blank\" rel=\"noreferrer noopener\" aria-label=\"concurso (abre numa nova aba)\">concurso<\/a> PRF. <strong>Al\u00e9m de uma poss\u00edvel sinaliza\u00e7\u00e3o da autoriza\u00e7\u00e3o oficial<\/strong>.<\/p>\n\n\n\n<p>Quem confirmou este encontro foi o pr\u00f3prio diretor da corpora\u00e7\u00e3o, Jos\u00e9 Hott, atrav\u00e9s das redes sociais. Foi pontuado pelo diretor, <strong>que teve uma reuni\u00e3o excelente com a pasta<\/strong>, mas n\u00e3o deu mais detalhes.<\/p>\n\n\n\n<p>Jos\u00e9 Hott que j\u00e1 havia antecipado no final de semana\nanterior que haveria uma reuni\u00e3o importante. Mas, n\u00e3o pontuou que ela seria com\nrepresentantes do Minist\u00e9rio da Economia.<\/p>\n\n\n\n<p><em>\u201cEssa semana tivemos uma excelente reuni\u00e3o com Minist\u00e9rio da Economia, seguimos otimistas!\u201d<\/em>, informou o diretor Jos\u00e9 Hott.<\/p>\n\n\n\n<p>A resposta de Hott foi ap\u00f3s uma pergunta de um seguidor, que o questionou sobre a <strong>data limite da autoriza\u00e7\u00e3o para que o edital saia ainda em 2020<\/strong>. Ele respondeu:<\/p>\n\n\n\n<p><em>\u201cDepende de alguns fatores relacionados a fluxos administrativos. Ap\u00f3s a autoriza\u00e7\u00e3o temos que contratar a organizadora e finalizar em conjunto com ela o edital\u201d<\/em>, relatou o diretor. <\/p>","protected":false},"excerpt":{"rendered":"<p>O presidente Jair Bolsonaro, voltou a confirmar que o edital do novo concurso PRF (Pol\u00edcia Rodovi\u00e1ria Federal) ir\u00e1 ofertar 2.000 vagas e que j\u00e1 est\u00e1 tudo acertado. Outro concurso que ir\u00e1 ofertar 2 mil vagas, \u00e9 o da Pol\u00edcia Federal. \u21d2 Saiba mais \u21d0 Bolsonaro confirma concursos PRF com 2 mil vagas A quest\u00e3o referente [&hellip;]<\/p>\n","protected":false},"author":16,"featured_media":103560,"comment_status":"closed","ping_status":"closed","sticky":false,"template":"","format":"standard","meta":{"_acf_changed":false,"footnotes":"","_wp_rev_ctl_limit":""},"categories":[228],"tags":[],"class_list":["post-108382","post","type-post","status-publish","format-standard","has-post-thumbnail","hentry","category-noticias"],"acf":[],"_links":{"self":[{"href":"https:\/\/www.novaconcursos.com.br\/portal\/wp-json\/wp\/v2\/posts\/108382","targetHints":{"allow":["GET"]}}],"collection":[{"href":"https:\/\/www.novaconcursos.com.br\/portal\/wp-json\/wp\/v2\/posts"}],"about":[{"href":"https:\/\/www.novaconcursos.com.br\/portal\/wp-json\/wp\/v2\/types\/post"}],"author":[{"embeddable":true,"href":"https:\/\/www.novaconcursos.com.br\/portal\/wp-json\/wp\/v2\/users\/16"}],"replies":[{"embeddable":true,"href":"https:\/\/www.novaconcursos.com.br\/portal\/wp-json\/wp\/v2\/comments?post=108382"}],"version-history":[{"count":5,"href":"https:\/\/www.novaconcursos.com.br\/portal\/wp-json\/wp\/v2\/posts\/108382\/revisions"}],"predecessor-version":[{"id":299315,"href":"https:\/\/www.novaconcursos.com.br\/portal\/wp-json\/wp\/v2\/posts\/108382\/revisions\/299315"}],"wp:featuredmedia":[{"embeddable":true,"href":"https:\/\/www.novaconcursos.com.br\/portal\/wp-json\/wp\/v2\/media\/103560"}],"wp:attachment":[{"href":"https:\/\/www.novaconcursos.com.br\/portal\/wp-json\/wp\/v2\/media?parent=108382"}],"wp:term":[{"taxonomy":"category","embeddable":true,"href":"https:\/\/www.novaconcursos.com.br\/portal\/wp-json\/wp\/v2\/categories?post=108382"},{"taxonomy":"post_tag","embeddable":true,"href":"https:\/\/www.novaconcursos.com.br\/portal\/wp-json\/wp\/v2\/tags?post=108382"}],"curies":[{"name":"wp","href":"https:\/\/api.w.org\/{rel}","templated":true}]}}