{"id":109139,"date":"2021-10-01T08:30:29","date_gmt":"2021-10-01T11:30:29","guid":{"rendered":"https:\/\/www.novaconcursos.com.br\/portal\/?post_type=nc-public-tender&#038;p=109139"},"modified":"2024-12-16T09:58:25","modified_gmt":"2024-12-16T12:58:25","slug":"concurso-funsaude","status":"publish","type":"post","link":"https:\/\/www.novaconcursos.com.br\/portal\/concursos\/concurso-funsaude\/","title":{"rendered":"Concurso Funsa\u00fade CE: Edital publicado com 6 mil vagas!"},"content":{"rendered":"<p>Edital do concurso <strong>Funda\u00e7\u00e3o de Sa\u00fade do Cear\u00e1 (Funsa\u00fade CE)\u00a0<\/strong>\u00e9 publicado e conta com a oferta de <strong>seis mil vagas para provimento imediato<\/strong>, al\u00e9m de outras 20 mil para forma\u00e7\u00e3o de cadastro reserva.<\/p>\n<p>As oportunidades ser\u00e3o distribu\u00eddas entre diferentes profissionais da <strong>\u00e1rea da Sa\u00fade<\/strong>, com exig\u00eancias de <strong>n\u00edveis m\u00e9dio, t\u00e9cnico e superior de forma\u00e7\u00e3o.<\/strong><\/p>\n<ul><li><a class=\"_ps2id\" href=\"#inscri%C3%A7%C3%B5es\" data-ps2id-offset=\"\">Inscri\u00e7\u00f5es e isen\u00e7\u00e3o da taxa<\/a><\/li>\n<li><a class=\"_ps2id\" href=\"#carreiras\" data-ps2id-offset=\"\">Carreiras<\/a>\n<ul><li><a class=\"_ps2id\" href=\"#cargos\" data-ps2id-offset=\"\">Cargos e vagas<\/a><\/li>\n<li><a class=\"_ps2id\" href=\"#locais\" data-ps2id-offset=\"\">Locais de atua\u00e7\u00e3o<\/a><\/li>\n<\/ul><\/li>\n<li><a class=\"_ps2id\" href=\"#provas\" data-ps2id-offset=\"\">Como ser\u00e3o as provas<\/a>\n<ul><li><a class=\"_ps2id\" href=\"#objetiva\" data-ps2id-offset=\"\">Prova Objetiva<\/a><\/li>\n<li><a class=\"_ps2id\" href=\"#t%C3%ADtulos\" data-ps2id-offset=\"\">Avalia\u00e7\u00e3o de T\u00edtulos<\/a><\/li>\n<\/ul><\/li>\n<\/ul><h2 id=\"\"><\/h2>\n<h2 id=\"ps2id-idinscries-targetcomo-fazer-as-inscries-do-concurso-fu\">[ps2id id=\u2019inscri\u00e7\u00f5es\u2019 target=\u201d\/]Como fazer as inscri\u00e7\u00f5es do concurso Funsa\u00fade CE?<\/h2>\n<p>Aten\u00e7\u00e3o concurseiros! Os interessados em participar do concurso agora poder\u00e3o realizar as inscri\u00e7\u00f5es at\u00e9 o dia<strong> 03 de setembro, <\/strong>atrav\u00e9s do <a href=\"https:\/\/conhecimento.fgv.br\/concursos\/funsaude21\" target=\"_blank\" rel=\"noopener noreferrer\">site da banca organizadora, Funda\u00e7\u00e3o Get\u00falio Vargas (FGV)<\/a>.\u00a0\u00a0Antes de serem prorrogadas, as inscri\u00e7\u00f5es seriam encerradas no dia 19.<\/p>\n<p>Al\u00e9m disso, o prazo para pagamento da taxa de inscri\u00e7\u00e3o pode ser realizado <strong>at\u00e9 o dia 31 de agosto.<\/strong><\/p>\n<p>As taxas foram fixadas conforme o grau de escolaridade do cargo pretendido, sendo:<\/p>\n<ul><li><strong>M\u00e9dio:<\/strong>\u00a0R$ 70,00<\/li>\n<li><strong>Superior:\u00a0<\/strong>R$ 150,00<\/li>\n<li><strong>M\u00e9dicos<\/strong>: R$ 300,00<\/li>\n<\/ul><p>\u00a0<\/p>\n<p>Puderam solicitar a isen\u00e7\u00e3o da taxa, servidor p\u00fablico, doador de sangue, alunos que estudam ou conclu\u00edram seus estudos em entidades de ensino p\u00fablico; deficientes; ou alunos cujas fam\u00edlias percebam renda de at\u00e9 2 (dois) sal\u00e1rios m\u00ednimos e pessoa hipossuficiente.<\/p>\n<h2 id=\"ps2id-idcarreiras-targetconcurso-funsade-ce-carreiras\">[ps2id id=\u2019carreiras\u2019 target=\u201d\/]Concurso Funsa\u00fade CE: carreiras<\/h2>\n<h3>[ps2id id=\u2019cargos\u2019 target=\u201d\/]Cargos e vagas<\/h3>\n<h4 id=\"edital-1\">Edital 1<\/h4>\n<p>O edital 1 conta com o provimento de <strong>1.792 vagas<\/strong> para os empregos p\u00fablicos de N\u00edvel Superior e <strong>2.749 vagas<\/strong> para os empregos p\u00fablicos de N\u00edvel M\u00e9dio.<\/p>\n<p><a href=\"https:\/\/www.novaconcursos.com.br\/portal\/wp-content\/uploads\/2021\/06\/edital-1-Funsa%C3%BAde-CE.png\"><img decoding=\"async\" class=\"alignnone size-full wp-image-136023\" src=\"https:\/\/www.novaconcursos.com.br\/portal\/wp-content\/uploads\/2021\/06\/edital-1-Funsa%C3%BAde-CE.png\" alt=\"\" width=\"642\" height=\"657\" loading=\"lazy\" title=\"\" srcset=\"https:\/\/www.novaconcursos.com.br\/portal\/wp-content\/uploads\/2021\/06\/edital-1-Funsa\u00fade-CE-55x55.png 55w, https:\/\/www.novaconcursos.com.br\/portal\/wp-content\/uploads\/2021\/06\/edital-1-Funsa\u00fade-CE-293x300.png 293w, https:\/\/www.novaconcursos.com.br\/portal\/wp-content\/uploads\/2021\/06\/edital-1-Funsa\u00fade-CE.png 642w\" sizes=\"auto, (max-width: 480px) 100vw, (max-width: 768px) 100vw, (max-width: 1200px) 70vw, 768px\"><\/a><\/p>\n<h4>Edital 2<\/h4>\n<p>O edital 2\u00a0 \u00e9 destinado ao provimento de<strong> 202 vagas<\/strong> para os empregos p\u00fablicos de N\u00edvel Superior e <strong>217<\/strong> para os empregos p\u00fablicos de N\u00edvel M\u00e9dio, na \u00c1rea Administrativa.<\/p>\n<p><a href=\"https:\/\/www.novaconcursos.com.br\/portal\/wp-content\/uploads\/2021\/06\/edital-2-Funsa%C3%BAde-CE.png\"><img decoding=\"async\" class=\"alignnone size-full wp-image-136025\" src=\"https:\/\/www.novaconcursos.com.br\/portal\/wp-content\/uploads\/2021\/06\/edital-2-Funsa%C3%BAde-CE.png\" alt=\"\" width=\"638\" height=\"652\" loading=\"lazy\" title=\"\" srcset=\"https:\/\/www.novaconcursos.com.br\/portal\/wp-content\/uploads\/2021\/06\/edital-2-Funsa\u00fade-CE-55x55.png 55w, https:\/\/www.novaconcursos.com.br\/portal\/wp-content\/uploads\/2021\/06\/edital-2-Funsa\u00fade-CE-294x300.png 294w, https:\/\/www.novaconcursos.com.br\/portal\/wp-content\/uploads\/2021\/06\/edital-2-Funsa\u00fade-CE.png 638w\" sizes=\"auto, (max-width: 480px) 100vw, (max-width: 768px) 100vw, (max-width: 1200px) 70vw, 768px\"><\/a><\/p>\n<h4>Edital 3<\/h4>\n<p>O edital 3 visa ao preenchimento de <strong>1.040 vagas<\/strong> para os empregos p\u00fablicos de N\u00edvel Superior, \u00c1rea M\u00e9dica.<\/p>\n<p><a href=\"https:\/\/www.novaconcursos.com.br\/portal\/wp-content\/uploads\/2021\/06\/edital-3-Funsa%C3%BAde-CE.png\"><img decoding=\"async\" class=\"alignnone size-full wp-image-136026\" src=\"https:\/\/www.novaconcursos.com.br\/portal\/wp-content\/uploads\/2021\/06\/edital-3-Funsa%C3%BAde-CE.png\" alt=\"\" width=\"667\" height=\"72\" loading=\"lazy\" title=\"\" srcset=\"https:\/\/www.novaconcursos.com.br\/portal\/wp-content\/uploads\/2021\/06\/edital-3-Funsa\u00fade-CE-300x32.png 300w, https:\/\/www.novaconcursos.com.br\/portal\/wp-content\/uploads\/2021\/06\/edital-3-Funsa\u00fade-CE.png 667w\" sizes=\"auto, (max-width: 480px) 100vw, (max-width: 768px) 100vw, (max-width: 1200px) 70vw, 768px\"><\/a><\/p>\n<h3>[ps2id id=\u2019locais\u2019 target=\u201d\/]Locais de vagas<\/h3>\n<p>Os candidatos aprovados e convocados poder\u00e3o atuar em uma das seguintes unidades:<\/p>\n<ul><li>Hospital Geral de Fortaleza (HGF)<\/li>\n<li>Hospital de Messejana<\/li>\n<li>Hospital Infantil Albert Sabin<\/li>\n<li>Central de Regula\u00e7\u00e3o<\/li>\n<li>Centro e Especialidades Pedi\u00e1tricas<\/li>\n<li>Sede da Funsa\u00fade<\/li>\n<\/ul><p>\u00a0<\/p>\n<h2 id=\"etapas\">[ps2id id=\u2019provas\u2019 target=\u201d\/]Como ser\u00e3o as provas do concurso Funsa\u00fade CE?<\/h2>\n<p>Os candidatos ao concurso Funsa\u00fade CE ser\u00e3o avaliados atrav\u00e9s de at\u00e9 duas etapas, sendo elas:<\/p>\n<ul><li><strong>Prova Objetiva<\/strong>\u00a0\u2013 de car\u00e1ter eliminat\u00f3rio e classificat\u00f3rio;<\/li>\n<li><strong>Avalia\u00e7\u00e3o de T\u00edtulos<\/strong>\u00a0\u2013 de car\u00e1ter classificat\u00f3rio.<\/li>\n<\/ul><h3 id=\"objetiva\">[ps2id id=\u2019objetiva\u2019 target=\u201d\/]Provas Objetivas<\/h3>\n<p>A Prova Objetiva, de car\u00e1ter eliminat\u00f3rio e classificat\u00f3rio, ser\u00e1 realizada preferencialmente na cidade de Fortaleza, nas datas prov\u00e1veis de <strong>23 e<\/strong> <strong>24 de outubro de 2021<\/strong>, sendo da seguinte forma:<\/p>\n<ul><li><strong>\u00c1rea Administrativa e \u00c1rea M\u00e9dica<\/strong>, as quais exigem n\u00edvel superior, ser\u00e3o aplicadas no dia\u00a0<strong>23 de outubro<\/strong>\u00a0\u00e0 tarde;<\/li>\n<li><strong>\u00c1rea Assistencial e \u00c1rea Administrativa<\/strong>, as quais exigem n\u00edvel m\u00e9dio de escolaridade, ser\u00e3o aplicadas no dia\u00a0<strong>24 de outubro<\/strong>, pela manh\u00e3.<\/li>\n<\/ul><p>\u00a0<\/p>\n<p>Para os cargos de n\u00edvel Superior ser\u00e3o 70 quest\u00f5es e para os cargos de n\u00edvel M\u00e9dio ser\u00e3o 60. Todas as quest\u00f5es ter\u00e3o cinco alternativas e apenas uma resposta correta.<\/p>\n<p><strong>CARGOS EDITAL 1<\/strong><\/p>\n<ul><li><strong>N\u00edvel m\u00e9dio:<\/strong>\n<ul><li>L\u00edngua Portuguesa \u2013 10<\/li>\n<li>Racioc\u00ednio L\u00f3gico \u2013 10<\/li>\n<li>Inform\u00e1tica b\u00e1sica \u2013 10<\/li>\n<li>Legisla\u00e7\u00e3o SUS \u2013 5<\/li>\n<li>\u00c1rea espec\u00edfica \u2013 25<\/li>\n<\/ul><\/li>\n<\/ul><ul><li><strong>N\u00edvel superior:<\/strong>\n<ul><li>L\u00edngua Portuguesa \u2013 10<\/li>\n<li>Racioc\u00ednio L\u00f3gico \u2013 10<\/li>\n<li>Atualidades \u2013 10<\/li>\n<li>Legisla\u00e7\u00e3o SUS \u2013 10<\/li>\n<li>\u00c1rea espec\u00edfica \u2013 30<\/li>\n<\/ul><\/li>\n<\/ul><p>\u00a0<\/p>\n<p><strong>CARGOS EDITAL 2<\/strong><\/p>\n<ul><li><strong>N\u00edvel m\u00e9dio:<\/strong>\n<ul><li>L\u00edngua Portuguesa \u2013 10<\/li>\n<li>Racioc\u00ednio L\u00f3gico \u2013 10<\/li>\n<li>No\u00e7\u00f5es de Inform\u00e1tica \u2013 10<\/li>\n<li>Legisla\u00e7\u00e3o SUS \u2013 5<\/li>\n<li>\u00c1rea espec\u00edfica \u2013 25<\/li>\n<\/ul><\/li>\n<\/ul><ul><li><strong>N\u00edvel superior:<\/strong>\n<ul><li>L\u00edngua Portuguesa \u2013 10<\/li>\n<li>Racioc\u00ednio L\u00f3gico \u2013 10<\/li>\n<li>Atualidades \u2013 10<\/li>\n<li>Legisla\u00e7\u00e3o SUS \u2013 10<\/li>\n<li>\u00c1rea espec\u00edfica \u2013 30<\/li>\n<\/ul><\/li>\n<\/ul><ul><li><strong>Advogado:<\/strong>\n<ul><li>L\u00edngua Portuguesa \u2013 10<\/li>\n<li>Racioc\u00ednio L\u00f3gico \u2013 10<\/li>\n<li>Atualidades \u2013 10<\/li>\n<li>Direito Administrativo \u2013 08<\/li>\n<li>Direito Constitucional \u2013 08<\/li>\n<li>Direito Civil \u2013 04<\/li>\n<li>Direito Processual Civil \u2013 04<\/li>\n<li>Direito Penal \u2013 04<\/li>\n<li>Direito Processual Penal \u2013 04<\/li>\n<li>Direitos Humanos \u2013 04<\/li>\n<li>Legisla\u00e7\u00e3o Espec\u00edfica (SUS) \u2013 04<\/li>\n<\/ul><\/li>\n<\/ul><p>\u00a0<\/p>\n<p><strong>CARGOS EDITAL 3<\/strong><\/p>\n<ul><li><strong>M\u00e9dicos:<\/strong>\n<ul><li>L\u00edngua Portuguesa \u2013 10<\/li>\n<li>Racioc\u00ednio L\u00f3gico \u2013 10<\/li>\n<li>Atualidades \u2013 10<\/li>\n<li>Legisla\u00e7\u00e3o SUS \u2013 10<\/li>\n<li>\u00c1rea espec\u00edfica \u2013 30<\/li>\n<\/ul><\/li>\n<\/ul><p>\u00a0<\/p>\n<p>Para os empregos p\u00fablicos de N\u00edvel M\u00e9dio, ser\u00e1 considerado aprovado o candidato que, na Prova Objetiva do concurso Funsa\u00fade CE, cumulativamente:<\/p>\n<p class=\"has-background\"><strong>a)<\/strong>\u00a0Obtiver no m\u00ednimo 12 acertos no M\u00f3dulo II, Conhecimentos e Habilidades Espec\u00edficas;<br><strong>b)\u00a0<\/strong>Obtiver no m\u00ednimo 9 acertos no M\u00f3dulo I, Conhecimentos B\u00e1sicos.<\/p>\n<p>Para os empregos p\u00fablicos de N\u00edvel Superior, ser\u00e1 considerado aprovado o candidato que, na Prova Objetiva, cumulativamente:<\/p>\n<p class=\"has-background\"><strong>a)<\/strong>\u00a0Obtiver no m\u00ednimo 16 acertos no M\u00f3dulo II, Conhecimentos e Habilidades Espec\u00edficas;<br><strong>b)<\/strong>\u00a0Obtiver no m\u00ednimo 9 acertos no M\u00f3dulo I, Conhecimentos B\u00e1sicos.<\/p>\n<h3 id=\"titulos\">[ps2id id=\u2019t\u00edtulos\u2019 target=\u201d\/]Avalia\u00e7\u00e3o de T\u00edtulos<\/h3>\n<p>A Avalia\u00e7\u00e3o de <strong>T\u00edtulos ter\u00e1 car\u00e1ter classificat\u00f3rio<\/strong>. Somente ter\u00e3o seus t\u00edtulos corrigidos os candidatos aprovados na etapa anterior, at\u00e9 o limite de 03 vezes o n\u00famero de vagas oferecidas, para cada cargo na classifica\u00e7\u00e3o de ampla concorr\u00eancia, pessoas com defici\u00eancia e candidatos negros, inclu\u00eddos os empatados na \u00faltima posi\u00e7\u00e3o.<\/p>\n<p>Essa avalia\u00e7\u00e3o do concurso Funsa\u00fade CE valer\u00e1, no m\u00e1ximo, 20 pontos para o n\u00edvel superior, e, no m\u00e1ximo, 10 pontos para o n\u00edvel m\u00e9dio, ainda que a soma dos valores dos t\u00edtulos apresentados possa superar esse valor.<\/p>\n<h4>N\u00edvel superior<\/h4>\n<p><a href=\"https:\/\/www.novaconcursos.com.br\/portal\/wp-content\/uploads\/2021\/06\/T%C3%ADtulos-Funsa%C3%BAde-CE.png\"><img decoding=\"async\" class=\"alignnone size-full wp-image-136028\" src=\"https:\/\/www.novaconcursos.com.br\/portal\/wp-content\/uploads\/2021\/06\/T%C3%ADtulos-Funsa%C3%BAde-CE.png\" alt=\"\" width=\"617\" height=\"690\" loading=\"lazy\" title=\"\" srcset=\"https:\/\/www.novaconcursos.com.br\/portal\/wp-content\/uploads\/2021\/06\/T\u00edtulos-Funsa\u00fade-CE-268x300.png 268w, https:\/\/www.novaconcursos.com.br\/portal\/wp-content\/uploads\/2021\/06\/T\u00edtulos-Funsa\u00fade-CE.png 617w\" sizes=\"auto, (max-width: 480px) 100vw, (max-width: 768px) 100vw, (max-width: 1200px) 70vw, 768px\"><\/a><\/p>\n<p>\u00a0<\/p>\n<h4>N\u00edvel m\u00e9dio<\/h4>\n<p><a href=\"https:\/\/www.novaconcursos.com.br\/portal\/wp-content\/uploads\/2021\/06\/T%C3%ADtulos-2-Funsa%C3%BAde-CE.png\"><img decoding=\"async\" class=\"alignnone wp-image-136029\" src=\"https:\/\/www.novaconcursos.com.br\/portal\/wp-content\/uploads\/2021\/06\/T%C3%ADtulos-2-Funsa%C3%BAde-CE.png\" alt=\"\" width=\"621\" height=\"149\" loading=\"lazy\" title=\"\" srcset=\"https:\/\/www.novaconcursos.com.br\/portal\/wp-content\/uploads\/2021\/06\/T\u00edtulos-2-Funsa\u00fade-CE-300x72.png 300w, https:\/\/www.novaconcursos.com.br\/portal\/wp-content\/uploads\/2021\/06\/T\u00edtulos-2-Funsa\u00fade-CE.png 679w\" sizes=\"auto, (max-width: 480px) 100vw, (max-width: 768px) 100vw, (max-width: 1200px) 70vw, 768px\"><\/a><\/p>\n<p>\u00a0<\/p>","protected":false},"excerpt":{"rendered":"<p>Edital do concurso Funda\u00e7\u00e3o de Sa\u00fade do Cear\u00e1 (Funsa\u00fade CE)\u00a0\u00e9 publicado e conta com a oferta de seis mil vagas para provimento imediato, al\u00e9m de outras 20 mil para forma\u00e7\u00e3o de cadastro reserva.<\/p>\n<p>As oportunidades ser\u00e3o distribu\u00eddas entre diferentes profissionais da \u00e1rea da Sa\u00fade, com exig\u00eancias de n\u00edveis m\u00e9dio, t\u00e9cnico e superior de forma\u00e7\u00e3o.<\/p>\n","protected":false},"author":54662,"featured_media":131491,"comment_status":"closed","ping_status":"closed","sticky":false,"template":"","format":"standard","meta":{"_acf_changed":false,"footnotes":"","_wp_rev_ctl_limit":""},"categories":[44999],"tags":[],"class_list":["post-109139","post","type-post","status-publish","format-standard","has-post-thumbnail","hentry","category-concursos"],"acf":[],"_links":{"self":[{"href":"https:\/\/www.novaconcursos.com.br\/portal\/wp-json\/wp\/v2\/posts\/109139","targetHints":{"allow":["GET"]}}],"collection":[{"href":"https:\/\/www.novaconcursos.com.br\/portal\/wp-json\/wp\/v2\/posts"}],"about":[{"href":"https:\/\/www.novaconcursos.com.br\/portal\/wp-json\/wp\/v2\/types\/post"}],"author":[{"embeddable":true,"href":"https:\/\/www.novaconcursos.com.br\/portal\/wp-json\/wp\/v2\/users\/54662"}],"replies":[{"embeddable":true,"href":"https:\/\/www.novaconcursos.com.br\/portal\/wp-json\/wp\/v2\/comments?post=109139"}],"version-history":[{"count":21,"href":"https:\/\/www.novaconcursos.com.br\/portal\/wp-json\/wp\/v2\/posts\/109139\/revisions"}],"predecessor-version":[{"id":144721,"href":"https:\/\/www.novaconcursos.com.br\/portal\/wp-json\/wp\/v2\/posts\/109139\/revisions\/144721"}],"wp:featuredmedia":[{"embeddable":true,"href":"https:\/\/www.novaconcursos.com.br\/portal\/wp-json\/wp\/v2\/media\/131491"}],"wp:attachment":[{"href":"https:\/\/www.novaconcursos.com.br\/portal\/wp-json\/wp\/v2\/media?parent=109139"}],"wp:term":[{"taxonomy":"category","embeddable":true,"href":"https:\/\/www.novaconcursos.com.br\/portal\/wp-json\/wp\/v2\/categories?post=109139"},{"taxonomy":"post_tag","embeddable":true,"href":"https:\/\/www.novaconcursos.com.br\/portal\/wp-json\/wp\/v2\/tags?post=109139"}],"curies":[{"name":"wp","href":"https:\/\/api.w.org\/{rel}","templated":true}]}}