{"id":109262,"date":"2020-11-20T11:36:26","date_gmt":"2020-11-20T14:36:26","guid":{"rendered":"https:\/\/www.novaconcursos.com.br\/portal\/?p=109262"},"modified":"2020-11-20T11:37:08","modified_gmt":"2020-11-20T14:37:08","slug":"concurso-pc-rn-ajustes-finais","status":"publish","type":"post","link":"https:\/\/www.novaconcursos.com.br\/portal\/noticias\/concurso-pc-rn-ajustes-finais\/","title":{"rendered":"Concurso PC RN: Comiss\u00e3o e banca organizadora fazem ajustes finais no edital!"},"content":{"rendered":"<p>Foi afirmado pela delegada-geral, Ana Cl\u00e1udia Saraiva, que o <strong>edital<\/strong> do <a href=\"https:\/\/www.novaconcursos.com.br\/\" target=\"_blank\" rel=\"noreferrer noopener\" aria-label=\"concurso (abre numa nova aba)\">concurso<\/a> PC RN (Pol\u00edcia Civil do Rio Grande do Norte) <strong>passa por ajustes finais para ser divulgado<\/strong>.<\/p>\n\n\n\n<p>Ainda na Seguran\u00e7a, o concurso PM RN tamb\u00e9m ir\u00e1 publicar seu edital. <a href=\"https:\/\/www.novaconcursos.com.br\/portal\/concursos\/concurso-pm-rn\/?q=PM%20RN\" target=\"_blank\" rel=\"noreferrer noopener\" aria-label=\"\u21d2 Confira \u21d0 (abre numa nova aba)\">\u21d2 Confira \u21d0<\/a><\/p>\n\n\n\n<h2 class=\"wp-block-heading\" id=\"ajustes-finais-do-concurso-pc-rn\">Ajustes finais do concurso PC RN<\/h2>\n\n\n\n<p>Em entrevista concedida no dia 18 de novembro, a delegada-geral da Pol\u00edcia Civil do Rio Grande do Norte, Ana Cl\u00e1udio Saraiva, <strong>falou sobre os ajustes finais para a publica\u00e7\u00e3o do edital do <a href=\"https:\/\/www.novaconcursos.com.br\/\" target=\"_blank\" rel=\"noreferrer noopener\" aria-label=\"concurso (abre numa nova aba)\">concurso<\/a> PC RN<\/strong>.<\/p>\n[btnnova href=\u201dhttps:\/\/www.novaconcursos.com.br\/curso-online\/pc-rn-agente-escrivao-policia-civil\u201d class=\u201dyellow\u201d target=\u201dtrue\u201d content=\u201dCurso Online Completo PC-RN\u201d position=\u201dcenter\u201d promo-name=\u201dlink-produto\u201d]\n\n\n\n<p><em>\u201cN\u00f3s compreendemos a ansiedade daqueles que est\u00e3o se preparando h\u00e1 tempos para o esse concurso, mas \u00e9 necess\u00e1rio n\u00f3s fazermos com toda responsabilidade. A comiss\u00e3o vem se reunindo quase que diariamente com a FGV, analisando o edital, que dever\u00e1 ser publicado nos pr\u00f3ximos dias\u201d<\/em>, salientou Saraiva.<\/p>\n\n\n\n<p>Em entrevista ao Bom Dia Rio Grande do Norte, a delegada n\u00e3o quis dar uma data para esta publica\u00e7\u00e3o, <strong>mas refor\u00e7ou que o documento sair\u00e1 nos pr\u00f3ximos dias mesmo<\/strong>.<\/p>\n\n\n\n<p><em>\u201c\u00c9 necess\u00e1rio, realmente, fazer com todo cuidado os ajustes no edital, para que n\u00e3o tenhamos problemas depois\u201d<\/em>, informou Ana Cl\u00e1udia Saraiva.<\/p>\n\n\n\n<p>Ainda conforme informa\u00e7\u00f5es da delegada, a governadora do Rio Grande do Norte, F\u00e1tima Bezerra, <strong>j\u00e1 determinou a prioridade para a realiza\u00e7\u00e3o do concurso PC RN<\/strong>. No dia 16 de novembro, a gestora falou sobre o <a href=\"https:\/\/www.novaconcursos.com.br\/\" target=\"_blank\" rel=\"noreferrer noopener\" aria-label=\"certame (abre numa nova aba)\">certame<\/a>.<\/p>\n[mauticform id=\u201d262\u2033 chamada=\u201dReceba em seu e-mail todas oportunidades para o cargo de policial civil\u201d titulo=\u201dQuer Receber Todas Oportunidades para Pol\u00edcia Civil?\u201d track=\u201dCaptura \u2013 Blog Not\u00edcia Policia-Civil\u201d]\n\n\n\n<p><em>\u201cA publica\u00e7\u00e3o pode acontecer a qualquer momento, continuem acompanhando em nossas redes sociais\u201d<\/em>, relatou a publica\u00e7\u00e3o nas redes da governadora F\u00e1tima Bezerra.<\/p>\n\n\n\n<p>O \u00faltimo tr\u00e2mite para a divulga\u00e7\u00e3o do edital do <a href=\"https:\/\/www.novaconcursos.com.br\/\" target=\"_blank\" rel=\"noreferrer noopener\" aria-label=\"concurso (abre numa nova aba)\">concurso<\/a> PC RN foi conclu\u00eddo no dia 06 de novembro, <strong>com a publica\u00e7\u00e3o do extrato de contrato entre a Pol\u00edcia Civil do Rio Grande do Norte e a FGV<\/strong> (Funda\u00e7\u00e3o Get\u00falio Vargas), banca organizadora.<\/p>\n\n\n\n<p>Ao todo, est\u00e3o previstas <strong>301 vagas<\/strong> para o <a href=\"https:\/\/www.novaconcursos.com.br\/\" target=\"_blank\" rel=\"noreferrer noopener\" aria-label=\"concurso (abre numa nova aba)\">concurso<\/a> PC RN, <strong>sendo distribu\u00eddas da seguinte forma:<\/strong><\/p>\n\n\n\n<ul class=\"wp-block-list\"><li>Delegado: 47 vagas;<\/li><\/ul><ul class=\"wp-block-list\"><li>Agente: 230 vagas;<\/li><\/ul><ul class=\"wp-block-list\"><li>Escriv\u00e3o: 24 vagas.<\/li><\/ul><p>Todos as carreiras t\u00eam a exig\u00eancia do <strong>n\u00edvel superior<\/strong>. No entanto, no caso do cargo de <strong>Delegado<\/strong>, \u00e9 necess\u00e1rio ter a gradua\u00e7\u00e3o conclu\u00edda em <strong>Direito<\/strong>.<\/p>\n\n\n\n<div class=\"wp-block-image\"><figure class=\"aligncenter size-large is-resized\"><img decoding=\"async\" src=\"https:\/\/www.novaconcursos.com.br\/portal\/wp-content\/uploads\/2019\/03\/PC-RN-6-1024x686.jpg\" alt=\"Nova-PCRN\" class=\"wp-image-86784\" width=\"768\" height=\"514\" loading=\"lazy\" title=\"\" srcset=\"https:\/\/www.novaconcursos.com.br\/portal\/wp-content\/uploads\/2019\/03\/PC-RN-6-300x201.jpg 300w, https:\/\/www.novaconcursos.com.br\/portal\/wp-content\/uploads\/2019\/03\/PC-RN-6.jpg 1024w\" sizes=\"auto, (max-width: 480px) 100vw, (max-width: 768px) 100vw, (max-width: 1200px) 70vw, 768px\"><\/figure><\/div>\n\n\n\n<h2 class=\"wp-block-heading\" id=\"lei-favorece-aprovaes-no-concurso-pc-rn\">Lei favorece aprova\u00e7\u00f5es no concurso PC RN<\/h2>\n\n\n\n<p>A governador do Estado do Rio Grande do Norte, F\u00e1tima Bezerra, sancionou a Lei Complementar n\u00ba 673. O aval foi divulgado no dia 21 de outubro, no Di\u00e1rio Oficial. Dessa maneira, \u00e9 alterada a Lei Org\u00e2nica e o Estatuto da Pol\u00edcia Civil, <strong>favorecendo assim mais aprova\u00e7\u00f5es de candidatos no <a href=\"https:\/\/www.novaconcursos.com.br\/\" target=\"_blank\" rel=\"noreferrer noopener\" aria-label=\"concurso (abre numa nova aba)\">concurso<\/a> PC RN<\/strong>.<\/p>\n\n\n\n<p>De acordo com <strong>informa\u00e7\u00f5es da Lei:<\/strong><\/p>\n\n\n\n<p><em>\u201cSer\u00e3o convocados para participar do Curso de Forma\u00e7\u00e3o Profissional Policial, quinta etapa do certame, at\u00e9 tr\u00eas vezes o n\u00famero de vagas constante do edital do concurso p\u00fablico deflagrado, compreendido neste os candidatos habilitados at\u00e9 a quarta etapa do concurso, de acordo com o cargo objeto de inscri\u00e7\u00e3o\u201d<\/em>.<\/p>\n\n\n\n<p>Com isso, \u00e9 previsto pelo governo que possam ser convocados para o curso de forma\u00e7\u00e3o at\u00e9 <strong>tr\u00eas vezes o n\u00famero de vagas no edital<\/strong>.<\/p>\n\n\n\n<p>Sendo assim, <strong>903 candidatos<\/strong> podem ter chances de efetiva\u00e7\u00e3o na Pol\u00edcia Civil do Rio Grande do Norte.<\/p>\n\n\n\n<p>Al\u00e9m disso, com a nova Lei, o governo retira da Lei Complementar n\u00ba 270\/2004 um dispositivo que previa que somente seriam corrigidas as provas discursivas dos candidatos habilitados na prova objetiva, <strong>dentro de at\u00e9 cinco vezes o n\u00famero de vagas do edital<\/strong>.<\/p>\n\n\n\n<p>O Projeto de Lei (PL) 13\/2020, que altera a Lei Org\u00e2nica do Estatuto da Pol\u00edcia Civil do Rio Grande do Norte, <strong>foi aprovado pela ALRN<\/strong> (Assembleia Legislativa do Estado do Rio Grande do Norte) <strong>no dia 20 de outubro de 2020<\/strong>. <\/p>","protected":false},"excerpt":{"rendered":"<p>Foi afirmado pela delegada-geral, Ana Cl\u00e1udia Saraiva, que o edital do concurso PC RN (Pol\u00edcia Civil do Rio Grande do Norte) passa por ajustes finais para ser divulgado. Ainda na Seguran\u00e7a, o concurso PM RN tamb\u00e9m ir\u00e1 publicar seu edital. \u21d2 Confira \u21d0 Ajustes finais do concurso PC RN Em entrevista concedida no dia 18 [&hellip;]<\/p>\n","protected":false},"author":16,"featured_media":106234,"comment_status":"closed","ping_status":"closed","sticky":false,"template":"","format":"standard","meta":{"_acf_changed":false,"footnotes":"","_wp_rev_ctl_limit":""},"categories":[228],"tags":[],"class_list":["post-109262","post","type-post","status-publish","format-standard","has-post-thumbnail","hentry","category-noticias"],"acf":[],"_links":{"self":[{"href":"https:\/\/www.novaconcursos.com.br\/portal\/wp-json\/wp\/v2\/posts\/109262","targetHints":{"allow":["GET"]}}],"collection":[{"href":"https:\/\/www.novaconcursos.com.br\/portal\/wp-json\/wp\/v2\/posts"}],"about":[{"href":"https:\/\/www.novaconcursos.com.br\/portal\/wp-json\/wp\/v2\/types\/post"}],"author":[{"embeddable":true,"href":"https:\/\/www.novaconcursos.com.br\/portal\/wp-json\/wp\/v2\/users\/16"}],"replies":[{"embeddable":true,"href":"https:\/\/www.novaconcursos.com.br\/portal\/wp-json\/wp\/v2\/comments?post=109262"}],"version-history":[{"count":4,"href":"https:\/\/www.novaconcursos.com.br\/portal\/wp-json\/wp\/v2\/posts\/109262\/revisions"}],"predecessor-version":[{"id":109267,"href":"https:\/\/www.novaconcursos.com.br\/portal\/wp-json\/wp\/v2\/posts\/109262\/revisions\/109267"}],"wp:featuredmedia":[{"embeddable":true,"href":"https:\/\/www.novaconcursos.com.br\/portal\/wp-json\/wp\/v2\/media\/106234"}],"wp:attachment":[{"href":"https:\/\/www.novaconcursos.com.br\/portal\/wp-json\/wp\/v2\/media?parent=109262"}],"wp:term":[{"taxonomy":"category","embeddable":true,"href":"https:\/\/www.novaconcursos.com.br\/portal\/wp-json\/wp\/v2\/categories?post=109262"},{"taxonomy":"post_tag","embeddable":true,"href":"https:\/\/www.novaconcursos.com.br\/portal\/wp-json\/wp\/v2\/tags?post=109262"}],"curies":[{"name":"wp","href":"https:\/\/api.w.org\/{rel}","templated":true}]}}