{"id":110119,"date":"2020-12-08T10:08:32","date_gmt":"2020-12-08T13:08:32","guid":{"rendered":"https:\/\/www.novaconcursos.com.br\/portal\/?p=110119"},"modified":"2021-02-19T11:38:43","modified_gmt":"2021-02-19T14:38:43","slug":"concurso-pm-es-governo-confirma-edital","status":"publish","type":"post","link":"https:\/\/www.novaconcursos.com.br\/portal\/noticias\/concurso-pm-es-governo-confirma-edital\/","title":{"rendered":"Concurso PM ES: Governo confirma que novo edital sair\u00e1 em 2021!"},"content":{"rendered":"<p class=\"wp-block-paragraph\">Em discurso feito na ALES, o governador do Esp\u00edrito Santo, Renato Casagrande, informou que o <a href=\"https:\/\/www.novaconcursos.com.br\/\" target=\"_blank\" rel=\"noreferrer noopener\" aria-label=\"concurso (abre numa nova aba)\">concurso<\/a> PM ES (Pol\u00edcia Militar do Esp\u00edrito Santo) <strong>ter\u00e1 seu edital publicado no ano de 2021<\/strong>.<\/p>\n\n\n\n<p class=\"wp-block-paragraph\">Ainda no Estado, o governador tamb\u00e9m disse que o concurso PC ES sair\u00e1 ano que vem. <a href=\"https:\/\/www.novaconcursos.com.br\/portal\/concursos\/concurso-pc-es\/?q=PC%20ES\" target=\"_blank\" rel=\"noreferrer noopener\" aria-label=\"\u21d2 Saiba mais \u21d0 (abre numa nova aba)\">\u21d2 Saiba mais \u21d0<\/a><\/p>\n\n\n\n<h2 class=\"wp-block-heading\" id=\"divulgao-do-edital-do-concurso-pm-es\">Divulga\u00e7\u00e3o do edital do concurso PM ES<\/h2>\n\n\n\n<p class=\"wp-block-paragraph\"><\/p><p>A Seguran\u00e7a P\u00fablica do Esp\u00edrito Santo, dever\u00e1 ser bem refor\u00e7ada ao longo dos pr\u00f3ximos anos. Al\u00e9m de informar o <a href=\"https:\/\/www.novaconcursos.com.br\/\" target=\"_blank\" rel=\"noreferrer noopener\" aria-label=\"certame (abre numa nova aba)\">certame<\/a> para a Pol\u00edcia Civil, <strong>o governador Renato Casagrande tamb\u00e9m confirmou a realiza\u00e7\u00e3o do novo concurso PM ES e Bombeiros ES em 2021<\/strong>.<\/p>\n[btnnova href=\u201dhttps:\/\/www.novaconcursos.com.br\/concurso\/pm-es-policia-militar-espirito-santo\/apostila\u201d class=\u201dyellow\u201d target=\u201dtrue\u201d content=\u201dApostila Completa PM-ES\u201d position=\u201dcenter\u201d promo-name=\u201dlink-produto\u201d]\n\n\n\n<p class=\"wp-block-paragraph\">O an\u00fancio do governador \u00e9 uma informa\u00e7\u00e3o in\u00e9dita, j\u00e1 que at\u00e9 ent\u00e3o n\u00e3o havia relatos de novos editais para a Pol\u00edcia Militar e Corpo de Bombeiros do Esp\u00edrito Santo, apenas para a Pol\u00edcia Civil, que tem previs\u00e3o or\u00e7ament\u00e1ria.<\/p>\n\n\n\n<p class=\"wp-block-paragraph\"><strong>Mas, \u00e9 um grande ind\u00edcio de que o <a href=\"https:\/\/www.novaconcursos.com.br\/\" target=\"_blank\" rel=\"noreferrer noopener\" aria-label=\"concurso (abre numa nova aba)\">concurso<\/a> PM ES ser\u00e1, de fato, realizado no pr\u00f3ximo ano<\/strong>. O an\u00fancio de Casagrande aconteceu no dia 07 de dezembro, quando discursou na Assembleia Legislativa do Esp\u00edrito Santo e prestou contas do seu mandato.<\/p>\n\n\n\n<p class=\"wp-block-paragraph\"><\/p><p><em>\u201cNosso desejo \u00e9 fazer um concurso por ano. Resolvemos esse concurso da pol\u00edcia civil, militar e bombeiros, reabrimos o concurso de delegado, j\u00e1 que o que estava em andamento n\u00e3o tinha conserto. Vamos fazer concursos para policial militar, civil e bombeiros no ano que vem. Queremos fazer todo ano um pequeno n\u00famero, para a gente n\u00e3o encontrar mais situa\u00e7\u00f5es desesperadoras como as que eu encontrei em 2011 e 2019\u2033<\/em>, informou o governador.<\/p>\n[mauticform id=\u201d263\u2033 chamada=\u201dReceba em seu e-mail todas oportunidades para o cargo de policial militar\u201d titulo=\u201dQuer Receber Todas Oportunidades para Pol\u00edcia Militar?\u201d track=\u201dCaptura \u2013 Blog Not\u00edcia Policia-Militar\u201d]\n\n\n\n<p class=\"wp-block-paragraph\">Com o an\u00fancio, <strong>o quantitativo de vagas que ser\u00e3o ofertadas ser\u00e1 definido<\/strong>. Casagrande comentou que pretende manter uma regularidade.<\/p>\n\n\n\n<p class=\"wp-block-paragraph\">Isso mesmo, <strong>o chefe do executivo disse que pretende fazer concurso todo ano<\/strong>, nem que seja para um n\u00famero pequeno. Vale ressaltar, que as tr\u00eas corpora\u00e7\u00f5es tiveram <a href=\"https:\/\/www.novaconcursos.com.br\/\" target=\"_blank\" rel=\"noreferrer noopener\" aria-label=\"certames (abre numa nova aba)\">certames<\/a> recentes, publicados na mesma \u00e9poca.<\/p>\n\n\n\n<p class=\"wp-block-paragraph\">Agora, <strong>o pr\u00f3ximo passo ser\u00e1 o governo do Esp\u00edrito Santo oficializar a autoriza\u00e7\u00e3o do <a href=\"https:\/\/www.novaconcursos.com.br\/\" target=\"_blank\" rel=\"noreferrer noopener\" aria-label=\"concurso (abre numa nova aba)\">concurso<\/a> PM ES<\/strong>, que ser\u00e1 divulgada no Di\u00e1rio Oficial. Geralmente, o governador realiza um evento para formalizar a assinatura e os an\u00fancios.<\/p>\n\n\n\n<h2 class=\"wp-block-heading\" id=\"ltimo-concurso-pm-es\">\u00daltimo concurso PM ES<\/h2>\n\n\n\n<p class=\"wp-block-paragraph\">O \u00faltimo <a href=\"https:\/\/www.novaconcursos.com.br\/\" target=\"_blank\" rel=\"noreferrer noopener\" aria-label=\"concurso (abre numa nova aba)\">concurso<\/a> PM ES aconteceu no ano de 2018, sob responsabilidade do Instituto AOCP. Na \u00e9poca, <strong>foram ofertadas 310 vagas para os seguintes cargos:<\/strong><\/p>\n\n\n\n<ul class=\"wp-block-list\"><li>Soldado Combatente (250 vagas);<\/li><\/ul><ul class=\"wp-block-list\"><li>Soldado M\u00fasico (10 vagas);<\/li><\/ul><ul class=\"wp-block-list\"><li>Oficial Combatente (30 vagas);<\/li><\/ul><ul class=\"wp-block-list\"><li>1\u00ba Tenente M\u00e9dico (20 vagas).<\/li><\/ul><p class=\"wp-block-paragraph\">Os candidatos ao <a href=\"https:\/\/www.novaconcursos.com.br\/\" target=\"_blank\" rel=\"noreferrer noopener\" aria-label=\"concurso (abre numa nova aba)\">concurso<\/a> PM ES eram classificados <strong>mediante provas objetivas e provas discursivas<\/strong>.<\/p>\n\n\n\n<p class=\"wp-block-paragraph\">Al\u00e9m disso, houve um <strong>Teste de Aptid\u00e3o F\u00edsica. Exames e Avalia\u00e7\u00f5es M\u00e9dicas, Sindic\u00e2ncia e Vida Pregressa, Avalia\u00e7\u00e3o Psicol\u00f3gica<\/strong>. <\/p>","protected":false},"excerpt":{"rendered":"<p>Em discurso feito na ALES, o governador do Esp\u00edrito Santo, Renato Casagrande, informou que o concurso PM ES (Pol\u00edcia Militar do Esp\u00edrito Santo) ter\u00e1 seu edital publicado no ano de 2021. Ainda no Estado, o governador tamb\u00e9m disse que o concurso PC ES sair\u00e1 ano que vem. \u21d2 Saiba mais \u21d0 Divulga\u00e7\u00e3o do edital do [&hellip;]<\/p>\n","protected":false},"author":16,"featured_media":0,"comment_status":"closed","ping_status":"closed","sticky":false,"template":"","format":"standard","meta":{"_acf_changed":false,"footnotes":"","_wp_rev_ctl_limit":""},"categories":[228],"tags":[],"class_list":["post-110119","post","type-post","status-publish","format-standard","hentry","category-noticias"],"acf":[],"_links":{"self":[{"href":"https:\/\/www.novaconcursos.com.br\/portal\/wp-json\/wp\/v2\/posts\/110119","targetHints":{"allow":["GET"]}}],"collection":[{"href":"https:\/\/www.novaconcursos.com.br\/portal\/wp-json\/wp\/v2\/posts"}],"about":[{"href":"https:\/\/www.novaconcursos.com.br\/portal\/wp-json\/wp\/v2\/types\/post"}],"author":[{"embeddable":true,"href":"https:\/\/www.novaconcursos.com.br\/portal\/wp-json\/wp\/v2\/users\/16"}],"replies":[{"embeddable":true,"href":"https:\/\/www.novaconcursos.com.br\/portal\/wp-json\/wp\/v2\/comments?post=110119"}],"version-history":[{"count":5,"href":"https:\/\/www.novaconcursos.com.br\/portal\/wp-json\/wp\/v2\/posts\/110119\/revisions"}],"predecessor-version":[{"id":123697,"href":"https:\/\/www.novaconcursos.com.br\/portal\/wp-json\/wp\/v2\/posts\/110119\/revisions\/123697"}],"wp:attachment":[{"href":"https:\/\/www.novaconcursos.com.br\/portal\/wp-json\/wp\/v2\/media?parent=110119"}],"wp:term":[{"taxonomy":"category","embeddable":true,"href":"https:\/\/www.novaconcursos.com.br\/portal\/wp-json\/wp\/v2\/categories?post=110119"},{"taxonomy":"post_tag","embeddable":true,"href":"https:\/\/www.novaconcursos.com.br\/portal\/wp-json\/wp\/v2\/tags?post=110119"}],"curies":[{"name":"wp","href":"https:\/\/api.w.org\/{rel}","templated":true}]}}