{"id":110197,"date":"2020-12-09T11:57:35","date_gmt":"2020-12-09T14:57:35","guid":{"rendered":"https:\/\/www.novaconcursos.com.br\/portal\/?p=110197"},"modified":"2024-10-07T13:26:37","modified_gmt":"2024-10-07T16:26:37","slug":"editais-policia-penal","status":"publish","type":"post","link":"https:\/\/www.novaconcursos.com.br\/portal\/noticias\/editais-policia-penal\/","title":{"rendered":"Editais Pol\u00edcia Penal: Confira os concursos previstos para 2021!"},"content":{"rendered":"<p>Aten\u00e7\u00e3o concurseiros! A <a href=\"https:\/\/www.novaconcursos.com.br\/\"><strong>Nova Concursos<\/strong><\/a> reuniu todas as <strong>sele\u00e7\u00f5es 2021 Pol\u00edcia Penal <\/strong>que est\u00e3o previstas\u00a0 nos estados brasileiros. Confira!<\/p>\n\n\n\n<h2 class=\"wp-block-heading\" id=\"novas-selees-polcia-penal\">Novas sele\u00e7\u00f5es Pol\u00edcia Penal<\/h2>\n\n\n\n<p>Um ano ap\u00f3s a cria\u00e7\u00e3o da <strong>Pol\u00edcia Penal<\/strong>, os <a href=\"https:\/\/www.novaconcursos.com.br\/\">concursos<\/a> para a institui\u00e7\u00e3o come\u00e7am a ganhar forma. Em v\u00e1rios estados brasileiros, o \u00f3rg\u00e3o j\u00e1 come\u00e7a a ser regulamentado, e em outros j\u00e1 t\u00eam<strong> <a href=\"https:\/\/www.novaconcursos.com.br\/\">sele\u00e7\u00f5es<\/a> para a<\/strong> <strong>Pol\u00edcia Penal previstas em 2021.<\/strong><\/p>\n\n\n\n<p>Oficializada em <strong>dezembro de 2019<\/strong>, ap\u00f3s aprova\u00e7\u00e3o no Congresso Nacional, a Pol\u00edcia Penal \u00e9 respons\u00e1vel pela seguran\u00e7a do sistema prisional federal, estadual e do Distrito Federal.<\/p>\n\n\n\n<p>Sendo assim, a carreira de agente penitenci\u00e1rio e seus respectivos <a href=\"https:\/\/www.novaconcursos.com.br\/\">certames<\/a> s\u00e3o diretamente impactados.\u00a0<\/p>\n\n\n\n<p>Desta maneira, os <strong>agentes penitenci\u00e1rios<\/strong> passam a ser <strong>policiais penais. <\/strong>Com a transforma\u00e7\u00e3o em carreira policial, esses profissionais s\u00e3o equiparados aos membros das demais pol\u00edcias brasileiras, mas com atribui\u00e7\u00f5es espec\u00edficas, que s\u00e3o reguladas em lei.<\/p>\n\n\n\n<p>Essa regulamenta\u00e7\u00e3o deve ser feita por cada estado, criando assim suas Pol\u00edcias Penais. No \u00e2mbito federal, um <strong>PL (projeto de lei) <\/strong>deve garantir esse regimento.<\/p>\n\n\n\n<p><strong>A seguir, saiba mais sobre os principais <a href=\"https:\/\/www.novaconcursos.com.br\/\">concursos <\/a>para a Pol\u00edcia Penal previstos para 2021.\u00a0<\/strong><\/p>\n\n\n\n<h3 class=\"wp-block-heading\"> Pol\u00edcia Penal SP<\/h3>\n\n\n\n<p>A minuta da <strong>PEC (Proposta de Emenda Constitucional) <\/strong>para regulamenta\u00e7\u00e3o da <strong>Pol\u00edcia Penal de S\u00e3o Paulo<\/strong> j\u00e1 foi elaborada.<\/p>\n\n\n\n<p>Sendo assim, agora o texto depende da aprova\u00e7\u00e3o da <strong>Secretaria de Casa Civil <\/strong>e da assinatura do governador<strong> Jo\u00e3o D\u00f3ria<\/strong> para que seja enviada ao Legislativo.<\/p>\n\n\n\n<p>Conforme o texto, os <strong>agentes penitenci\u00e1rios ser\u00e3o transformados em policiais penais <\/strong>e a regulamenta\u00e7\u00e3o do cargo depende de cada estado. Entretanto, S\u00e3o Paulo ainda n\u00e3o encaminhou uma proposta para adequar a Constitui\u00e7\u00e3o do Estado \u00e0 nova ordem jur\u00eddica.<\/p>\n\n\n\n<p>A PEC estadual ser\u00e1 a primeira etapa para a regulamenta\u00e7\u00e3o da <strong>nova institui\u00e7\u00e3o<\/strong>, que precisar\u00e1 ainda ser estruturada em lei org\u00e2nica.<\/p>\n\n\n\n<p>Al\u00e9m do mais, os atuais<strong> agentes de seguran\u00e7a penitenci\u00e1ria (ASP)<\/strong> e de <strong>escolta e vigil\u00e2ncia penitenci\u00e1ria (AEVP)<\/strong> dever\u00e3o ter seus cargos transformados por lei complementar.<\/p>\n\n\n\n<p><strong>Concurso Pol\u00edcia Penal SP<\/strong> <a href=\"https:\/\/www.novaconcursos.com.br\/portal\/concursos\/concurso-sap-sp\/?q=POL%C3%8DCIA%20PENAL%20SP\" target=\"_blank\" rel=\"noreferrer noopener\" aria-label=\"\u21d2 Confira! \u21d0  (abre numa nova aba)\">\u21d2 Confira! \u21d0 <\/a><\/p>\n\n\n\n<h3 class=\"wp-block-heading\">Pol\u00edcia Penal RJ<\/h3>\n\n\n\n<p>No Rio de Janeiro, a Assembleia Legislativa aprovou em segunda discuss\u00e3o, em outubro, a<strong> PEC 47\/2020<\/strong>, que cria e favorece o <strong>novo <a href=\"https:\/\/www.novaconcursos.com.br\/\">certame<\/a> Pol\u00edcia Penal RJ.<\/strong><\/p>\n\n\n\n<p>Conforme o texto, a <strong>Pol\u00edcia Penal<\/strong> ser\u00e1 uma institui\u00e7\u00e3o permanente e vinculada \u00e0 <strong>Secretaria de Estado de Administra\u00e7\u00e3o Penitenci\u00e1ria (Seap)<\/strong>, com atribui\u00e7\u00f5es de seguran\u00e7a, vigil\u00e2ncia e cust\u00f3dia dos estabelecimentos penais, que ser\u00e3o definidas em lei de autoria do Executivo.<\/p>\n\n\n\n<p>Os atuais cargos de inspetores de seguran\u00e7a e administra\u00e7\u00e3o penitenci\u00e1ria ser\u00e3o transformados em <strong>\u201cpoliciais penais\u201d <\/strong>e novos agentes ser\u00e3o admitidos por meio da<strong> <a href=\"https:\/\/www.novaconcursos.com.br\/\">sele\u00e7\u00e3o<\/a> Pol\u00edcia Penal RJ.<\/strong><\/p>\n\n\n\n<p><strong>Concurso Pol\u00edcia Penal RJ<\/strong> <a href=\"https:\/\/www.novaconcursos.com.br\/portal\/concursos\/concurso-policia-penal-rj\/?q=pol%C3%ADcia%20penal%20RJ\" target=\"_blank\" rel=\"noreferrer noopener\" aria-label=\"\u21d2 Confira! \u21d0 (abre numa nova aba)\">\u21d2 Confira! \u21d0<\/a><\/p>\n\n\n\n<h3 class=\"wp-block-heading\">Pol\u00edcia Penal MG<\/h3>\n\n\n\n<p>O secret\u00e1rio de Seguran\u00e7a de Minas Gerais, general Mario Araujo, afirmou que o <a href=\"https:\/\/www.novaconcursos.com.br\/\">certame<\/a> <strong>Pol\u00edcia Penal MG <\/strong>ofertar\u00e1 <strong>2.420<\/strong> vagas e ter\u00e1 como exig\u00eancia o <strong>n\u00edvel m\u00e9dio completo.<\/strong><\/p>\n\n\n\n<p>Segundo o secret\u00e1rio, h\u00e1 um <strong>cronograma interno<\/strong> para abertura da <a href=\"https:\/\/www.novaconcursos.com.br\/\">sele\u00e7\u00e3o.<\/a> Ele afirmou que os tr\u00e2mites do edital est\u00e3o \u201cextremamente adiantados\u201d.<\/p>\n\n\n\n<p>Ainda tramita na Assembleia Legislativa de Minas Gerais o projeto de lei que regulamenta a <strong>Pol\u00edcia Penal no Estado<\/strong>. De acordo com informa\u00e7\u00f5es do secret\u00e1rio de Seguran\u00e7a, a pandemia atrasou as fases do processo, mas deve ser retomada.<\/p>\n\n\n\n<p>Apesar da r\u00e1pida regulamenta\u00e7\u00e3o, a Secretaria j\u00e1 havia informado que o <a href=\"https:\/\/www.novaconcursos.com.br\/\">certame<\/a> pode sair antes mesmo da aprova\u00e7\u00e3o deste PL.<\/p>\n\n\n\n<h3 class=\"wp-block-heading\">Pol\u00edcia Penal AL<\/h3>\n\n\n\n<p>Renan Filho, governador do Alagoas, anunciou que o<a href=\"https:\/\/www.novaconcursos.com.br\/\"> certame <\/a>para Pol\u00edcia Penal do estado est\u00e1 previsto para <strong>2021.<\/strong><\/p>\n\n\n\n<p>Para a <a href=\"https:\/\/www.novaconcursos.com.br\/\">s<\/a><strong><a href=\"https:\/\/www.novaconcursos.com.br\/\">ele\u00e7\u00e3o<\/a> Pol\u00edcia Penal AL<\/strong> s\u00e3o aguardadas <strong>250<\/strong> vagas. De acordo com o vice-presidente do Sindapen, Kleyton Anderson, a carreira tem como requisito a conclus\u00e3o do <strong>n\u00edvel superior<\/strong>. As remunera\u00e7\u00f5es iniciais previstas s\u00e3o de<strong> R$ 3.800.<\/strong><\/p>\n\n\n\n<p><strong>Concurso Pol\u00edcia Penal AL<\/strong>  <a rel=\"noreferrer noopener\" aria-label=\"\u21d2 Confira! \u21d0  (abre numa nova aba)\" href=\"https:\/\/www.novaconcursos.com.br\/portal\/concursos\/concurso-agepen-al\/?q=POL%C3%8DCIA%20PENAL%20AL\" target=\"_blank\">\u21d2 Confira! \u21d0 <\/a><\/p>\n\n\n\n<h3 class=\"wp-block-heading\">Pol\u00edcia Penal CE<\/h3>\n\n\n\n<p>Em agosto deste ano, foi anunciada, no <strong>Di\u00e1rio Oficial<\/strong>, a Proposta de Emenda \u00e0 Constitui\u00e7\u00e3o que cria a carreira de <strong>policial penal do Estado do Cear\u00e1. <\/strong>Portanto, permite a realiza\u00e7\u00e3o do <strong>novo <a href=\"https:\/\/www.novaconcursos.com.br\/\">certame<\/a> Pol\u00edcia Penal CE<\/strong>.<\/p>\n\n\n\n<p><em>\u201cA Pol\u00edcia Penal de natureza permanente, com fun\u00e7\u00e3o indeleg\u00e1vel de Estado, vinculada ao \u00f3rg\u00e3o administrador do sistema penal da unidade federativa a que pertencem, cabe a seguran\u00e7a dos estabelecimentos penais.\u201d<\/em><\/p>\n\n\n\n<p>Entretanto, ainda n\u00e3o h\u00e1 informa\u00e7\u00f5es sobre o<strong> total de vagas<\/strong> ou prazo para <strong>publica\u00e7\u00e3o do<a href=\"https:\/\/www.novaconcursos.com.br\/\"> edital.<\/a><\/strong><\/p>\n\n\n\n<p>O \u00faltimo<a href=\"https:\/\/www.novaconcursos.com.br\/\"> certame<\/a> para agente penitenci\u00e1rio do Cear\u00e1 aconteceu h\u00e1 <strong>tr\u00eas anos <\/strong>e teve oferta de mil vagas. O <a href=\"https:\/\/www.novaconcursos.com.br\/\">edital<\/a> foi divulgado pelo<strong> Instituto AOCP, organizador.<\/strong><\/p>\n\n\n\n<p><strong>Concurso Pol\u00edcia Penal CE  <\/strong><a href=\"https:\/\/www.novaconcursos.com.br\/portal\/concursos\/concurso-agepen-ce\/?q=pol%C3%ADcia%20penal%20ce\" target=\"_blank\" rel=\"noreferrer noopener\" aria-label=\"\u21d2 Confira! \u21d0  (abre numa nova aba)\">\u21d2 Confira! \u21d0 <\/a><\/p>\n\n\n\n<h3 class=\"wp-block-heading\">Pol\u00edcia Penal TO<\/h3>\n\n\n\n<p>A mesa diretora da Assembleia Legislativa do Estado do Tocantins promulgou, em novembro, a <strong>PEC 01\/2020<\/strong>. O projeto, caso aprovado, pode favorecer a<strong> <a href=\"https:\/\/www.novaconcursos.com.br\/\">sele\u00e7\u00e3o<\/a> Pol\u00edcia Penal TO.<\/strong><\/p>\n\n\n\n<p>De autoria do Governo do Tocantins, a medida foi protocolada pelo estado em outubro deste ano. Conforme a proposta, deve ser criada a <strong>Pol\u00edcia Penal do Tocantins.<\/strong><\/p>\n\n\n\n<p>Com a cria\u00e7\u00e3o da proposta, a institui\u00e7\u00e3o ser\u00e1 vinculada \u00e0 Administra\u00e7\u00e3o P\u00fablica e respons\u00e1vel pelo Sistema Penal do estado. Para preencher o quadro de servidores, um <strong><a href=\"https:\/\/www.novaconcursos.com.br\/\">certame<\/a> Pol\u00edcia Penal TO<\/strong> ter\u00e1 que ser realizado.<\/p>\n\n\n\n<p><em>\u201cO preenchimento do quadro de servidores da Pol\u00edcia Penal ser\u00e1 feito, exclusivamente, por meio de concurso p\u00fablico e da transforma\u00e7\u00e3o dos cargos de carreira dos atuais agentes de execu\u00e7\u00e3o penal e dos cargos p\u00fablicos equivalentes\u201d<\/em>, diz o Art.2 da EC.<\/p>\n\n\n\n<p><strong>Concurso Pol\u00edcia Penal TO<\/strong>  <a href=\"https:\/\/www.novaconcursos.com.br\/portal\/concursos\/concurso-policia-penal-to\/?q=POL%C3%8DCIA%20PENAL%20TO\" target=\"_blank\" rel=\"noreferrer noopener\" aria-label=\"\u21d2 Confira! \u21d0  (abre numa nova aba)\">\u21d2 Confira! \u21d0 <\/a><\/p>\n\n\n\n<h3 class=\"wp-block-heading\">Pol\u00edcia Penal AC<\/h3>\n\n\n\n<p>No Acre, o <strong>Minist\u00e9rio P\u00fablico do Estado (MP AC)<\/strong>, por meio da Promotoria de Justi\u00e7a Especializada de Tutela do Direito Difuso \u00e0 Seguran\u00e7a P\u00fablica, ingressou com A\u00e7\u00e3o Civil P\u00fablica <strong>(ACP) <\/strong>para a realiza\u00e7\u00e3o do <strong><a href=\"https:\/\/www.novaconcursos.com.br\/\">certame <\/a>Pol\u00edcia Penal AC.<\/strong><\/p>\n\n\n\n<p>A solicita\u00e7\u00e3o, com tutela de urg\u00eancia, exige que sejam abertas, no m\u00ednimo, <strong>454<\/strong> vagas em 2022. O prazo considera a Lei Complementar<strong> 173\/2020<\/strong>, que restringe a realiza\u00e7\u00e3o de <a href=\"https:\/\/www.novaconcursos.com.br\/\">sele\u00e7\u00f5es<\/a> para a cria\u00e7\u00e3o de novos cargos at\u00e9 <strong>31 de dezembro de 2021.<\/strong><\/p>\n\n\n\n<p>Por esse motivo, o promotor de Justi\u00e7a Tales Fonseca Tranin pede que o estado reserve uma dota\u00e7\u00e3o or\u00e7ament\u00e1ria em 2021, para a realiza\u00e7\u00e3o do <a href=\"https:\/\/www.novaconcursos.com.br\/\">certame <\/a>no <strong>ano seguinte.<\/strong><\/p>\n\n\n\n<p><strong>Concurso Pol\u00edcia Penal AC<\/strong> <a href=\"https:\/\/www.novaconcursos.com.br\/portal\/concursos\/concurso-policia-penal-ac\/?q=POL%C3%8DCIA%20PENAL%20AC\" target=\"_blank\" rel=\"noreferrer noopener\" aria-label=\"\u21d2 Confira! \u21d0  (abre numa nova aba)\">\u21d2 Confira! \u21d0 <\/a><\/p>","protected":false},"excerpt":{"rendered":"<p>Aten\u00e7\u00e3o concurseiros! A Nova Concursos reuniu todas as sele\u00e7\u00f5es 2021 Pol\u00edcia Penal que est\u00e3o previstas\u00a0 nos estados brasileiros. Confira! Novas sele\u00e7\u00f5es Pol\u00edcia Penal Um ano ap\u00f3s a cria\u00e7\u00e3o da Pol\u00edcia Penal, os concursos para a institui\u00e7\u00e3o come\u00e7am a ganhar forma. Em v\u00e1rios estados brasileiros, o \u00f3rg\u00e3o j\u00e1 come\u00e7a a ser regulamentado, e em outros j\u00e1 [&hellip;]<\/p>\n","protected":false},"author":54662,"featured_media":0,"comment_status":"closed","ping_status":"closed","sticky":false,"template":"","format":"standard","meta":{"_acf_changed":false,"footnotes":"","_wp_rev_ctl_limit":""},"categories":[228],"tags":[],"class_list":["post-110197","post","type-post","status-publish","format-standard","hentry","category-noticias"],"acf":[],"_links":{"self":[{"href":"https:\/\/www.novaconcursos.com.br\/portal\/wp-json\/wp\/v2\/posts\/110197","targetHints":{"allow":["GET"]}}],"collection":[{"href":"https:\/\/www.novaconcursos.com.br\/portal\/wp-json\/wp\/v2\/posts"}],"about":[{"href":"https:\/\/www.novaconcursos.com.br\/portal\/wp-json\/wp\/v2\/types\/post"}],"author":[{"embeddable":true,"href":"https:\/\/www.novaconcursos.com.br\/portal\/wp-json\/wp\/v2\/users\/54662"}],"replies":[{"embeddable":true,"href":"https:\/\/www.novaconcursos.com.br\/portal\/wp-json\/wp\/v2\/comments?post=110197"}],"version-history":[{"count":6,"href":"https:\/\/www.novaconcursos.com.br\/portal\/wp-json\/wp\/v2\/posts\/110197\/revisions"}],"predecessor-version":[{"id":254957,"href":"https:\/\/www.novaconcursos.com.br\/portal\/wp-json\/wp\/v2\/posts\/110197\/revisions\/254957"}],"wp:attachment":[{"href":"https:\/\/www.novaconcursos.com.br\/portal\/wp-json\/wp\/v2\/media?parent=110197"}],"wp:term":[{"taxonomy":"category","embeddable":true,"href":"https:\/\/www.novaconcursos.com.br\/portal\/wp-json\/wp\/v2\/categories?post=110197"},{"taxonomy":"post_tag","embeddable":true,"href":"https:\/\/www.novaconcursos.com.br\/portal\/wp-json\/wp\/v2\/tags?post=110197"}],"curies":[{"name":"wp","href":"https:\/\/api.w.org\/{rel}","templated":true}]}}