{"id":111082,"date":"2022-04-28T11:40:19","date_gmt":"2022-04-28T14:40:19","guid":{"rendered":"https:\/\/www.novaconcursos.com.br\/portal\/?post_type=nc-public-tender&#038;p=111082"},"modified":"2024-12-16T09:53:19","modified_gmt":"2024-12-16T12:53:19","slug":"concurso-pericia-oficial-al-edital-publicado","status":"publish","type":"post","link":"https:\/\/www.novaconcursos.com.br\/portal\/concursos\/concurso-pericia-oficial-al-edital-publicado\/","title":{"rendered":"Concurso Per\u00edcia Oficial AL: Edital publicado. Sal\u00e1rio de at\u00e9 R$ 9,6 mil!"},"content":{"rendered":"<p>Novidades para os concurseiros! Foi publicado o edital do novo <strong>concurso Per\u00edcia Oficial AL<\/strong> com a oferta de <strong>242 oportunidades.<\/strong> Ademais, 121 delas s\u00e3o imediatas, enquanto as outras 121 s\u00e3o voltadas para a forma\u00e7\u00e3o de um <strong>cadastro reserva.<\/strong><\/p>\n<p>Al\u00e9m disso, os cargos contemplados pelo edital possuem como exig\u00eancias os<strong> n\u00edveis m\u00e9dio e superior<\/strong> de escolaridade. Ademais, as inscri\u00e7\u00f5es ocorrer\u00e3o entre os meses de<strong> maio e junho<\/strong>, com provas que ocorrer\u00e3o <strong>em julho.<\/strong><\/p>\n<p>Sendo assim, se voc\u00ea se interessa pela sele\u00e7\u00e3o, confira <strong>todos os detalhes<\/strong> a seguir!<\/p>\n<ul><li><a class=\"_ps2id\" href=\"#inscri%C3%A7%C3%B5es\" data-ps2id-offset=\"\">Inscri\u00e7\u00f5es<\/a>\n<ul><li><a class=\"_ps2id\" href=\"#isen%C3%A7%C3%A3o\" data-ps2id-offset=\"\">Isen\u00e7\u00e3o de taxa<\/a><\/li>\n<\/ul><\/li>\n<li><a class=\"_ps2id\" href=\"#vagas\" data-ps2id-offset=\"\">Vagas, cargos e sal\u00e1rios<\/a><\/li>\n<li><a class=\"_ps2id\" href=\"#requisitos\" data-ps2id-offset=\"\">Requisitos<\/a><\/li>\n<li><a class=\"_ps2id\" href=\"#provas\" data-ps2id-offset=\"\">Provas<\/a><\/li>\n<li><a class=\"_ps2id\" href=\"#sobre\" data-ps2id-offset=\"\">Sobre a Per\u00edcia Oficial AL<\/a><\/li>\n<\/ul><p>\u00a0<\/p>\n<h2 id=\"ps2id-idinscries-targetconcurso-percia-oficial-al-inscries\">[ps2id id=\u2019inscri\u00e7\u00f5es\u2019 target=\u201d\/]Concurso Per\u00edcia Oficial AL: inscri\u00e7\u00f5es<\/h2>\n<p>Sendo assim, antes de mais nada \u00e9 essencial que os concurseiros interessados no novo concurso Per\u00edcia Oficial AL saibam que poder\u00e3o realizar sua inscri\u00e7\u00e3o <strong>entre os dias 16 de maio e 24 de junho<\/strong> de 2022 por meio do site da banca organizadora do certame, o <a href=\"https:\/\/www.cebraspe.org.br\/\" target=\"_blank\" rel=\"noopener noreferrer\">Cebraspe.<\/a><\/p>\n<p>Al\u00e9m disso, para efetivar a participa\u00e7\u00e3o \u00e9 necess\u00e1rio que <strong>at\u00e9 o dia 28 de junho<\/strong> os candidatos efetuem o pagamento da <strong>taxa de inscri\u00e7\u00e3o,<\/strong> cujo valor varia conforme o n\u00edvel de escolaridade, sendo:<\/p>\n<ul><li><strong>N\u00edvel M\u00e9dio: <\/strong>R$ 95,00<\/li>\n<li><strong>N\u00edvel Superior:<\/strong> R$ 200,00<\/li>\n<\/ul><p>\u00a0<\/p>\n<p>Estude para o concurso dos seus sonhos com a <a href=\"https:\/\/aprovacao.novaconcursos.com.br\/assinatura\" target=\"_blank\" rel=\"noopener noreferrer\">Assinatura Completa da Nova.<\/a> Tenha acesso a <strong>Cursos, Plataforma de Quest\u00f5es, Eventos Exclusivos<\/strong> para Assinantes e Muito Mais!<\/p>\n<h3>[ps2id id=\u2019isen\u00e7\u00e3o\u2019 target=\u201d\/]Isen\u00e7\u00e3o de taxa<\/h3>\n<p>\u00c9 igualmente essencial que os concurseiros saibam que <strong>entre os dias 16 e 25 de maio<\/strong> poder\u00e3o efetuar a solicita\u00e7\u00e3o de <strong>isen\u00e7\u00e3o de taxa<\/strong> aqueles que se encaixam nos perfis a seguir:<\/p>\n<ul><li>candidato desempregado;<\/li>\n<li>candidato carente;<\/li>\n<li>doador volunt\u00e1rio de sangue;<\/li>\n<li>trabalhador que ganha at\u00e9 um sal\u00e1rio m\u00ednimo por m\u00eas.<\/li>\n<\/ul><p>\u00a0<\/p>\n<h2 id=\"ps2id-idvagas-targetvagas-cargos-e-salrios\">[ps2id id=\u2019vagas\u2019 target=\u201d\/]Vagas, cargos e sal\u00e1rios<\/h2>\n<p>Portanto, o novo concurso Per\u00edcia Oficial de <a href=\"https:\/\/www.novaconcursos.com.br\/portal\/concursos-abertos\/al\/\">Alagoas<\/a> oferta <strong>242 oportunidades<\/strong> entre cargos de <strong>n\u00edveis m\u00e9dio e superior.<\/strong> Ademais, 121 delas s\u00e3o imediatas, enquanto as demais 121 s\u00e3o destinadas a forma\u00e7\u00e3o de <strong>cadastro reserva.<\/strong><\/p>\n<p>Sendo assim, confira a <strong>distribui\u00e7\u00e3o das oportunidades<\/strong> imediatas entre os cargos contemplados pelo edital:<\/p>\n<p><strong>N\u00edvel M\u00e9dio<\/strong><\/p>\n<ul><li>Auxiliar de Per\u00edcia (40)<\/li>\n<li>T\u00e9cnico Forense (14)<\/li>\n<\/ul><p>\u00a0<\/p>\n<p><strong>N\u00edvel Superior<\/strong><\/p>\n<ul><li>Papiloscopista (11)<\/li>\n<li>Perito Criminal:\n<ul><li>An\u00e1lise de Sistemas\/Ci\u00eancias da Computa\u00e7\u00e3o\/Inform\u00e1tica\/Tecnologia de Processamento de Dados\/Sistemas de Informa\u00e7\u00e3o\/Engenharia da Computa\u00e7\u00e3o\/Engenharia de Software (4);<\/li>\n<li>Biomedicina e Ci\u00eancias Biol\u00f3gicas (4);<\/li>\n<li>Ci\u00eancias Cont\u00e1beis\/Econ\u00f4micas e Administra\u00e7\u00e3o (2);<\/li>\n<li>Engenharia Civil (3);<\/li>\n<li>Direito (2);<\/li>\n<li>Engenharia El\u00e9trica\/ Eletr\u00f4nica\/de Redes de Comunica\u00e7\u00e3o \/ de Redes de Telecomunica\u00e7\u00e3o (2);<\/li>\n<li>Engenharia Mec\u00e2nica\/Mecatr\u00f4nica (3);<\/li>\n<li>Farm\u00e1cia (4);<\/li>\n<li>Engenharia Qu\u00edmica\/Bioqu\u00edmica\/Qu\u00edmica\/Qu\u00edmica Industrial (4);<\/li>\n<li>F\u00edsica (1);<\/li>\n<li>Fonoaudiologia (1);<\/li>\n<li>Geologia\/Mineralogia\/Engenharia Agron\u00f4mica\/Engenharia de Agrimensura\/Engenharia Florestal (2);<\/li>\n<\/ul><\/li>\n<li>Perito M\u00e9dico Legista (21);<\/li>\n<li>Perito Odontolegista (5).<\/li>\n<\/ul><p>\u00a0<\/p>\n<p>Al\u00e9m disso, os<strong> sal\u00e1rios<\/strong> a serem recebidos pelos aprovados no concurso p\u00fablico variam entre <strong>R$ 2.760,83 e R$ 9.646,81,<\/strong> a depender do cargo escolhido pelo candidato.<\/p>\n<p>Ademais, vale frisar que os contratados ser\u00e3o lotados nas cidades de <strong>Macei\u00f3 ou Arapiraca.<\/strong><\/p>\n<h2 id=\"ps2id-idrequisitos-targetquais-so-os-requisitos-bsicos\">[ps2id id=\u2019requisitos\u2019 target=\u201d\/]Quais s\u00e3o os requisitos b\u00e1sicos?<\/h2>\n<p>\u00c9 igualmente essencial que os candidatos do concurso Per\u00edcia Oficial AL saibam que para a investidura nos cargos dever\u00e3o cumprir com os seguintes <strong>requisitos b\u00e1sicos:<\/strong><\/p>\n<ul><li>ter a nacionalidade brasileira ou portuguesa e, no caso de nacionalidade portuguesa, estar amparado pelo estatuto de igualdade entre brasileiros e portugueses, com reconhecimento do gozo dos direitos pol\u00edticos, nos termos do \u00a7 1\u00ba do art. 12 da Constitui\u00e7\u00e3o Federal;<\/li>\n<li>na data da posse, ter os requisitos constantes do item 2 deste edital;<\/li>\n<li>idade m\u00ednima de 18 anos na data da posse;<\/li>\n<li>ter aptid\u00e3o f\u00edsica e intelectual, comprovadas por meio de exames espec\u00edficos;<\/li>\n<li>ter sanidade f\u00edsica e mental;<\/li>\n<li>possuir bons antecedentes, comprovados atrav\u00e9s de Certid\u00f5es de antecedentes criminais da Justi\u00e7a Federal, da Justi\u00e7a Estadual, da Justi\u00e7a Eleitoral e da Pol\u00edcia Judici\u00e1ria da(s) jurisdi\u00e7\u00e3o(\u00f5es) onde residiu nos \u00faltimos cinco anos;<\/li>\n<li>estar quite com o servi\u00e7o militar, se do sexo masculino;<\/li>\n<li>estar quite com as obriga\u00e7\u00f5es eleitorais;<\/li>\n<li>n\u00e3o estar exercendo nem ter exercido atividades prejudiciais ou perigosas \u00e0 Seguran\u00e7a Nacional;<\/li>\n<li>ser aprovado, dentro do n\u00famero de vagas oferecidas, no concurso p\u00fablico objeto deste edital;<\/li>\n<li>possuir conduta ilibada.<\/li>\n<\/ul><p>\u00a0<\/p>\n<h2 id=\"ps2id-idprovas-targetconcurso-percia-oficial-al-provas\">[ps2id id=\u2019provas\u2019 target=\u201d\/]Concurso Per\u00edcia Oficial AL: provas<\/h2>\n<p>Al\u00e9m disso, por fim, \u00e9 imprescind\u00edvel que os interessados na nova <a href=\"https:\/\/www.novaconcursos.com.br\/portal\/concursos-previstos\/al\/\">sele\u00e7\u00e3o<\/a> saibam que ser\u00e3o avaliados por meio de<strong> Provas Objetivas e Provas Discursivas<\/strong>, essa \u00faltima somente para os cargos de <strong>n\u00edvel superior,<\/strong> al\u00e9m de Investiga\u00e7\u00e3o Social e Curso de Forma\u00e7\u00e3o<\/p>\n<p>Ademais, as avalia\u00e7\u00f5es j\u00e1 est\u00e3o previstas para serem aplicadas no dia <strong>31 de julho,<\/strong> em Macei\u00f3, no turno da manh\u00e3 para <strong>n\u00edvel superior<\/strong> e no turno da tarde para<strong> n\u00edvel m\u00e9dio.<\/strong><\/p>\n<p>Nesse sentido, para as provas objetivas os candidatos dever\u00e3o responder a<strong> 120 quest\u00f5es<\/strong> de m\u00faltipla escolha acerca de diversas disciplinas, que variam conforme o cargo. Sendo assim, algumas das <strong>disciplinas<\/strong> ser\u00e3o as seguintes:<\/p>\n<ul><li>L\u00edngua Portuguesa<\/li>\n<li>No\u00e7\u00f5es de Inform\u00e1tica<\/li>\n<li>Racioc\u00ednio Logico<\/li>\n<li>Conhecimentos Gerais\/Atualidades<\/li>\n<li>Criminal\u00edstica<\/li>\n<li>No\u00e7\u00f5es de:\n<ul><li>Direito Administrativo<\/li>\n<li>Direito Constitucional<\/li>\n<li>Medicina Legal<\/li>\n<li>Direito Penal<\/li>\n<li>Direito Processual Penal<\/li>\n<\/ul><\/li>\n<li>Matem\u00e1tica<\/li>\n<li>Conhecimentos Espec\u00edficos<\/li>\n<\/ul><p>\u00a0<\/p>\n<p>Por outro lado, as <strong>provas discursivas<\/strong> consistir\u00e3o na elabora\u00e7\u00e3o de uma<strong> reda\u00e7\u00e3o<\/strong> de, no m\u00e1ximo, <strong>30 linhas<\/strong> acerca do tema de Atualidades.<\/p>\n<h2 id=\"ps2id-idsobre-targetsobre-a-percia-oficial\">[ps2id id=\u2019sobre\u2019 target=\u201d\/]Sobre a Per\u00edcia Oficial<\/h2>\n<p>A Per\u00edcia Oficial do Estado de Alagoas (POAL), inscrita no CNPJ 13.898.581\/0001-72, \u00e9 \u00d3rg\u00e3o de Execu\u00e7\u00e3o da Secretaria de Estado da Seguran\u00e7a P\u00fablica que tem como fun\u00e7\u00e3o coordenar as atividades desenvolvidas pelas per\u00edcias criminais do Estado atrav\u00e9s dos seus respectivos \u00f3rg\u00e3os.<\/p>\n<p>A Per\u00edcia Oficial \u00e9 desvinculada da Pol\u00edcia Civil e trabalha em estreita coopera\u00e7\u00e3o com todos os \u00f3rg\u00e3os de seguran\u00e7a p\u00fablica do Estado e com a Justi\u00e7a de Alagoas.<\/p>\n<p>Inicialmente, a Per\u00edcia Oficial foi chamada de Centro de Per\u00edcias Forenses do Estado de Alagoas (CPFOR\/AL), criada atrav\u00e9s da LEI N\u00ba 6.447, DE 02 DE JANEIRO DE 2004 que modificou a estrutura da Secretaria Coordenadora de Justi\u00e7a e Defesa Social que constava na Lei Delegada n\u00ba 35, de 23 de abril de 2003.<\/p>\n<p>As altera\u00e7\u00f5es que passaram a vigorar com a publica\u00e7\u00e3o no di\u00e1rio oficial traziam na Se\u00e7\u00e3o VII, dos artigos 41 a 49 as atribui\u00e7\u00f5es do Centro de Per\u00edcias Forenses do Estado de Alagoas (CPFOR\/AL), e dos \u00f3rg\u00e3os que comp\u00f5em sua estrutura: os Institutos de Criminal\u00edstica, de Identifica\u00e7\u00e3o, bem como o de Medicina Legal.<\/p>\n<p>No ano seguinte o Governo do Estado promulgou a\u00a0LEI ESTADUAL N\u00ba 6.595, DE 14 DE ABRIL DE 2005.\u00a0que disp\u00f5e sobre a carreira de Per\u00edcias Forenses do servi\u00e7o Civil do Poder Executivo, a qual foi alterada por meio das\u00a0LEI ESTADUAL N\u00ba 7.086, DE 31 DE JULHO DE 2009\u00a0e\u00a0LEI N\u00ba 7.385, DE 26 DE JULHO DE 2012.<\/p>\n<p>Em 08 de abril de 2011 com a publica\u00e7\u00e3o\u00a0LEI DELEGADA ESTADUAL N\u00ba 44\u00a0o \u00f3rg\u00e3o alterou sua nomenclatura, passando a se chamar Per\u00edcia Oficial do Estado de Alagoas.<\/p>","protected":false},"excerpt":{"rendered":"<p>Novidades para os concurseiros! Foi publicado o edital do novo concurso Per\u00edcia Oficial AL com a oferta de 242 oportunidades. Ademais, 121 delas s\u00e3o imediatas, enquanto as outras 121 s\u00e3o voltadas para a forma\u00e7\u00e3o de um cadastro reserva.<br \/>\nAl\u00e9m disso, os cargos contemplados pelo edital possuem como exig\u00eancias os n\u00edveis m\u00e9dio e superior de escolaridade. Ademais, as inscri\u00e7\u00f5es ocorrer\u00e3o entre os meses de maio e junho, com provas que ocorrer\u00e3o em julho.<br \/>\nSendo assim, se voc\u00ea se interessa pela sele\u00e7\u00e3o, confira todos os detalhes a seguir!<\/p>\n","protected":false},"author":54662,"featured_media":158083,"comment_status":"closed","ping_status":"closed","sticky":false,"template":"","format":"standard","meta":{"_acf_changed":false,"footnotes":"","_wp_rev_ctl_limit":""},"categories":[44999],"tags":[],"class_list":["post-111082","post","type-post","status-publish","format-standard","has-post-thumbnail","hentry","category-concursos"],"acf":[],"_links":{"self":[{"href":"https:\/\/www.novaconcursos.com.br\/portal\/wp-json\/wp\/v2\/posts\/111082","targetHints":{"allow":["GET"]}}],"collection":[{"href":"https:\/\/www.novaconcursos.com.br\/portal\/wp-json\/wp\/v2\/posts"}],"about":[{"href":"https:\/\/www.novaconcursos.com.br\/portal\/wp-json\/wp\/v2\/types\/post"}],"author":[{"embeddable":true,"href":"https:\/\/www.novaconcursos.com.br\/portal\/wp-json\/wp\/v2\/users\/54662"}],"replies":[{"embeddable":true,"href":"https:\/\/www.novaconcursos.com.br\/portal\/wp-json\/wp\/v2\/comments?post=111082"}],"version-history":[{"count":16,"href":"https:\/\/www.novaconcursos.com.br\/portal\/wp-json\/wp\/v2\/posts\/111082\/revisions"}],"predecessor-version":[{"id":160909,"href":"https:\/\/www.novaconcursos.com.br\/portal\/wp-json\/wp\/v2\/posts\/111082\/revisions\/160909"}],"wp:featuredmedia":[{"embeddable":true,"href":"https:\/\/www.novaconcursos.com.br\/portal\/wp-json\/wp\/v2\/media\/158083"}],"wp:attachment":[{"href":"https:\/\/www.novaconcursos.com.br\/portal\/wp-json\/wp\/v2\/media?parent=111082"}],"wp:term":[{"taxonomy":"category","embeddable":true,"href":"https:\/\/www.novaconcursos.com.br\/portal\/wp-json\/wp\/v2\/categories?post=111082"},{"taxonomy":"post_tag","embeddable":true,"href":"https:\/\/www.novaconcursos.com.br\/portal\/wp-json\/wp\/v2\/tags?post=111082"}],"curies":[{"name":"wp","href":"https:\/\/api.w.org\/{rel}","templated":true}]}}