{"id":111279,"date":"2021-01-04T11:12:46","date_gmt":"2021-01-04T14:12:46","guid":{"rendered":"https:\/\/www.novaconcursos.com.br\/portal\/?p=111279"},"modified":"2024-11-08T14:29:16","modified_gmt":"2024-11-08T17:29:16","slug":"editais-sul","status":"publish","type":"post","link":"https:\/\/www.novaconcursos.com.br\/portal\/noticias\/editais-sul\/","title":{"rendered":"Editais Sul: Confira os concursos 2021 previstos para a Regi\u00e3o!"},"content":{"rendered":"<p>Paran\u00e1, Santa Catarina e Rio Grande do Sul contam com previs\u00e3o de vagas em todos os n\u00edveis para 2021!<\/p>\n\n\n\n<h2 class=\"wp-block-heading\" id=\"editais-regio-sul\">Editais Regi\u00e3o Sul<\/h2>\n\n\n\n<p><strong>Na regi\u00e3o Sul do pa\u00eds<\/strong>, v\u00e1rios \u00f3rg\u00e3os devem abrir<a href=\"https:\/\/www.novaconcursos.com.br\/\"> certames p\u00fablicos <\/a>em 2021. Os <a href=\"https:\/\/www.novaconcursos.com.br\/\">editais<\/a> que est\u00e3o previstos s\u00e3o para diversas \u00e1reas como <strong>Sa\u00fade e Educa\u00e7\u00e3o al\u00e9m do Minist\u00e9rio P\u00fablico e conselhos.<\/strong><\/p>\n\n\n\n<p>Os <strong>tr\u00eas estados da Regi\u00e3o Sul<\/strong> ir\u00e3o ofertar oportunidades para ingresso no servi\u00e7o p\u00fablico em<strong> todos os n\u00edveis de escolaridade<\/strong>. A <a href=\"https:\/\/www.novaconcursos.com.br\/\">Nova Concursos <\/a>preparou esse artigo com os principais <a href=\"https:\/\/www.novaconcursos.com.br\/\">concursos<\/a> previstos para o sul do pa\u00eds em 2021. <strong>N\u00e3o deixe de conferir!<\/strong><\/p>\n\n\n\n<h2 class=\"wp-block-heading\" id=\"selees-paran\">Sele\u00e7\u00f5es Paran\u00e1<\/h2>\n\n\n\n<h3 class=\"wp-block-heading\">TJ PR<\/h3>\n\n\n\n<p>Em outubro de 2020 foi publicado o regulamento do<a href=\"https:\/\/www.novaconcursos.com.br\/\"> certame<\/a> para vagas de <strong>juiz substituto<\/strong>. O <a href=\"https:\/\/www.novaconcursos.com.br\/\">edital<\/a> estava previsto para ser divulgado em dezembro com provas em abril, mas vai ficar para <strong>2021.<\/strong><\/p>\n\n\n\n<p><\/p><p>A carreira \u00e9 direcionada a profissionais com <strong>bacharelado em Direito<\/strong> e que tenham, no m\u00ednimo,<strong> tr\u00eas anos.<\/strong> <strong>Os interessados ainda devem ter exerc\u00edcio de atividade jur\u00eddica comprovada pelo mesmo per\u00edodo<\/strong>. O ganho inicial \u00e9 de <strong>R$ 24.818,89.<\/strong><\/p>\n[btnnova href=\u201dhttps:\/\/www.novaconcursos.com.br\/curso-online\/tj-pr-tecnico-judiciario-1-grau\u201d class=\u201dyellow\u201d target=\u201dtrue\u201d content=\u201dCurso Online Completo TJ \u2013 PR\u201d position=\u201dcenter\u201d promo-name=\u201dlink-produto\u201d]\n\n\n\n<h3 class=\"wp-block-heading\">DPE PR<\/h3>\n\n\n\n<p>O <strong><a href=\"https:\/\/www.novaconcursos.com.br\/\">certame <\/a>DPE PR<\/strong> dever\u00e1 contar com <strong>quatro vagas imediatas mais cadastro de reserva<\/strong>. Inicialmente estavam previstas<strong> 12 vagas imediatas<\/strong>, por\u00e9m em novembro foi publicada uma portaria com a <strong>redu\u00e7\u00e3o<\/strong>. Conforme o documento assinado pelo defensor p\u00fablico-geral do Paran\u00e1, Eduardo Pi\u00e3o Ortiz Abra\u00e3o, existe uma <strong>urg\u00eancia pela realiza\u00e7\u00e3o da <a href=\"https:\/\/www.novaconcursos.com.br\/\">sele\u00e7\u00e3o<\/a> DPE.<\/strong><\/p>\n\n\n\n<p>O cargo de <strong>defensor p\u00fablico<\/strong> tem como exig\u00eancia <strong>n\u00edvel superior em Direito <\/strong>e, no m\u00ednimo, tr\u00eas anos de pr\u00e1tica profissional na <strong>\u00e1rea jur\u00eddica.<\/strong><\/p>\n\n\n\n<p>O \u00f3rg\u00e3o tamb\u00e9m tem aval para realizar a <a href=\"https:\/\/www.novaconcursos.com.br\/\">sele\u00e7\u00e3o<\/a> DPE RR para \u00e1rea de apoio.<strong> O<a href=\"https:\/\/www.novaconcursos.com.br\/\"> edital<\/a>, previsto para o segundo semestre de 2021, contar\u00e1 com oportunidades para carreiras de<\/strong> Direito; Inform\u00e1tica; Engenharia; Contabilidade; Administra\u00e7\u00e3o; Estat\u00edstica; Economia; Secretariado Executivo.<\/p>\n\n\n\n<p>Al\u00e9m de T\u00e9cnico em Inform\u00e1tica; T\u00e9cnico Administrativo; T\u00e9cnico em Recursos Humanos; Psicologia; e Assist\u00eancia Social. Nesse caso, para se candidatar ser\u00e1 preciso ter <strong>gradua\u00e7\u00e3o completa na \u00e1rea de interesse.<\/strong><\/p>\n\n\n\n<p>No caso dos cargos t\u00e9cnicos, o requisito ser\u00e1 o <strong>n\u00edvel m\u00e9dio t\u00e9cnico no segmento desejado<\/strong>. Os ganhos para as carreiras, considerando o \u00faltimo <a href=\"https:\/\/www.novaconcursos.com.br\/\">edital,<\/a> ser\u00e3o de <strong>R$ 3.373,57<\/strong> (graduados) e <strong>R$ 1.405,66<\/strong> (m\u00e9dio\/t\u00e9cnico).<\/p>\n\n\n\n<p><a href=\"https:\/\/www.novaconcursos.com.br\/portal\/concursos\/concurso-dpe-pr\/?q=DPE%20PR\" target=\"_blank\" rel=\"noreferrer noopener\" aria-label=\"\u21d2 Confira sobre o concurso DPE PR! \u21d0 (abre numa nova aba)\">\u21d2 Confira sobre o concurso DPE PR! \u21d0<\/a><\/p>\n\n\n\n<h3 class=\"wp-block-heading\">SEED PR<\/h3>\n\n\n\n<p> Foi\u00a0<strong>divulgado o edital<\/strong>\u00a0do novo\u00a0<a href=\"https:\/\/www.novaconcursos.com.br\/\">concurso\u00a0<\/a><strong>SEED PR<\/strong>\u00a0(Secretaria de Estado de Educa\u00e7\u00e3o e do Esporte do Paran\u00e1). As oportunidades s\u00e3o destinadas para a \u00e1rea de Educa\u00e7\u00e3o,\u00a0<strong>no cargo de Professor<\/strong>, com sal\u00e1rios de at\u00e9\u00a0<strong>R$ 2,5 mil<\/strong>. <\/p>\n\n\n\n<p>Conforme informa\u00e7\u00f5es do documento, a nova data ficou para o pr\u00f3ximo ano. Agora,\u00a0<strong>os candidatos ser\u00e3o avaliados no dia<\/strong>\u00a0<strong>10 de janeiro de 2021<\/strong>. J\u00e1 os locais de aplica\u00e7\u00e3o das provas, ser\u00e3o divulgados no dia\u00a0<strong>30 de dezembro de 2020<\/strong>.<\/p>\n\n\n\n<p>O\u00a0<a href=\"https:\/\/www.novaconcursos.com.br\/\">certame<\/a>\u00a0visa a contrata\u00e7\u00e3o tempor\u00e1ria para o exerc\u00edcio das fun\u00e7\u00f5es de\u00a0<strong>Professor e de Professor Pedagogo<\/strong>.<\/p>\n\n\n\n<p><a href=\"https:\/\/www.novaconcursos.com.br\/portal\/concursos\/concurso-seed-pr\/?q=SEED%20PR\" target=\"_blank\" rel=\"noreferrer noopener\" aria-label=\"\u21d2 Confira tudo sobre o concurso SEED PR! \u21d0 (abre numa nova aba)\">\u21d2 Confira tudo sobre o concurso SEED PR! \u21d0<\/a><\/p>\n\n\n\n<h3 class=\"wp-block-heading\">Pol\u00edcia Cient\u00edfica PR<\/h3>\n\n\n\n<p>Pela segunda vez em 2020, o\u00a0<a href=\"https:\/\/www.novaconcursos.com.br\/\">concurso<\/a>\u00a0Pol\u00edcia Cient\u00edfica do Paran\u00e1\u00a0<strong>ampliou o n\u00famero de vagas para os cargos de Perito e Auxiliar<\/strong>.<\/p>\n\n\n\n<p>Dessa maneira, a<a href=\"https:\/\/www.novaconcursos.com.br\/\">\u00a0sele\u00e7\u00e3o<\/a>\u00a0conta com mais<strong> 29 vagas<\/strong>, sendo contempladas cinco \u00e1reas da carreira de <strong>Perito Criminal<\/strong>. Com isso,\u00a0<strong>agora o edital conta com 352 vagas!<\/strong><\/p>\n\n\n\n<p>Do quantitativo total,\u00a0<strong>foram contempladas cinco \u00e1reas do cargo de Perito Criminal<\/strong>. Vale ressaltar, que o <a href=\"https:\/\/www.novaconcursos.com.br\/\">edital<\/a> de abertura da <a href=\"https:\/\/www.novaconcursos.com.br\/\">sele\u00e7\u00e3o <\/a>ofereceu vagas para mais\u00a0<strong>08 fun\u00e7\u00f5es<\/strong>, no cargo de auxiliar. <\/p>\n\n\n\n<p><a href=\"https:\/\/www.novaconcursos.com.br\/portal\/concursos\/concurso-policia-cientifica-do-parana\/?q=POL%C3%8DCIA%20C\" target=\"_blank\" rel=\"noreferrer noopener\" aria-label=\"\u21d2 Confira tudo sobre o concurso Pol\u00edcia Cient\u00edfica PR! \u21d0 (abre numa nova aba)\">\u21d2 Confira tudo sobre o concurso Pol\u00edcia Cient\u00edfica PR! \u21d0<\/a><\/p>\n\n\n\n<h3 class=\"wp-block-heading\">Sefaz PR<\/h3>\n\n\n\n<p>Mesmo com as\u00a0<strong>recentes tramita\u00e7\u00f5es no processo<\/strong>\u00a0que pretende selecionar integrantes para a\u00a0<strong>Comiss\u00e3o Organizadora<\/strong>, o\u00a0<a href=\"https:\/\/www.novaconcursos.com.br\/\">certame<\/a>\u00a0da Secretaria de Estado da Fazenda do Paran\u00e1\u00a0<strong>dever\u00e1 acontecer somente em 2021.<\/strong><\/p>\n\n\n\n<p>At\u00e9 ent\u00e3o, al\u00e9m de estar em processo de escolha dos\u00a0<strong>novos integrantes da Comiss\u00e3o Organizadora<\/strong>, o\u00a0<a href=\"https:\/\/www.novaconcursos.com.br\/\">concurso<\/a>\u00a0est\u00e1 em fase de processo sobre o estado. Portanto, est\u00e1 dependendo da\u00a0<strong>autoriza\u00e7\u00e3o do chefe do poder executivo.<\/strong><\/p>\n\n\n\n<p>Segundo informa\u00e7\u00f5es da\u00a0<strong>Sefaz PR<\/strong>, o pedido com as vagas a serem ofertadas no\u00a0<a href=\"https:\/\/www.novaconcursos.com.br\/\">certame\u00a0<\/a>deve ser enviado ao governo at\u00e9 o final de 2020. \u00c9 previsto que sejam solicitadas\u00a0<strong>100 vagas<\/strong>, sendo\u00a0<strong>50<\/strong>\u00a0para o cargo de\u00a0<strong>Auditor Fiscal<\/strong>\u00a0e\u00a0<strong>50<\/strong>\u00a0para o de\u00a0<strong>Agente Fazend\u00e1rio.<\/strong><\/p>\n\n\n\n<p><a href=\"https:\/\/www.novaconcursos.com.br\/portal\/concursos\/concurso-sefaz-pr\/?q=SEFAZ%20PR\" target=\"_blank\" rel=\"noreferrer noopener\" aria-label=\"\u21d2 Confira tudo sobre o concurso Sefaz PR! \u21d0 (abre numa nova aba)\">\u21d2 Confira tudo sobre o concurso Sefaz PR! \u21d0<\/a><\/p>\n\n\n\n<h3 class=\"wp-block-heading\">Curitiba PR<\/h3>\n\n\n\n<p>A Prefeitura de Curitiba, capital do Paran\u00e1, tamb\u00e9m pode realizar nova <a href=\"https:\/\/www.novaconcursos.com.br\/\">sele\u00e7\u00e3o<\/a> para Sa\u00fade. No dia 11 de mar\u00e7o, o <strong>Conselho Municipal de Sa\u00fade <\/strong>recomendou a publica\u00e7\u00e3o de um novo <a href=\"https:\/\/www.novaconcursos.com.br\/\">edital<\/a> para diversos cargos.<\/p>\n\n\n\n<p>Com 29 votos favor\u00e1veis, um contr\u00e1rio e uma absten\u00e7\u00e3o, a recomenda\u00e7\u00e3o foi aprovada e dever\u00e1 ser executada pela<strong> Secretaria da Sa\u00fade (SMS)<\/strong>. O <a href=\"https:\/\/www.novaconcursos.com.br\/\">certame<\/a> Curitiba ter\u00e1 como principal objetivo reduzir o d\u00e9ficit de servidores.<\/p>\n\n\n\n<p>\u21d2 Saiba mais sobre o concurso Curitiba PR! \u21d0<\/p>\n\n\n\n<h2 class=\"wp-block-heading\" id=\"selees-santa-catarina\">Sele\u00e7\u00f5es Santa Catarina<\/h2>\n\n\n\n<h3 class=\"wp-block-heading\">TCE SC<\/h3>\n\n\n\n<p>O <strong>Tribunal de Contas do Estado de Santa Catarina <\/strong>prepara uma nova <strong><a href=\"https:\/\/www.novaconcursos.com.br\/\">sele\u00e7\u00e3o<\/a> TCE SC<\/strong> com <strong>160 vagas <\/strong>para <strong>auditor fiscal de controle externo, <\/strong>cargo de <strong>n\u00edvel superior<\/strong>. Do total, <strong>40<\/strong> oportunidades ser\u00e3o para contrata\u00e7\u00e3o imediata e <strong>120<\/strong> para forma\u00e7\u00e3o de cadastro de reserva.<\/p>\n\n\n\n<p><strong>Entre as chances imediatas, as \u00e1reas contempladas ser\u00e3o:<\/strong> Administra\u00e7\u00e3o (seis vagas); Ci\u00eancia da Computa\u00e7\u00e3o (oito); Ci\u00eancias Cont\u00e1beis (nove); Direito (dez); Ci\u00eancia Econ\u00f4micas (tr\u00eas); Engenharia Civil (quatro).<\/p>\n\n\n\n<p>Para ingressar na carreira \u00e9 necess\u00e1rio ter o<strong> n\u00edvel superior na \u00e1rea de escolha<\/strong>. Os auditores t\u00eam remunera\u00e7\u00e3o inicial de <strong>R$ 14.502,59<\/strong> por m\u00eas. Devido ao Coronav\u00edrus, o tribunal optou por <strong>suspender a publica\u00e7\u00e3o do<\/strong> <strong><a href=\"https:\/\/www.novaconcursos.com.br\/\">edital<\/a> do certame TCE SC.<\/strong> O contrato com o <strong>Cebraspe<\/strong> para organizar a <a href=\"https:\/\/www.novaconcursos.com.br\/\">sele\u00e7\u00e3o<\/a> tamb\u00e9m foi suspenso.<\/p>\n\n\n\n<p>Segundo o \u00f3rg\u00e3o, o<a href=\"https:\/\/www.novaconcursos.com.br\/\"> edital <\/a>e aplica\u00e7\u00e3o das provas estavam previstos para 2020, assim como a posse dos aprovados. <em>\u201cA ideia \u00e9 selecionar o pessoal e dar posse ainda em 2020\u201d<\/em>, adiantou o conselheiro Adirc\u00e9lio de Moraes <strong>Ferreira J\u00fanior<\/strong>, <strong>presidente do TCE.<\/strong><\/p>\n\n\n\n<p><a href=\"https:\/\/www.novaconcursos.com.br\/portal\/concursos\/concurso-tce-sc\/?q=TCE%20SC\" target=\"_blank\" rel=\"noreferrer noopener\" aria-label=\"\u21d2 Confira tudo sobre o concurso TCE SC! \u21d0 (abre numa nova aba)\">\u21d2 Confira tudo sobre o concurso TCE SC! \u21d0<\/a><\/p>\n\n\n\n<h3 class=\"wp-block-heading\">TJ SC<\/h3>\n\n\n\n<p>O <strong>Tribunal de Justi\u00e7a do Estado de Santa Catarina<\/strong> tamb\u00e9m tem preparativos em andamento para nova <a href=\"https:\/\/www.novaconcursos.com.br\/\">sele\u00e7\u00e3o<\/a>. A oferta ser\u00e1 para<strong> juiz substituto<\/strong>, cujo requisito \u00e9 o <strong>n\u00edvel superior em Direito<\/strong>, na modalidade <strong>Bacharelado<\/strong>, com forma\u00e7\u00e3o h\u00e1, no m\u00ednimo, <strong>tr\u00eas anos.<\/strong><\/p>\n\n\n\n<p>\u00c9 necess\u00e1rio ainda comprovar tempo de atividade jur\u00eddica. A carreira tem remunera\u00e7\u00e3o de <strong>R$ 28.883,98.<\/strong> A <a href=\"https:\/\/www.novaconcursos.com.br\/\">sele\u00e7\u00e3o<\/a><strong> TJ SC <\/strong>para <strong>juiz <\/strong>j\u00e1 conta com comiss\u00e3o organizadora formada para orientar a publica\u00e7\u00e3o do <a href=\"https:\/\/www.novaconcursos.com.br\/\">edital.<\/a><\/p>\n\n\n\n<h3 class=\"wp-block-heading\">Alesc<\/h3>\n\n\n\n<p>Ainda em Santa Catarina, a <strong>Assembleia Legislativa do Estado (Alesc) <\/strong>estima a abertura de <strong>nova <a href=\"https:\/\/www.novaconcursos.com.br\/\">sele\u00e7\u00e3o p\u00fablica<\/a> em 2021.<\/strong><\/p>\n\n\n\n<p>A<strong> Mesa Diretora da Assembleia Legislativa de Santa Catarina (Alesc) <\/strong>aprovou a realiza\u00e7\u00e3o de um novo <strong><a href=\"https:\/\/www.novaconcursos.com.br\/\">certame<\/a> Alesc<\/strong>. Em abril de 2020, a <strong>Alesc <\/strong>formou a comiss\u00e3o, que \u00e9 respons\u00e1vel por este tr\u00e2mite.<\/p>\n\n\n\n<p>De acordo com a Casa Legislativa, o <a href=\"https:\/\/www.novaconcursos.com.br\/\">certame<\/a> contar\u00e1 com <strong>29 vagas<\/strong>, sendo todas para <strong>analista legislativo, que exige o n\u00edvel superior.<\/strong> A carreira conta com remunera\u00e7\u00f5es de at\u00e9 <strong>R$ 8.518,77.<\/strong><\/p>\n\n\n\n<h3 class=\"wp-block-heading\">MPC SC<\/h3>\n\n\n\n<p>O<strong> Minist\u00e9rio P\u00fablico de Contas do Estado de Santa Catarina (MPC SC) <\/strong>\u00e9 mais um \u00f3rg\u00e3o com <a href=\"https:\/\/www.novaconcursos.com.br\/\">certame <\/a>previsto para 2021. A oferta ser\u00e1 para <strong>procurador,<\/strong> carreira que tem como requisito o <strong>bacharelado em Direito<\/strong> e <strong>tr\u00eas anos de atividade jur\u00eddica<\/strong> completos como experi\u00eancia, que dever\u00e1 ser comprovada no ato da <strong>inscri\u00e7\u00e3o definitiva.<\/strong><\/p>\n\n\n\n<p>O \u00f3rg\u00e3o comunicou a paralisa\u00e7\u00e3o dos preparativos da <strong><a href=\"https:\/\/www.novaconcursos.com.br\/\">sele\u00e7\u00e3o<\/a> MPC SC<\/strong> em virtude do novo Coronav\u00edrus. A expectativa, entretanto, \u00e9 que os tr\u00e2mites sejam retomados com a maior brevidade poss\u00edvel. Dados do portal da transpar\u00eancia revelam que o sal\u00e1rio atual dos procuradores \u00e9 de <strong>R$ 35.462,22.<\/strong><\/p>\n\n\n\n<p><a href=\"https:\/\/www.novaconcursos.com.br\/portal\/concursos\/concurso-mpc-sc\/\" target=\"_blank\" rel=\"noreferrer noopener\" aria-label=\"\u21d2 Confira tudo sobre o concurso MPC SC! \u21d0 (abre numa nova aba)\">\u21d2 Confira tudo sobre o concurso MPC SC! \u21d0<\/a><\/p>\n\n\n\n<h3 class=\"wp-block-heading\">Crefito 10\u00a0\u00a0\u00a0\u00a0\u00a0\u00a0\u00a0\u00a0\u00a0\u00a0\u00a0<\/h3>\n\n\n\n<p>Tamb\u00e9m em Santa Catarina, o <a href=\"https:\/\/www.novaconcursos.com.br\/\">concurso<\/a> para o<strong> Conselho Regional de Fisioterapia e Terapia Ocupacional da 10\u00aa Regi\u00e3o<\/strong> deve ser aberto em breve. Nesse caso, o <strong>Instituto Quadrix <\/strong>ser\u00e1 a banca organizadora. A oferta ser\u00e1 para cargos dos <strong>n\u00edveis m\u00e9dio e superior.<\/strong><\/p>\n\n\n\n<p><strong>De acordo com a banca, para o n\u00edvel m\u00e9dio, as chances s\u00e3o para <\/strong>escritur\u00e1rio\/recepcionista, com sal\u00e1rio inicial de<strong> R$ 2.313,70<\/strong>. J\u00e1 para o <strong>n\u00edvel superior<\/strong>, as oportunidades s\u00e3o para os cargos de agente fiscal, assessor de imprensa, administrador, contador e procurador jur\u00eddico.<\/p>\n\n\n\n<p>Para os graduados, os vencimentos ser\u00e3o vari\u00e1veis de<strong> R$ 2.600 <\/strong>e <strong>R$ 7.500. <\/strong>Todos os aprovados ainda ter\u00e3o direito a benef\u00edcios, revelados no <a href=\"https:\/\/www.novaconcursos.com.br\/\">edital.<\/a><\/p>\n\n\n\n<p><a href=\"https:\/\/www.novaconcursos.com.br\/portal\/concursos\/concurso-crefito-10\/?q=CREFITO\" target=\"_blank\" rel=\"noreferrer noopener\" aria-label=\"\u21d2 Confira tudo sobre o concurso Crefito 10! \u21d0 (abre numa nova aba)\">\u21d2 Confira tudo sobre o concurso Crefito 10! \u21d0<\/a><\/p>\n\n\n\n<h2 class=\"wp-block-heading\" id=\"concursos-rio-grande-do-sul\">Concursos Rio Grande do Sul<\/h2>\n\n\n\n<h3 class=\"wp-block-heading\">TJ RS<\/h3>\n\n\n\n<p>Mesmo depois de publicar <a href=\"https:\/\/www.novaconcursos.com.br\/\">editais<\/a> para<strong> oficial e juiz<\/strong>, o <strong>Tribunal de Justi\u00e7a <\/strong>ainda tem duas<a href=\"https:\/\/www.novaconcursos.com.br\/\"> sele\u00e7\u00f5es<\/a> pendentes, cujos preparativos foram iniciados. Uma delas contemplar\u00e1 as carreiras de para <strong>t\u00e9cnico de Inform\u00e1tica<\/strong>, <strong>desenhista e engenheiro civil<\/strong>.<\/p>\n\n\n\n<p>Em dezembro um novo <strong>Plano de Carreira \u00danico dos Servidores <\/strong>foi proposto. Ele prev\u00ea uma s\u00e9rie de mudan\u00e7as na estrutura de carreiras, incluindo remunera\u00e7\u00f5es b\u00e1sicas reajustadas, extin\u00e7\u00e3o e transforma\u00e7\u00e3o de cargos. Tem destaque o <strong>oficial de justi\u00e7a<\/strong>, que foi<strong> unificado.<\/strong><\/p>\n\n\n\n<p><\/p><p><strong>Entretanto, ao que tudo indica, o novo plano de carreiras n\u00e3o deve afetar os dois pr\u00f3ximos <a href=\"https:\/\/www.novaconcursos.com.br\/\">editais <\/a>que est\u00e3o previstos: <\/strong>para oficial de justi\u00e7a e assistente social; e nem o de engenheiros, desenhistas e t\u00e9cnicos de inform\u00e1tica.\u00a0<\/p>\n[btnnova href=\u201dhttps:\/\/www.novaconcursos.com.br\/concurso\/tj-rs-tribunal-de-justica-do-rio-grande-do-sul\/apostila\u201d class=\u201dyellow\u201d target=\u201dtrue\u201d content=\u201dApostila Completa TJ \u2013 RS\u201d position=\u201dcenter\u201d promo-name=\u201dlink-produto\u201d]\n\n\n\n<p><a href=\"https:\/\/www.novaconcursos.com.br\/portal\/concursos\/concurso-tj-rs\/\" target=\"_blank\" rel=\"noreferrer noopener\" aria-label=\"\u21d2 Saiba mais sobre o concurso TJ RS! \u21d0 (abre numa nova aba)\">\u21d2 Saiba mais sobre o concurso TJ RS! \u21d0<\/a><\/p>\n\n\n\n<h3 class=\"wp-block-heading\">MP RS<\/h3>\n\n\n\n<p>Em outubro deste ano, o <strong>MP RS<\/strong>. afirmou que trabalhava para publicar os <a href=\"https:\/\/www.novaconcursos.com.br\/\">editais<\/a>, com vagas para <strong>t\u00e9cnicos e analistas<\/strong>, em 2020 ou no in\u00edcio de 2021. J\u00e1 em dezembro, o \u00f3rg\u00e3o indicou que o documento deve mesmo ficar para o <strong>in\u00edcio deste ano.<\/strong><\/p>\n\n\n\n<p>Para concorrer ao <strong>cargo de analista<\/strong>, ser\u00e1 necess\u00e1rio ter o diploma ou certificado de <strong>conclus\u00e3o do curso superior em Direito<\/strong>. A jornada ser\u00e1 de <strong>40 horas<\/strong> e os convocados ter\u00e3o remunera\u00e7\u00f5es iniciais de <strong>R$ 7.352,93.<\/strong><\/p>\n\n\n\n<p>J\u00e1 o cargo de <strong>t\u00e9cnico<\/strong> ser\u00e1 destinado a candidatos com certificado de <strong>conclus\u00e3o do n\u00edvel m\u00e9dio<\/strong>. Os aprovados e convocados ir\u00e3o atuar com jornadas de <strong>40 horas<\/strong> e receber\u00e3o, inicialmente, <strong>R$ 3.860,28.<\/strong><\/p>\n\n\n\n<p> <a href=\"https:\/\/www.novaconcursos.com.br\/portal\/concursos\/concurso-mp-rs\/?q=mp%20rs\" target=\"_blank\" rel=\"noreferrer noopener\" aria-label=\"\u21d2 Saiba mais sobre o concurso MP RS! \u21d0  (abre numa nova aba)\">\u21d2 Saiba mais sobre o concurso MP RS! \u21d0 <\/a><\/p>\n\n\n\n<h3 class=\"wp-block-heading\">Seduc RS<\/h3>\n\n\n\n<p>A <strong>Secretaria de Educa\u00e7\u00e3o do Estado<\/strong> dever\u00e1 abrir a partir de 2021. O <a href=\"https:\/\/www.novaconcursos.com.br\/\">certame <\/a>ter\u00e1 vagas para<strong> professores, especialistas e servidores da rede estadual de educa\u00e7\u00e3o.<\/strong><\/p>\n\n\n\n<p>As contrata\u00e7\u00f5es s\u00e3o uma demanda do sindicato da categoria, que queria que o <a href=\"https:\/\/www.novaconcursos.com.br\/\">edital<\/a> fosse divulgado ainda em 2020. O<strong> Cpers<\/strong>, que representa cerca de <strong>80 mil profissionais da Educa\u00e7\u00e3o do Rio Grande do Sul,<\/strong> se mobiliza para realiza\u00e7\u00e3o da <a href=\"https:\/\/www.novaconcursos.com.br\/\">sele\u00e7\u00e3o<\/a> para efetivos desde 2019.<\/p>\n\n\n\n<p><a rel=\"noreferrer noopener\" aria-label=\"\u21d2 Saiba mais sobre o concurso Seduc RS! \u21d0   (abre numa nova aba)\" href=\"https:\/\/www.novaconcursos.com.br\/portal\/concursos\/concurso-seduc-rs\/?q=seduc%20rs\" target=\"_blank\">\u21d2 Saiba mais sobre o concurso Seduc RS! \u21d0  <\/a><\/p>\n\n\n\n<h3 class=\"wp-block-heading\">Canoasprev RS<\/h3>\n\n\n\n<p>Tamb\u00e9m na Regi\u00e3o Metropolitana de Porto Alegre, o <strong>Instituto de Previd\u00eancia e Assist\u00eancia dos Servidores Municipais de Canoas<\/strong> deu andamento \u00e0s etapas para o pr\u00f3ximo <a href=\"https:\/\/www.novaconcursos.com.br\/\">certame<\/a> <strong>Canoasprev.<\/strong><\/p>\n\n\n\n<p>A<strong> Objetiva Concursos<\/strong> venceu o processo licitat\u00f3rio para defini\u00e7\u00e3o da banca organizadora. O novo<a href=\"https:\/\/www.novaconcursos.com.br\/\"> certame <\/a>para ingresso no <strong>Canoasprev-RS<\/strong> ter\u00e1 oferta de<strong> 12 vagas imediatas, al\u00e9m de forma\u00e7\u00e3o de cadastro de reserva.<\/strong><\/p>\n\n\n\n<p>As chances s\u00e3o para profissionais dos <strong>n\u00edveis m\u00e9dio e superior<\/strong>. Os dados constam no projeto b\u00e1sico da sele\u00e7\u00e3o, ao qual a reportagem teve acesso.<\/p>\n\n\n\n<p><a href=\"https:\/\/www.novaconcursos.com.br\/portal\/concursos\/concurso-canoasprev-rs\/\" target=\"_blank\" rel=\"noreferrer noopener\" aria-label=\"\u21d2 Confira tudo sobre o concurso Canoasprev RS! \u21d0 (abre numa nova aba)\">\u21d2 Confira tudo sobre o concurso Canoasprev RS! \u21d0<\/a><\/p>","protected":false},"excerpt":{"rendered":"<p>Paran\u00e1, Santa Catarina e Rio Grande do Sul contam com previs\u00e3o de vagas em todos os n\u00edveis para 2021! Editais Regi\u00e3o Sul Na regi\u00e3o Sul do pa\u00eds, v\u00e1rios \u00f3rg\u00e3os devem abrir certames p\u00fablicos em 2021. Os editais que est\u00e3o previstos s\u00e3o para diversas \u00e1reas como Sa\u00fade e Educa\u00e7\u00e3o al\u00e9m do Minist\u00e9rio P\u00fablico e conselhos. Os [&hellip;]<\/p>\n","protected":false},"author":54662,"featured_media":0,"comment_status":"closed","ping_status":"closed","sticky":false,"template":"","format":"standard","meta":{"_acf_changed":false,"footnotes":"","_wp_rev_ctl_limit":""},"categories":[228],"tags":[],"class_list":["post-111279","post","type-post","status-publish","format-standard","hentry","category-noticias"],"acf":[],"_links":{"self":[{"href":"https:\/\/www.novaconcursos.com.br\/portal\/wp-json\/wp\/v2\/posts\/111279","targetHints":{"allow":["GET"]}}],"collection":[{"href":"https:\/\/www.novaconcursos.com.br\/portal\/wp-json\/wp\/v2\/posts"}],"about":[{"href":"https:\/\/www.novaconcursos.com.br\/portal\/wp-json\/wp\/v2\/types\/post"}],"author":[{"embeddable":true,"href":"https:\/\/www.novaconcursos.com.br\/portal\/wp-json\/wp\/v2\/users\/54662"}],"replies":[{"embeddable":true,"href":"https:\/\/www.novaconcursos.com.br\/portal\/wp-json\/wp\/v2\/comments?post=111279"}],"version-history":[{"count":8,"href":"https:\/\/www.novaconcursos.com.br\/portal\/wp-json\/wp\/v2\/posts\/111279\/revisions"}],"predecessor-version":[{"id":259826,"href":"https:\/\/www.novaconcursos.com.br\/portal\/wp-json\/wp\/v2\/posts\/111279\/revisions\/259826"}],"wp:attachment":[{"href":"https:\/\/www.novaconcursos.com.br\/portal\/wp-json\/wp\/v2\/media?parent=111279"}],"wp:term":[{"taxonomy":"category","embeddable":true,"href":"https:\/\/www.novaconcursos.com.br\/portal\/wp-json\/wp\/v2\/categories?post=111279"},{"taxonomy":"post_tag","embeddable":true,"href":"https:\/\/www.novaconcursos.com.br\/portal\/wp-json\/wp\/v2\/tags?post=111279"}],"curies":[{"name":"wp","href":"https:\/\/api.w.org\/{rel}","templated":true}]}}