{"id":111437,"date":"2021-01-06T11:47:54","date_gmt":"2021-01-06T14:47:54","guid":{"rendered":"https:\/\/www.novaconcursos.com.br\/portal\/?p=111437"},"modified":"2025-12-08T13:19:17","modified_gmt":"2025-12-08T16:19:17","slug":"concurso-prf-edital-dia-19-01","status":"publish","type":"post","link":"https:\/\/www.novaconcursos.com.br\/portal\/noticias\/concurso-prf-edital-dia-19-01\/","title":{"rendered":"Concurso PRF: Diretor confirma divulga\u00e7\u00e3o do novo edital no dia 19\/01!"},"content":{"rendered":"<p>Mediante a realiza\u00e7\u00e3o do evento da Pol\u00edcia Rodovi\u00e1ria Federal, o diretor-geral corpora\u00e7\u00e3o, Eduardo Aggio, <strong>confirmou que o edital do <\/strong><a href=\"https:\/\/www.novaconcursos.com.br\/portal\/concursos\/concurso-prf\/\" data-type=\"link\" data-id=\"https:\/\/www.novaconcursos.com.br\/portal\/concursos\/concurso-prf\/\">concurso PRF<\/a><strong> ser\u00e1 lan\u00e7ado no dia 19 de janeiro de 2021<\/strong>.<\/p>\n\n\n\n<h2 class=\"wp-block-heading\" id=\"edital-do-concurso-prf\">Edital do concurso PRF<\/h2>\n\n\n\n<p><\/p><p>O novo <a href=\"https:\/\/www.novaconcursos.com.br\/\" target=\"_blank\" rel=\"noreferrer noopener\" aria-label=\"concurso (abre numa nova aba)\">concurso<\/a> PRF j\u00e1 tem data para a divulga\u00e7\u00e3o do seu edital com oferta de 1.500 vagas. <strong>A previs\u00e3o \u00e9 que o documento seja publicado no dia 19 de janeiro de 2021<\/strong>, no Di\u00e1rio Oficial da Uni\u00e3o.<\/p>\n[btnnova href=\u201dhttps:\/\/www.novaconcursos.com.br\/curso-online\/prf-policial-rodoviario-federal\u201d class=\u201dyellow\u201d target=\u201dtrue\u201d content=\u201dCurso Online Completo PRF\u201d position=\u201dcenter\u201d promo-name=\u201dlink-produto\u201d]\n\n\n\n<p>As <strong>provas objetivas e provas discursivas<\/strong> do <a href=\"https:\/\/www.novaconcursos.com.br\/\" target=\"_blank\" rel=\"noreferrer noopener\" aria-label=\"concurso (abre numa nova aba)\">concurso<\/a> PRF, est\u00e3o previstas para serem aplicadas no dia <strong>28 de mar\u00e7o de 2021<\/strong>.<\/p>\n\n\n\n<p>A informa\u00e7\u00e3o \u00e9 do diretor-geral da Pol\u00edcia Rodovi\u00e1ria Federal, Eduardo Aggio. <strong>Confira o cronograma completo do <a href=\"https:\/\/www.novaconcursos.com.br\/\" target=\"_blank\" rel=\"noreferrer noopener\" aria-label=\"concurso (abre numa nova aba)\">concurso<\/a> PRF:<\/strong><\/p>\n\n\n\n<ul class=\"wp-block-list\"><li>Edital: 19\/01\/2021;<\/li>\n<\/ul><ul class=\"wp-block-list\"><li>In\u00edcio das inscri\u00e7\u00f5es: 25\/01\/2021;<\/li>\n<\/ul><ul class=\"wp-block-list\"><li>Provas objetivas e discursivas: 28\/03\/2021;<\/li>\n<\/ul><ul class=\"wp-block-list\"><li>Teste de Aptid\u00e3o F\u00edsica: 8 e 9\/05\/2021;<\/li>\n<\/ul><ul class=\"wp-block-list\"><li>Avalia\u00e7\u00e3o Psicol\u00f3gica: 16\/05\/2021;<\/li>\n<\/ul><ul class=\"wp-block-list\"><li>Avalia\u00e7\u00e3o de t\u00edtulos: 09 e 10\/06;<\/li>\n<\/ul><ul class=\"wp-block-list\"><li>Resultado Final 1\u00aa Etapa: 02\/08\/2021;<\/li>\n<\/ul><ul class=\"wp-block-list\"><li>In\u00edcio da 1\u00ba Turma no CFP: 03 e 04\/08\/2021;<\/li>\n<\/ul><ul class=\"wp-block-list\"><li>Formatura da 1\u00aa Turma do CFP: 17\/12\/2021;<\/li>\n<\/ul><ul class=\"wp-block-list\"><li>In\u00edcio da 2\u00aa Turma no CFP (excedentes): 18\/01\/2022;<\/li>\n<\/ul><ul class=\"wp-block-list\"><li>Formatura da 2\u00aa Turma do CFP (excedentes): 10\/06\/2022.<\/li>\n<\/ul><div class=\"wp-block-image\">\n<figure class=\"aligncenter size-large is-resized\"><img decoding=\"async\" width=\"1024\" height=\"576\" src=\"https:\/\/www.novaconcursos.com.br\/portal\/wp-content\/uploads\/2020\/07\/PRF-1024x576.jpg\" alt=\"\" class=\"wp-image-103520\" style=\"width:767px;height:432px\" loading=\"lazy\" title=\"\" srcset=\"https:\/\/www.novaconcursos.com.br\/portal\/wp-content\/uploads\/2020\/07\/PRF-300x169.jpg 300w, https:\/\/www.novaconcursos.com.br\/portal\/wp-content\/uploads\/2020\/07\/PRF-1024x576.jpg 1024w, https:\/\/www.novaconcursos.com.br\/portal\/wp-content\/uploads\/2020\/07\/PRF.jpg 1280w\" sizes=\"auto, (max-width: 480px) 100vw, (max-width: 768px) 100vw, (max-width: 1200px) 70vw, 768px\"><\/figure><\/div>\n\n\n<h2 class=\"wp-block-heading\" id=\"provas-do-concurso-prf\">Provas do concurso PRF<\/h2>\n\n\n\n<p>O diretor executivo da Pol\u00edcia Rodovi\u00e1ria Federal, Jos\u00e9 Lopes Hott, <strong>confirmou as etapas avaliativas que ser\u00e3o cobradas no novo <a href=\"https:\/\/www.novaconcursos.com.br\/\" target=\"_blank\" rel=\"noreferrer noopener\" aria-label=\"concurso (abre numa nova aba)\">concurso<\/a> PRF<\/strong>.<\/p>\n\n\n\n<p>Ao que tudo indica, <strong>a estrutura do pr\u00f3ximo edital dever\u00e1 ser semelhante ao anterior<\/strong>. A informa\u00e7\u00e3o foi passada e confirmada pelo diretor da corpora\u00e7\u00e3o.<\/p>\n\n\n\n<p>Em live realizada no dia 23 de novembro, Jos\u00e9 Hott confirmou que o pr\u00f3ximo edital de abertura <strong>contar\u00e1 com as seguintes etapas avaliativas:<\/strong><\/p>\n\n\n\n<ul class=\"wp-block-list\"><li>Provas Objetiva e Prova Discursiva;<\/li>\n<\/ul><ul class=\"wp-block-list\"><li>Avalia\u00e7\u00e3o de T\u00edtulos;<\/li>\n<\/ul><ul class=\"wp-block-list\"><li>Teste de Aptid\u00e3o F\u00edsica (TAF);<\/li>\n<\/ul><ul class=\"wp-block-list\"><li>Avalia\u00e7\u00e3o Psicol\u00f3gica;<\/li>\n<\/ul><ul class=\"wp-block-list\"><li>Avalia\u00e7\u00e3o Biopsicossocial;<\/li>\n<\/ul><ul class=\"wp-block-list\"><li>Avalia\u00e7\u00e3o de Sa\u00fade;<\/li>\n<\/ul><ul class=\"wp-block-list\"><li>Investiga\u00e7\u00e3o Social;<\/li>\n<\/ul><ul class=\"wp-block-list\"><li>Curso de Forma\u00e7\u00e3o.<\/li>\n<\/ul><p>Mediante essa informa\u00e7\u00e3o, pode se concluir que os candidatos do novo <a href=\"https:\/\/www.novaconcursos.com.br\/\" target=\"_blank\" rel=\"noreferrer noopener\" aria-label=\"concurso (abre numa nova aba)\">concurso<\/a> PRF ser\u00e3o avaliados por, pelo menos, <strong>nove etapas incluindo o curso de forma\u00e7\u00e3o<\/strong>. <\/p>","protected":false},"excerpt":{"rendered":"<p>Mediante a realiza\u00e7\u00e3o do evento da Pol\u00edcia Rodovi\u00e1ria Federal, o diretor-geral corpora\u00e7\u00e3o, Eduardo Aggio, confirmou que o edital do concurso PRF ser\u00e1 lan\u00e7ado no dia 19 de janeiro de 2021. Edital do concurso PRF O novo concurso PRF j\u00e1 tem data para a divulga\u00e7\u00e3o do seu edital com oferta de 1.500 vagas. A previs\u00e3o \u00e9 [&hellip;]<\/p>\n","protected":false},"author":16,"featured_media":106512,"comment_status":"closed","ping_status":"closed","sticky":false,"template":"","format":"standard","meta":{"_acf_changed":false,"footnotes":"","_wp_rev_ctl_limit":""},"categories":[228],"tags":[],"class_list":["post-111437","post","type-post","status-publish","format-standard","has-post-thumbnail","hentry","category-noticias"],"acf":[],"_links":{"self":[{"href":"https:\/\/www.novaconcursos.com.br\/portal\/wp-json\/wp\/v2\/posts\/111437","targetHints":{"allow":["GET"]}}],"collection":[{"href":"https:\/\/www.novaconcursos.com.br\/portal\/wp-json\/wp\/v2\/posts"}],"about":[{"href":"https:\/\/www.novaconcursos.com.br\/portal\/wp-json\/wp\/v2\/types\/post"}],"author":[{"embeddable":true,"href":"https:\/\/www.novaconcursos.com.br\/portal\/wp-json\/wp\/v2\/users\/16"}],"replies":[{"embeddable":true,"href":"https:\/\/www.novaconcursos.com.br\/portal\/wp-json\/wp\/v2\/comments?post=111437"}],"version-history":[{"count":6,"href":"https:\/\/www.novaconcursos.com.br\/portal\/wp-json\/wp\/v2\/posts\/111437\/revisions"}],"predecessor-version":[{"id":299378,"href":"https:\/\/www.novaconcursos.com.br\/portal\/wp-json\/wp\/v2\/posts\/111437\/revisions\/299378"}],"wp:featuredmedia":[{"embeddable":true,"href":"https:\/\/www.novaconcursos.com.br\/portal\/wp-json\/wp\/v2\/media\/106512"}],"wp:attachment":[{"href":"https:\/\/www.novaconcursos.com.br\/portal\/wp-json\/wp\/v2\/media?parent=111437"}],"wp:term":[{"taxonomy":"category","embeddable":true,"href":"https:\/\/www.novaconcursos.com.br\/portal\/wp-json\/wp\/v2\/categories?post=111437"},{"taxonomy":"post_tag","embeddable":true,"href":"https:\/\/www.novaconcursos.com.br\/portal\/wp-json\/wp\/v2\/tags?post=111437"}],"curies":[{"name":"wp","href":"https:\/\/api.w.org\/{rel}","templated":true}]}}