{"id":111595,"date":"2022-01-06T08:00:19","date_gmt":"2022-01-06T11:00:19","guid":{"rendered":"https:\/\/www.novaconcursos.com.br\/portal\/?post_type=nc-public-tender&#038;p=111595"},"modified":"2024-12-16T09:56:19","modified_gmt":"2024-12-16T12:56:19","slug":"pm-mt","status":"publish","type":"post","link":"https:\/\/www.novaconcursos.com.br\/portal\/concursos\/pm-mt\/","title":{"rendered":"Concurso PM MT 2022: Edital publicado para Soldado e Oficial!"},"content":{"rendered":"<p>O novo <strong>concurso PM MT (Pol\u00edcia Militar do Mato Grosso)<\/strong> j\u00e1 tem o edital publicado com a oferta de vagas para a forma\u00e7\u00e3o de um cadastro de reserva, que ser\u00e1 utilizado durante o per\u00edodo de validade do edital.<\/p>\n<p>As inscri\u00e7\u00f5es ser\u00e3o abertas em breve, por isso, <strong>saiba mais<\/strong> sobre o certame!<\/p>\n<ul><li><a class=\"_ps2id\" href=\"#inscri%C3%A7%C3%A3o\" data-ps2id-offset=\"\">Inscri\u00e7\u00e3o<\/a><\/li>\n<li><a class=\"_ps2id\" href=\"#cargos\" data-ps2id-offset=\"\">Cargos e Vagas<\/a>\n<ul><li><a class=\"_ps2id\" href=\"#atrib\" data-ps2id-offset=\"\">Atribui\u00e7\u00f5es<\/a><\/li>\n<li><a class=\"_ps2id\" href=\"#requisitos\" data-ps2id-offset=\"\">Requisitos<\/a><\/li>\n<\/ul><\/li>\n<li><a class=\"_ps2id\" href=\"#provas\" data-ps2id-offset=\"\">Provas<\/a><\/li>\n<\/ul><p>\u00a0<\/p>\n<h2 id=\"ps2id-idinscrio-targetconcurso-pm-mt-como-realizar-a-inscrio\">[ps2id id=\u2019inscri\u00e7\u00e3o\u2019 target=\u201d\/]Concurso PM MT: como realizar a inscri\u00e7\u00e3o?<\/h2>\n<p>O concurso PM MT ter\u00e1 suas inscri\u00e7\u00f5es abertas no dia <strong>12 de janeiro<\/strong> e permanecer\u00e1 recebendo matr\u00edculas at\u00e9 o dia <strong>24 do mesmo m\u00eas<\/strong>. Para participar das avalia\u00e7\u00f5es, ser\u00e1 necess\u00e1rio acessar o <a href=\"https:\/\/www.concursos.ufmt.br\/Portal\/\" target=\"_blank\" rel=\"noopener noreferrer\">site da banca organizadora, UFMT<\/a>, e preencher os dados requisitados para o cadastro. Al\u00e9m disso, ser\u00e1 cobrada dos candidatos uma <strong>taxa<\/strong> de inscri\u00e7\u00e3o que varia de acordo com o cargo concorrido.<\/p>\n<p>Confira os valores:<\/p>\n<ul><li><strong>Oficial e Oficial de Sa\u00fade<\/strong>: R$ 200,00;<\/li>\n<li><strong>Soldado<\/strong>: R$ 120,00.<\/li>\n<\/ul><p>\u00a0<\/p>\n<p>Essas taxas dever\u00e3o ser pagas at\u00e9 a <strong>data de vencimentos dos boletos<\/strong> que forem emitidos e haver\u00e1, ainda, a possibilidade de requisitar a <strong>isen\u00e7\u00e3o<\/strong> dos valores. Os candidatos aptos a pedir o desconto s\u00e3o aqueles que:<\/p>\n<ul><li>Estiverem desempregados;<\/li>\n<li>Receberes at\u00e9 um sal\u00e1rio m\u00ednimo e meio;<\/li>\n<li>For doador regular de sangue;<\/li>\n<li>For volunt\u00e1rio da Justi\u00e7a Eleitoral ou jurado que atuar no Tribunal do J\u00fari no \u00e2mbito do Estado do <a href=\"https:\/\/www.novaconcursos.com.br\/portal\/concursos-abertos\/mt\/\">Mato Grosso<\/a>.<\/li>\n<\/ul><p>\u00a0<\/p>\n<p>O <strong>per\u00edodo<\/strong> para requisitar a isen\u00e7\u00e3o da taxa ser\u00e1 entre os dias 12 e 14 de janeiro, tamb\u00e9m pelo site da UFTM.<\/p>\n<h2 id=\"ps2id-idcargos-targetcargos-e-vagas\">[ps2id id=\u2019cargos\u2019 target=\u201d\/]Cargos e Vagas<\/h2>\n<p>O edital do Pol\u00edcia Militar do <a href=\"https:\/\/www.novaconcursos.com.br\/portal\/concursos-previstos\/mt\/\">Mato Grosso<\/a> oferta vagas em car\u00e1ter de reserva, sem quantitativo definido, para os cargos de <strong>Soldado, Oficial e Oficial de Sa\u00fade<\/strong>. \u00c9 importante ressaltar que, antes de tomar posse dos cargos propriamente ditos, os aprovados no concurso passam por um <strong>Curso de Forma\u00e7\u00e3o Profissional<\/strong>, per\u00edodo no qual ocupam o posto de Aluno-Soldado, Aluno-a-Oficial ou Aluno-a-Oficial do quadro de Sa\u00fade.<\/p>\n<p>Para ocupar o cargo de <strong>Soldado<\/strong> ser\u00e1 necess\u00e1rio apresentar o diploma de<strong> forma\u00e7\u00e3o superior em qualquer \u00e1rea<\/strong>, desde seja reconhecido pelo Minist\u00e9rio da Educa\u00e7\u00e3o. Enquanto que, para o cargo de <strong>Oficial<\/strong>, o requisito \u00e9 apresentar diploma de forma\u00e7\u00e3o superior em <strong>Direito<\/strong>.<\/p>\n<p>J\u00e1 para a carreira de Oficial do quadro de Sa\u00fade, a exig\u00eancia \u00e9 que os candidatos sejam formados <strong>Medicina<\/strong>, nas especialidades de Cardiologia, Cirurgi\u00e3o Geral, Ortopedia ou ainda Psiquiatria. Al\u00e9m dessas, tamb\u00e9m ser\u00e3o aceitos diplomas de \u00e1reas da <strong>Odontologia<\/strong>, sendo de Cirurgi\u00e3o-Dentista e, por fim, de Cirurgia e Traumatologia Bucomaxilofacial.<\/p>\n<p>Os cargos oferecem sal\u00e1rios um tanto quanto atrativos. Os <strong>Soldados<\/strong> por exemplo, receber\u00e3o <strong>R$ 3.313,38<\/strong>, enquanto que os <strong>Oficiais<\/strong>, inclusive os do quadro de Sa\u00fade da PM, ter\u00e3o vencimentos de <strong>R$ 8.411,88<\/strong>. Todas as carreiras apresentam jornadas de <strong>40 horas semanais<\/strong>, ou seja, s\u00e3o de dedica\u00e7\u00e3o integral.<\/p>\n<h3 id=\"atri\">[ps2id id=\u2019atrib\u2019 target=\u201d\/]Atribui\u00e7\u00f5es<\/h3>\n<p>As <strong>atribui\u00e7\u00f5es b\u00e1sicas<\/strong> dos cargos s\u00e3o:<\/p>\n<h4>Soldado<\/h4>\n<p>Atuar em alinhamento \u00e0 miss\u00e3o, vis\u00e3o, valores, doutrinas, diretrizes institucionais e legisla\u00e7\u00e3o especifica; Coletar informa\u00e7\u00f5es sobre ocorr\u00eancias atrav\u00e9s de atendimento telef\u00f4nico, e gerando comunica\u00e7\u00e3o \u00e0 viatura mais pr\u00f3xima para a\u00e7\u00e3o imediata; Atender ocorr\u00eancias junto \u00e0 equipe, deslocando-se at\u00e9 o fato gerador a fim de tomar as seguintes provid\u00eancias: coleta de informa\u00e7\u00f5es; divulga\u00e7\u00e3o de informa\u00e7\u00f5es via r\u00e1dio, se necess\u00e1ria a solicita\u00e7\u00e3o de auxilio na a\u00e7\u00e3o; quando poss\u00edvel, tentativa de concilia\u00e7\u00e3o, solu\u00e7\u00e3o imediata; encaminhamento, quando necess\u00e1rio, de pessoas\/ou objetos \u00e0 delegacia para confec\u00e7\u00e3o de registro de ocorr\u00eancia; Prestar atendimentos preliminares em situa\u00e7\u00f5es emergenciais, at\u00e9 a chegada de profissionais especializados; Realizar policiamento ostensivo atrav\u00e9s das modalidades (policiamento: de tr\u00e2nsito, ostensivo geral, guarda, ambiental etc.) e processos a p\u00e9, montado, embarcado etc. como medida preventiva e ou repressiva a fim de gerar sensa\u00e7\u00e3o de seguran\u00e7a; Participar de a\u00e7\u00f5es extraordin\u00e1rias, quando solicitado, com o objetivo de promover a ordem seguran\u00e7a p\u00fablica; Oferecer orienta\u00e7\u00f5es e esclarecimentos ao p\u00fablico em assuntos pertinentes \u00e0 seguran\u00e7a p\u00fablica; Manter sob sua guarda e responsabilidade materiais da fazenda p\u00fablica. Tamb\u00e9m \u00e9 uma atribui\u00e7\u00e3o conduzir veiculo policial sob sua responsabilidade, observando normas de procedimentos de utiliza\u00e7\u00e3o; Realizar busca pessoal em caso de fundada suspeita ou flagrante delito, se necess\u00e1rio conduzir \u00e0 delegacia para realiza\u00e7\u00e3o dos tr\u00e2mites legais; Acompanhar Oficial de Justi\u00e7a em mandados judiciais a fim de garantir o seu devido cumprimento; Realizar visitas \u00e0 comunidade (pessoas, estabelecimentos comerciais, entidades etc., visando conhecer as necessidades de seguran\u00e7a p\u00fablica local e fortalecer o vinculo com a Policia Militar, o policiamento em eventos a fim de preservar a ordem e seguran\u00e7a p\u00fablica, al\u00e9m da guarda da Organiza\u00e7\u00e3o Policial Militar; Colaborar nos servi\u00e7os de organiza\u00e7\u00e3o e manuten\u00e7\u00e3o da higiene do ambiente trabalho equipamentos; Auxiliar na execu\u00e7\u00e3o de tr\u00e2mites administrativos de planejamento, organiza\u00e7\u00e3o e controle nas \u00e1reas de Almoxarifado e Patrim\u00f4nio (controle de materiais; b\u00e9lico, expediente, inform\u00e1tica, viaturas etc., Gest\u00e3o de Pessoas (escala de trabalho, f\u00e9rias, licen\u00e7as, c\u00e1lculos de remunera\u00e7\u00e3o e etc.), Or\u00e7amento e Finan\u00e7as (PPA-Plano Plurianual, PTA-Plano de Trabalho Anual, aquisi\u00e7\u00f5es etc.); Conceder entrevistas sobre ocorr\u00eancias para os canais de comunica\u00e7\u00e3o, sob ordem e orienta\u00e7\u00e3o do l\u00edder direto; Manipular os armamentos atrav\u00e9s de procedimentos de seguran\u00e7a a fim de evitar acidentes; elaborar Termo Circunstanciado de Ocorr\u00eancias.<\/p>\n<h4><strong>Oficial (2\u00ba Tenente)<\/strong><\/h4>\n<p>Comandar pelot\u00e3o; coordenar policiamento ostensivo, reservado e velado; participar do planejamento de a\u00e7\u00f5es e opera\u00e7\u00f5es; pautar suas a\u00e7\u00f5es em preceitos \u00e9ticos, t\u00e9cnicos e legais; assessorar o comando nos assuntos relacionados \u00e0 sua \u00e1rea espec\u00edfica; desenvolver processos e procedimentos administrativos militares; atuar na coordena\u00e7\u00e3o da comunica\u00e7\u00e3o social; operar a legisla\u00e7\u00e3o, normas e regimentos internos e externos \u00e0 Corpora\u00e7\u00e3o, incluindo a legisla\u00e7\u00e3o espec\u00edfica aplicada \u00e0s Pol\u00edcias Militares; fazer gest\u00e3o e cumprir a legisla\u00e7\u00e3o, normas e regimentos internos aplicados \u00e0s fun\u00e7\u00f5es inerentes ao cargo de Oficial QOPM; promover estudos t\u00e9cnicos e de capacita\u00e7\u00e3o profissional.<\/p>\n<h4><strong>Oficial de Sa\u00fade<\/strong><\/h4>\n<p>Planejamento, coordena\u00e7\u00e3o, administra\u00e7\u00e3o e fiscaliza\u00e7\u00e3o dos setores relacionados aos servi\u00e7os de sa\u00fade; gerenciamento de recursos humanos, log\u00edsticos e financeiros da Diretoria de Sa\u00fade, dentro dos limites de sua compet\u00eancia; atendimento m\u00e9dico-hospitalar, odontol\u00f3gico, laboratorial, ambulatorial, cl\u00ednico e cir\u00fargico, dentro dos limites de sua compet\u00eancia, zelando sempre pelo bem-estar e recupera\u00e7\u00e3o do paciente; realiza\u00e7\u00e3o de an\u00e1lises, estabelecendo diagn\u00f3sticos e progn\u00f3sticos, interagindo ainda, se necess\u00e1rio, com outros setores profissionais; realiza\u00e7\u00e3o de per\u00edcias e inspe\u00e7\u00f5es m\u00e9dicas por meio de Juntas Militares de Sa\u00fade; an\u00e1lise de documentos de sa\u00fade expedidos por profissionais ou institui\u00e7\u00f5es de sa\u00fade, com vistas ao controle e preven\u00e7\u00e3o do absente\u00edsmo; desenvolvimento de pesquisas, a\u00e7\u00f5es sociais e estudos institucionais na \u00e1rea de sa\u00fade; observ\u00e2ncia constante dos valores, da \u00e9tica e dos deveres policiais militares, al\u00e9m daqueles relacionados ao sigilo profissional e demais princ\u00edpios da atividade de sa\u00fade; fiscaliza\u00e7\u00e3o e cumprimento de planos, normas e ordens emanadas pelo escal\u00e3o superior da institui\u00e7\u00e3o, pautando-se pela disciplina, hierarquia, equil\u00edbrio emocional, honestidade, coopera\u00e7\u00e3o e comprometimento; atuar, se necess\u00e1rio, em situa\u00e7\u00f5es de calamidade e de grave perturba\u00e7\u00e3o da ordem, na atividade de policiamento ostensivo e na preserva\u00e7\u00e3o da ordem p\u00fablica, observando os demais princ\u00edpios e normas aplic\u00e1veis na condi\u00e7\u00e3o de militar estadual; coordena\u00e7\u00e3o e execu\u00e7\u00e3o de outros encargos que lhe forem atribu\u00eddos pelo Comando Geral da PMMT; Participar de policiamentos ostensivos todas atividades inerentes a carreira policial militar.<\/p>\n<h3 id=\"requi\">[ps2id id=\u2019requisitos\u2019 target=\u201d\/]Requisitos b\u00e1sicos<\/h3>\n<p>S\u00e3o alguns <strong>requisitos b\u00e1sicos<\/strong> para adentrar na PM MT as seguintes exig\u00eancias:<\/p>\n<ul><li>Ter sido aprovado ou classificado no concurso p\u00fablico;<\/li>\n<li>Ser brasileiro ou, em caso de nacionalidade portuguesa, estar amparado pelo estatuto de igualdade entre brasileiros e portugueses, com reconhecimento de gozo de direitos pol\u00edticos, nos termos do par\u00e1grafo 1\u00b0, artigo 12, da Constitui\u00e7\u00e3o Federal;<\/li>\n<li>Possuir ilibada conduta p\u00fablica e privada;<\/li>\n<li>Estar quite com as obriga\u00e7\u00f5es eleitorais;<\/li>\n<li>Ser possuidor do Certificado de Dispensa de Incorpora\u00e7\u00e3o ou Certificado de Reservista das For\u00e7as Armadas, ou outro documento oficial que comprove a quita\u00e7\u00e3o com o servi\u00e7o militar obrigat\u00f3rio, para os candidatos do sexo masculino;<\/li>\n<li>N\u00e3o ter sofrido condena\u00e7\u00e3o criminal com pena privativa da liberdade ou qualquer condena\u00e7\u00e3o incompat\u00edvel com a fun\u00e7\u00e3o militar;<\/li>\n<li>N\u00e3o ter sido isentado do servi\u00e7o militar por incapacidade f\u00edsica definitiva;<\/li>\n<li>Encontrar-se em pleno gozo de seus direitos pol\u00edticos e civis;<\/li>\n<li>N\u00e3o ter sofrido, no exerc\u00edcio de fun\u00e7\u00e3o p\u00fablica, penalidade incompat\u00edvel com nova investidura em cargo p\u00fablico;<\/li>\n<li>Apresentar diploma ou certificado, devidamente registrado, de conclus\u00e3o de ensino m\u00e9dio, fornecido por institui\u00e7\u00e3o de ensino reconhecida pelo Minist\u00e9rio da Educa\u00e7\u00e3o, comprovado atrav\u00e9s da apresenta\u00e7\u00e3o de original e c\u00f3pia do respectivo documento;<\/li>\n<li>Estar apto, f\u00edsica e mentalmente, n\u00e3o apresentando defici\u00eancia que o incapacite para o exerc\u00edcio das fun\u00e7\u00f5es do cargo;<\/li>\n<li>Ter idade m\u00ednima de 18 anos, na data da inclus\u00e3o no cargo, e m\u00e1xima de 25 anos at\u00e9 a data do encerramento das inscri\u00e7\u00f5es;<\/li>\n<li>Ter, descal\u00e7o e descoberto, \u00e0 altura m\u00ednima de 1,67m, para os candidatos do sexo masculino e peso proporcional a altura;<\/li>\n<li>Medir, descal\u00e7o e descoberto, \u00e0 altura m\u00ednima de 1,57m, para os candidatos do sexo feminino e peso proporcional a altura;<\/li>\n<li>Apresentar Carteira Nacional de Habilita\u00e7\u00e3o v\u00e1lida;<\/li>\n<li>Apresentar declara\u00e7\u00e3o negativa de antecedentes criminais;<\/li>\n<li>Ser considerado aprovado em sindic\u00e2ncia sobre sua vida pregressa;<\/li>\n<li>N\u00e3o acumular cargos, empregos ou fun\u00e7\u00f5es p\u00fablicas, salvo nos casos constitucionalmente admitidos.<\/li>\n<\/ul><p>\u00a0<\/p>\n<p><strong>Demais requisitos<\/strong> devem ser verificados com aten\u00e7\u00e3o no edital de abertura.<\/p>\n<h2 id=\"ps2id-idprovas-targetcomo-sero-as-provas-do-concurso-pm-mt\">[ps2id id=\u2019provas\u2019 target=\u201d\/]Como ser\u00e3o as provas do concurso PM MT?<\/h2>\n<p>Os inscritos no concurso da PM MT ser\u00e3o avaliados por meio das <strong>etapas<\/strong> de:<\/p>\n<ul><li>Prova objetiva;<\/li>\n<li>Prova discursiva (para os cargos de Oficial);<\/li>\n<li>Exame M\u00e9dico-Odontol\u00f3gico;<\/li>\n<li>Teste de Aptid\u00e3o F\u00edsica (TAF);<\/li>\n<li>Avalia\u00e7\u00e3o Psicol\u00f3gica;<\/li>\n<li>Investiga\u00e7\u00e3o Documental e Funcional.<\/li>\n<\/ul><p>\u00a0<\/p>\n<p>As <strong>Provas Objetivas<\/strong> ser\u00e3o realizadas no dia <strong>20 de fevereiro de 2022<\/strong> e ter\u00e3o estruturas e mat\u00e9rias diferentes para cada um dos cargos, portanto <strong>confira<\/strong> mais detalhes!<\/p>\n<h3>Prova Objetiva<\/h3>\n<p>Para o cargo de <strong>Soldado<\/strong>, a prova ser\u00e1 constitu\u00edda da seguinte forma:<\/p>\n<p><a href=\"https:\/\/www.novaconcursos.com.br\/portal\/wp-content\/uploads\/2021\/08\/soldado.png\"><img decoding=\"async\" class=\"alignnone wp-image-152194 size-full\" src=\"https:\/\/www.novaconcursos.com.br\/portal\/wp-content\/uploads\/2021\/08\/soldado.png\" alt=\"\" width=\"894\" height=\"677\" loading=\"lazy\" title=\"\" srcset=\"https:\/\/www.novaconcursos.com.br\/portal\/wp-content\/uploads\/2021\/08\/soldado-300x227.png 300w, https:\/\/www.novaconcursos.com.br\/portal\/wp-content\/uploads\/2021\/08\/soldado.png 894w\" sizes=\"auto, (max-width: 480px) 100vw, (max-width: 768px) 100vw, (max-width: 1200px) 70vw, 768px\"><\/a><\/p>\n<p>\u00a0<\/p>\n<p>Enquanto isso, para a carreira de <strong>Oficial<\/strong>, as provas seguir\u00e3o a estrutura:<\/p>\n<p><a href=\"https:\/\/www.novaconcursos.com.br\/portal\/wp-content\/uploads\/2021\/08\/oficial-1.png\"><img decoding=\"async\" class=\"alignnone wp-image-152195 size-full\" src=\"https:\/\/www.novaconcursos.com.br\/portal\/wp-content\/uploads\/2021\/08\/oficial-1.png\" alt=\"\" width=\"632\" height=\"754\" loading=\"lazy\" title=\"\" srcset=\"https:\/\/www.novaconcursos.com.br\/portal\/wp-content\/uploads\/2021\/08\/oficial-1-251x300.png 251w, https:\/\/www.novaconcursos.com.br\/portal\/wp-content\/uploads\/2021\/08\/oficial-1.png 632w\" sizes=\"auto, (max-width: 480px) 100vw, (max-width: 768px) 100vw, (max-width: 1200px) 70vw, 768px\"><\/a><\/p>\n<p>\u00a0<\/p>\n<p>Por fim, para o cargo de <strong>Oficial de Sa\u00fade \u2013 M\u00e9dico<\/strong>, a avalia\u00e7\u00e3o ser\u00e1 da seguinte maneira:<\/p>\n<p><a href=\"https:\/\/www.novaconcursos.com.br\/portal\/wp-content\/uploads\/2021\/08\/saude.png\"><img decoding=\"async\" class=\"alignnone wp-image-152196 size-full\" src=\"https:\/\/www.novaconcursos.com.br\/portal\/wp-content\/uploads\/2021\/08\/saude.png\" alt=\"\" width=\"893\" height=\"522\" loading=\"lazy\" title=\"\" srcset=\"https:\/\/www.novaconcursos.com.br\/portal\/wp-content\/uploads\/2021\/08\/saude-300x175.png 300w, https:\/\/www.novaconcursos.com.br\/portal\/wp-content\/uploads\/2021\/08\/saude.png 893w\" sizes=\"auto, (max-width: 480px) 100vw, (max-width: 768px) 100vw, (max-width: 1200px) 70vw, 768px\"><\/a><\/p>\n<p>\u00a0<\/p>\n<p>J\u00e1 para os <strong>Oficiais de Sa\u00fade \u2013 Odontologia<\/strong>, a prova ocorrer\u00e1 da seguinte maneira:<\/p>\n<p><a href=\"https:\/\/www.novaconcursos.com.br\/portal\/wp-content\/uploads\/2021\/08\/dent.png\"><img decoding=\"async\" class=\"alignnone wp-image-152197 size-full\" src=\"https:\/\/www.novaconcursos.com.br\/portal\/wp-content\/uploads\/2021\/08\/dent.png\" alt=\"\" width=\"934\" height=\"603\" loading=\"lazy\" title=\"\" srcset=\"https:\/\/www.novaconcursos.com.br\/portal\/wp-content\/uploads\/2021\/08\/dent-300x194.png 300w, https:\/\/www.novaconcursos.com.br\/portal\/wp-content\/uploads\/2021\/08\/dent.png 934w\" sizes=\"auto, (max-width: 480px) 100vw, (max-width: 768px) 100vw, (max-width: 1200px) 70vw, 768px\"><\/a><\/p>\n<p>\u00a0<\/p>\n<h3>Prova Dissertativa<\/h3>\n<p>A Prova Dissertativa, de car\u00e1ter eliminat\u00f3rio e classificat\u00f3rio, ser\u00e1 constitu\u00edda de uma <strong>produ\u00e7\u00e3o textual<\/strong> em L\u00edngua Portuguesa. O candidato, diante de uma proposta de produ\u00e7\u00e3o textual, dever\u00e1\u00a0 identificar o tema, definir uma perspectiva adequada de abordagem, atender ao g\u00eanero solicitado, desenvolver o tema mobilizando os recursos lingu\u00edsticos e textuais que possibilitem um texto claro, coeso e coerente \u2013 uma unidade sociocomunicativa.<\/p>\n<h3>Teste de Aptid\u00e3o F\u00edsica<\/h3>\n<p>As <strong>provas<\/strong> do TAF ser\u00e3o:<\/p>\n<ul><li>Corrida de 12 (doze) minutos;<\/li>\n<li>Barra fixa (flex\u00e3o\/sustenta\u00e7\u00e3o);<\/li>\n<li>Abdominal remador;<\/li>\n<li>Meio Sugado; e<\/li>\n<li>Nata\u00e7\u00e3o.<\/li>\n<\/ul>","protected":false},"excerpt":{"rendered":"<p>O novo concurso PM MT (Pol\u00edcia Militar do Mato Grosso) j\u00e1 tem o edital publicado com a oferta de vagas para a forma\u00e7\u00e3o de um cadastro de reserva, que ser\u00e1 utilizado durante o per\u00edodo de validade do edital.<br \/>\nAs inscri\u00e7\u00f5es ser\u00e3o abertas em breve, por isso, saiba mais sobre o certame!<\/p>\n","protected":false},"author":54662,"featured_media":150584,"comment_status":"closed","ping_status":"closed","sticky":false,"template":"","format":"standard","meta":{"_acf_changed":false,"footnotes":"","_wp_rev_ctl_limit":""},"categories":[44999],"tags":[],"class_list":["post-111595","post","type-post","status-publish","format-standard","has-post-thumbnail","hentry","category-concursos"],"acf":[],"_links":{"self":[{"href":"https:\/\/www.novaconcursos.com.br\/portal\/wp-json\/wp\/v2\/posts\/111595","targetHints":{"allow":["GET"]}}],"collection":[{"href":"https:\/\/www.novaconcursos.com.br\/portal\/wp-json\/wp\/v2\/posts"}],"about":[{"href":"https:\/\/www.novaconcursos.com.br\/portal\/wp-json\/wp\/v2\/types\/post"}],"author":[{"embeddable":true,"href":"https:\/\/www.novaconcursos.com.br\/portal\/wp-json\/wp\/v2\/users\/54662"}],"replies":[{"embeddable":true,"href":"https:\/\/www.novaconcursos.com.br\/portal\/wp-json\/wp\/v2\/comments?post=111595"}],"version-history":[{"count":11,"href":"https:\/\/www.novaconcursos.com.br\/portal\/wp-json\/wp\/v2\/posts\/111595\/revisions"}],"predecessor-version":[{"id":152204,"href":"https:\/\/www.novaconcursos.com.br\/portal\/wp-json\/wp\/v2\/posts\/111595\/revisions\/152204"}],"wp:featuredmedia":[{"embeddable":true,"href":"https:\/\/www.novaconcursos.com.br\/portal\/wp-json\/wp\/v2\/media\/150584"}],"wp:attachment":[{"href":"https:\/\/www.novaconcursos.com.br\/portal\/wp-json\/wp\/v2\/media?parent=111595"}],"wp:term":[{"taxonomy":"category","embeddable":true,"href":"https:\/\/www.novaconcursos.com.br\/portal\/wp-json\/wp\/v2\/categories?post=111595"},{"taxonomy":"post_tag","embeddable":true,"href":"https:\/\/www.novaconcursos.com.br\/portal\/wp-json\/wp\/v2\/tags?post=111595"}],"curies":[{"name":"wp","href":"https:\/\/api.w.org\/{rel}","templated":true}]}}