{"id":111782,"date":"2023-11-16T08:26:50","date_gmt":"2023-11-16T11:26:50","guid":{"rendered":"https:\/\/www.novaconcursos.com.br\/portal\/?post_type=nc-public-tender&#038;p=111782"},"modified":"2024-12-16T09:38:43","modified_gmt":"2024-12-16T12:38:43","slug":"concurso-guarda-municipal-rj","status":"publish","type":"post","link":"https:\/\/www.novaconcursos.com.br\/portal\/concursos\/concurso-guarda-municipal-rj\/","title":{"rendered":"Concurso Guarda Municipal RJ: Quando ser\u00e1 publicado um novo edital?"},"content":{"rendered":"<p>Aten\u00e7\u00e3o, concurseiros! Novas atualiza\u00e7\u00f5es indicam que o pr\u00f3ximo concurso <a href=\"https:\/\/www.novaconcursos.com.br\/portal\/concursos-abertos\/rj\/\">Guarda Municipal RJ<\/a> est\u00e1 cada vez mais pr\u00f3ximo! ?<\/p>\n<p>Com o <strong>aumento no n\u00famero de servidores<\/strong>, edital dever\u00e1 surpreender na oferta de vagas! ?<\/p>\n<p>Saiba todos os detalhes!<\/p>\n<ul><li><a class=\"_ps2id\" href=\"#situa%C3%A7%C3%A3o\" data-ps2id-offset=\"\">Situa\u00e7\u00e3o atual<\/a><\/li>\n<li><a class=\"_ps2id\" href=\"#cargos\" data-ps2id-offset=\"\">Vagas GM Rio<\/a><\/li>\n<li><a class=\"_ps2id\" href=\"#%C3%BAltimo\" data-ps2id-offset=\"\">\u00daltimo concurso<\/a><\/li>\n<li><a class=\"_ps2id\" href=\"#sobre\" data-ps2id-offset=\"\">Sobre a GM Rio<\/a><\/li>\n<\/ul><h2 id=\"ps2id-idsituao-targetconcurso-guarda-municipal-rj-edital-em-\">[ps2id id=\u2019situa\u00e7\u00e3o\u2019 target=\u201d\/]Concurso Guarda Municipal RJ: Edital em breve?<\/h2>\n<p>Os concurseiros que almejam uma vaga na Guarda Municipal do <a href=\"https:\/\/www.novaconcursos.com.br\/portal\/concursos-abertos\/rj\/\">Rio de Janeiro<\/a> podem come\u00e7ar a se preparar, pois h\u00e1 boas not\u00edcias no horizonte!<\/p>\n<p>Em fevereiro, a Prefeitura do Rio de Janeiro anunciou a abertura de <a href=\"https:\/\/www.novaconcursos.com.br\/portal\/wp-content\/uploads\/2023\/11\/gm-rj-orcamento.png\" target=\"_blank\" rel=\"noopener\">cr\u00e9dito suplementar<\/a>, onde a t\u00e3o aguardada perspectiva de um novo concurso para a Guarda Municipal RJ foi confirmada!<\/p>\n<p>O documento, publicado no Di\u00e1rio Oficial do Munic\u00edpio, no dia 1\u00b0 de fevereiro, apresentas uma s\u00e9rie de a\u00e7\u00f5es previstas pelo munic\u00edpio e, dentre elas, elas, consta a <strong>realiza\u00e7\u00e3o de concurso<\/strong> para o provimento de vagas para a Guarda Municipal.<\/p>\n<p>Al\u00e9m disso, outra boa not\u00edcia tamb\u00e9m aumenta as expectativas para publica\u00e7\u00e3o de novo certame!<\/p>\n<p>Um novo concurso da GM RJ tamb\u00e9m consta no <strong>Plano Plurianual (PPA)<\/strong> da cidade do Rio de Janeiro, at\u00e9 2025.<\/p>\n<p>O PPA \u00e9 uma ferramenta de planejamento de m\u00e9dio prazo, com os objetivos e metas que o Governo Municipal pretende alcan\u00e7ar ao longo de um per\u00edodo de quatro anos. Assim, a inclus\u00e3o do concurso GM Rio no PPA indica que h\u00e1 um compromisso na realiza\u00e7\u00e3o de um novo certame!<\/p>\n<p>Um novo processo para a preenchimento de vagas da Guarda do Rio de Janeiro tamb\u00e9m melhorar\u00e1 a qualidade dos servi\u00e7os prestados, haja vista a <strong>defasagem<\/strong> no quadro de servidores.<\/p>\n<blockquote><p><em>\u201c\u00c9 um desejo de todos n\u00f3s (\u2026) at\u00e9 porque o que se quer da guarda municipal \u00e9 uma guarda proativa, uma guarda na rua, uma guarda presente, uma guarda que consiga atender ao seu p\u00fablico, n\u00e3o s\u00f3 o p\u00fablico do Rio de Janeiro, mas tamb\u00e9m os turistas e as pessoas de outros munic\u00edpios que transitam na cidade, que trabalham aqui\u201d<\/em>. declarou Jos\u00e9 Ricardo Soares da Silva, inspetor-geral da GM Rio.<\/p><\/blockquote>\n<p>\u00a0<\/p>\n<p>Agora \u00e9 o momento de intensificar os estudos e estar atento as atualiza\u00e7\u00f5es oficiais que ser\u00e3o divulgadas pela Prefeitura.<\/p>\n<p>Continue com a gente para ficar por dentro de tudo o que voc\u00ea precisa saber sobre o Concurso!<\/p>\n<p>Estude para o concurso dos seus sonhos com o\u00a0<strong>M\u00e9todo<\/strong>\u00a0que j\u00e1 ajudou na\u00a0<strong>aprova\u00e7\u00e3o de mais de 70 mil alunos!<\/strong>\u00a0<a href=\"https:\/\/aprovacao.novaconcursos.com.br\/assinatura?promo_creative=Clique+aqui&amp;promo_name=concurso&amp;promo_id=%2Fportal%2Fconcursos%2Fconcurso-adab&amp;promo_position=corpo-texto\" rel=\"noreferrer noopener\">Clique aqui<\/a> e saiba mais!<\/p>\n<h2 id=\"ps2id-idcargos-targetaumento-de-vagas-na-guarda-municipal-rj\">[ps2id id=\u2019cargos\u2019 target=\u201d\/]Aumento de vagas na Guarda Municipal RJ!<\/h2>\n<p>O prefeito do Rio de Janeiro, em proposta de campanha, prometeu o aumento no n\u00famero de servidores da Guarda Municipal do RJ.<\/p>\n<p>De acordo com o prefeito a capital carioca dever\u00e1 contar com 10 mil servidores da Guarda.<\/p>\n<p>Atualmente, a GM Rio possui cerca de <strong>7 mil agentes<\/strong>. Sendo assim, faltam cerca de\u00a0<strong>3 mil novos servidores<\/strong> para atingir o quadro completo, que \u00e9 sua meta!<\/p>\n<ul><li><strong>Confira:\u00a0<\/strong><a href=\"https:\/\/www.novaconcursos.com.br\/apostila\/gm-rio-prep-guarda-municipal?q=guarda%20rio%20de%20janeiro\">Apostila GM RIO 2023 \u2013 Guarda Municipal\u00a0<\/a><\/li>\n<\/ul><h2 id=\"ps2id-idltimo-targetltimo-concurso-guarda-municipal-rj\">[ps2id id=\u2019\u00faltimo\u2019 target=\u201d\/]\u00daltimo concurso Guarda Municipal RJ<\/h2>\n<p><span style=\"font-weight: 400\">O \u00faltimo edital GM Rio foi publicado em <strong>2012<\/strong>, com a oferta de<strong> 2.000 vagas<\/strong> distribu\u00eddas da seguinte forma:<\/span><\/p>\n<ul><li>Regulares: 1.600 vagas<\/li>\n<li>Negros e ind\u00edgenas: 400 vagas<\/li>\n<\/ul><p>\u00a0<\/p>\n<p>Com uma carga hor\u00e1ria de 44h semanais, o cargo contou com uma remunera\u00e7\u00e3o de<strong> R$ 1.411,49<\/strong>.<\/p>\n<h3>Requisitos<\/h3>\n<p>As exig\u00eancias m\u00ednimas para investidura no cargo foram:<\/p>\n<ul><li><strong>ter, no m\u00ednimo, a idade de 18 anos completos na data da posse e, no m\u00e1ximo, 30 anos completos at\u00e9 o \u00faltimo dia de inscri\u00e7\u00e3o;<\/strong><\/li>\n<li><strong>possuir estatura m\u00ednima, descal\u00e7o e descoberto, de 1,65m para homem e 1,60m para mulher;<\/strong><\/li>\n<li>ser brasileiro nato ou naturalizado ou, em caso de nacionalidade portuguesa, estar amparado pelo estatuto de igualdade entre brasileiros e portugueses, com reconhecimento do gozo dos direitos pol\u00edticos;<\/li>\n<li>estar em dia com as obriga\u00e7\u00f5es eleitorais;<\/li>\n<li>estar em dia com as obriga\u00e7\u00f5es militares, se do sexo masculino;<\/li>\n<li>n\u00e3o ter sido licenciado de Corpora\u00e7\u00e3o Militar, Policial Militar ou Bombeiro Militar, de qualquer Unidade da Federa\u00e7\u00e3o e de Guardas Municipais e Guardas Civis Metropolitanas, por motivos disciplinares ou judiciais;<\/li>\n<li>n\u00e3o ter registro de antecedentes criminais, n\u00e3o estar respondendo ou ter respondido a Processo Penal ou Inqu\u00e9rito Policial que o inabilite para o exerc\u00edcio do cargo;<\/li>\n<li>n\u00e3o ter sido desligado de Concursos P\u00fablicos, no \u00e2mbito da Uni\u00e3o, Estado ou Munic\u00edpio, em decorr\u00eancia de qualquer processo administrativo que inabilitou o candidato para o exerc\u00edcio do cargo pretendido;<\/li>\n<li>n\u00e3o apresentar defici\u00eancia f\u00edsica, mental ou sensorial;<\/li>\n<li><strong>possuir Carteira Nacional de Habilita\u00e7\u00e3o nas categorias \u201cA\u201d e\/ou \u201cB\u201d, ou superior;<\/strong><\/li>\n<li>ter boa conduta social;<\/li>\n<li>atender ao estabelecido no Decreto N\u00ba 35610, de 15\/05\/2012 que institui o regime \u201cFicha Limpa\u201d como requisito para o ingresso em cargo ou emprego p\u00fablico no \u00e2mbito da Administra\u00e7\u00e3o P\u00fablica Direta e Indireta do Munic\u00edpio do Rio de Janeiro;<\/li>\n<li>n\u00e3o ter sofrido penalidades e nem ter praticado atos desabonadores no exerc\u00edcio de fun\u00e7\u00e3o p\u00fablica ou de atividade privada.<\/li>\n<\/ul><p>\u00a0<\/p>\n<p>Al\u00e9m disso, foi requisito a conclus\u00e3o do <strong>n\u00edvel m\u00e9dio<\/strong>.<\/p>\n<h3>Atribui\u00e7\u00f5es<\/h3>\n<p>Dentre as fun\u00e7\u00f5es e responsabilidades desempenhadas pelo cargo, estavam:<\/p>\n<ul><li>proteger bens, servi\u00e7os e instala\u00e7\u00f5es municipais do Rio de Janeiro;<\/li>\n<li>fiscalizar, organizar e orientar o tr\u00e1fego de ve\u00edculos no territ\u00f3rio municipal, observadas, estritamente, as compet\u00eancias municipais;<\/li>\n<li>orientar a comunidade local quanto ao direito de utiliza\u00e7\u00e3o dos bens e servi\u00e7os p\u00fablicos;<\/li>\n<li>proteger o meio ambiente e o patrim\u00f4nio hist\u00f3rico, cultural, ecol\u00f3gico e paisag\u00edstico do Munic\u00edpio;<\/li>\n<li>apoiar e orientar o turista brasileiro e estrangeiro;<\/li>\n<li>colaborar com as opera\u00e7\u00f5es de defesa civil do Munic\u00edpio;<\/li>\n<li>estabelecer, em conjunto com os \u00f3rg\u00e3os de pol\u00edcia ostensiva de tr\u00e2nsito, as diretrizes para o policiamento de tr\u00e2nsito, no \u00e2mbito do Munic\u00edpio;<\/li>\n<li>cumprir e fazer cumprir a legisla\u00e7\u00e3o e as normas de tr\u00e2nsito, no \u00e2mbito de atribui\u00e7\u00e3o do Munic\u00edpio;<\/li>\n<li>executar a fiscaliza\u00e7\u00e3o de tr\u00e2nsito, autuar e aplicar as penalidades de advert\u00eancia por escrito e ainda as multas e medidas administrativas cab\u00edveis, inclusive por infra\u00e7\u00f5es de circula\u00e7\u00e3o, estacionamento e parada previstas no C\u00f3digo Brasileiro de Tr\u00e2nsito, notificando os infratores, no \u00e2mbito de atribui\u00e7\u00e3o do Munic\u00edpio;<\/li>\n<li>fiscalizar, autuar e aplicar penalidades e medidas administrativas cab\u00edveis relativas a infra\u00e7\u00f5es de excesso de peso, dimens\u00f5es e lota\u00e7\u00e3o de ve\u00edculos, notificando os infratores, no \u00e2mbito de atribui\u00e7\u00e3o do Munic\u00edpio;<\/li>\n<li>participar de projetos e programas de educa\u00e7\u00e3o e seguran\u00e7a de tr\u00e2nsito, de acordo com as diretrizes estabelecidas pelo Conselho Nacional de Tr\u00e2nsito \u2013 CONTRAN;<\/li>\n<li>vigiar os espa\u00e7os p\u00fablicos, tornando-os mais seguros, em colabora\u00e7\u00e3o com os \u00f3rg\u00e3os respons\u00e1veis pela seguran\u00e7a p\u00fablica no \u00e2mbito federal ou estadual;<\/li>\n<li>exercer o poder de pol\u00edcia no \u00e2mbito do Munic\u00edpio do Rio de Janeiro, inclusive sancionat\u00f3rio, ressalvadas as hip\u00f3teses em que, por for\u00e7a de lei, a atribui\u00e7\u00e3o seja privativa de outra categoria funcional, situa\u00e7\u00e3o em que poder\u00e1 auxiliar a fiscaliza\u00e7\u00e3o com a pr\u00e1tica de atos meramente materiais;<\/li>\n<li>implementar a\u00e7\u00f5es comunit\u00e1rias no intuito de aproximar o Poder P\u00fablico dos grupos sociais, visando identificar e trabalhar, no limite das suas atribui\u00e7\u00f5es, os problemas espec\u00edficos de cada \u00e1rea da Cidade.<\/li>\n<\/ul><p>\u00a0<\/p>\n<h3>Etapas de sele\u00e7\u00e3o<\/h3>\n<p>O concurso foi realizado em\u00a0<strong>cinco\u00a0<\/strong>etapas, sendo elas:<\/p>\n<ul><li>Prova Objetiva;<\/li>\n<li>Provas Antropom\u00e9trica e F\u00edsica;<\/li>\n<li>Avalia\u00e7\u00e3o Psicol\u00f3gica;<\/li>\n<li>Exame Social e Documental; e<\/li>\n<li>Curso de Forma\u00e7\u00e3o.<\/li>\n<\/ul><p>\u00a0<\/p>\n<h4>Prova objetiva<\/h4>\n<p>Esta etapa, de car\u00e1ter eliminat\u00f3rio e classificat\u00f3rio, foi composta por <strong>60 quest\u00f5es<\/strong> de m\u00faltipla escolha, distribu\u00eddas entre as disciplinas a seguir:<\/p>\n<ul><li>L\u00edngua Portuguesa (25)<\/li>\n<li>No\u00e7\u00f5es de Direito Administrativo e Constitucional (15)<\/li>\n<li>Direitos Humanos e Cidadania (04)<\/li>\n<li>\u00c9tica do Servidor na Administra\u00e7\u00e3o P\u00fablica (06)<\/li>\n<li>No\u00e7\u00f5es de Inform\u00e1tica e de Racioc\u00ednio L\u00f3gico (10)<\/li>\n<\/ul><p>\u00a0<\/p>\n<p>Em uma escala de 0 \u00e0 60 pontos, foram considerados <strong>aprovados<\/strong> os candidatos que obtiveram a pontua\u00e7\u00e3o m\u00ednima exigida por conte\u00fado\/disciplina <strong>e<\/strong> a nota m\u00ednima total da prova.<\/p>\n<ul><li>Pontua\u00e7\u00e3o m\u00ednima por disciplina: 1,00<\/li>\n<li>Pontua\u00e7\u00e3o total m\u00ednima: 30,00<\/li>\n<\/ul><p>\u00a0<\/p>\n<h4>Provas Antropom\u00e9trica e F\u00edsica<\/h4>\n<p>Nesta etapa foi avaliada a capacidade f\u00edsica do candidato, a partir da avalia\u00e7\u00e3o da altura e do \u00cdndice de Massa Corporal \u2013 IMC.<\/p>\n<p>Foram realizados os seguintes <strong>testes<\/strong>:<\/p>\n<ul><li>Flex\u00e3o de bra\u00e7os na barra fixa (masculino);<\/li>\n<li>Flex\u00e3o isom\u00e9trica na barra fixa (feminino);<\/li>\n<li>Impuls\u00e3o horizontal<\/li>\n<li>Flex\u00e3o abdominal;<\/li>\n<li>Corrida em 12 minutos.<\/li>\n<\/ul><p>\u00a0<\/p>\n<h4>Avalia\u00e7\u00e3o Psicol\u00f3gica<\/h4>\n<p>Esta etapa consistiu na avalia\u00e7\u00e3o de \u00a0aspectos da personalidade e do comportamento humano e servem de base para a an\u00e1lise final do desempenho para a fun\u00e7\u00e3o espec\u00edfica de guarda municipal.<\/p>\n<p>Assim, foi aplicada uma bateria de testes psicol\u00f3gicos, que visou apurar as condi\u00e7\u00f5es necess\u00e1rias a uma perfeita adaptabilidade e um bom desempenho do candidato no exerc\u00edcio do cargo.<\/p>\n<h2 id=\"ps2id-idsobre-targetsobre-a-gm-rj\">[ps2id id=\u2019sobre\u2019 target=\u201d\/]Sobre a GM RJ<\/h2>\n<p>Vinculada \u00e0 Secretaria Municipal de Ordem P\u00fablica, a Guarda Municipal do <a href=\"https:\/\/prefeitura.rio\/\" target=\"_blank\" rel=\"noopener\">Rio de Janeiro<\/a> foi criada em 1993 para proteger o cidad\u00e3o e atuar nas mais variadas frentes: no ordenamento urbano, na fiscaliza\u00e7\u00e3o do tr\u00e2nsito e das posturas municipais, na preserva\u00e7\u00e3o de bens, servi\u00e7os e instala\u00e7\u00f5es e no apoio \u00e0s a\u00e7\u00f5es de Seguran\u00e7a P\u00fablica.<\/p>\n<p>Com 7.312 guardas, a GM-Rio mant\u00e9m <strong>35 unidades operacionais<\/strong> na cidade, sendo 15 Inspetorias, 11 Unidades de Ordem P\u00fablica e nove Grupamentos Especiais. As equipes atuam no patrulhamento a p\u00e9, com c\u00e3es, em viaturas, carrinhos el\u00e9tricos, bicicletas e motocicletas. Para acompanhar a dia a dia da cidade, a Guarda Municipal desenvolve diversas a\u00e7\u00f5es de seguran\u00e7a em escolas municipais, praias, pra\u00e7as, parques e nos principais pontos tur\u00edsticos do Rio. \u00c9 considerada a maior Guarda Municipal desarmada do pa\u00eds e \u00e9 refer\u00eancia em a\u00e7\u00f5es operacionais.<\/p>\n<p>\u00a0<\/p>","protected":false},"excerpt":{"rendered":"<p>Aten\u00e7\u00e3o, concurseiros! Novas atualiza\u00e7\u00f5es indicam que o pr\u00f3ximo concurso Guarda Municipal RJ est\u00e1 cada vez mais pr\u00f3ximo! ?<\/p>\n<p>Com o aumento no n\u00famero de servidores, edital dever\u00e1 surpreender na oferta de vagas! ?<\/p>\n<p>Saiba todos os detalhes!\u00a0<\/p>\n","protected":false},"author":54662,"featured_media":212079,"comment_status":"closed","ping_status":"closed","sticky":false,"template":"","format":"standard","meta":{"_acf_changed":false,"footnotes":"","_wp_rev_ctl_limit":""},"categories":[44999],"tags":[],"class_list":["post-111782","post","type-post","status-publish","format-standard","has-post-thumbnail","hentry","category-concursos"],"acf":[],"_links":{"self":[{"href":"https:\/\/www.novaconcursos.com.br\/portal\/wp-json\/wp\/v2\/posts\/111782","targetHints":{"allow":["GET"]}}],"collection":[{"href":"https:\/\/www.novaconcursos.com.br\/portal\/wp-json\/wp\/v2\/posts"}],"about":[{"href":"https:\/\/www.novaconcursos.com.br\/portal\/wp-json\/wp\/v2\/types\/post"}],"author":[{"embeddable":true,"href":"https:\/\/www.novaconcursos.com.br\/portal\/wp-json\/wp\/v2\/users\/54662"}],"replies":[{"embeddable":true,"href":"https:\/\/www.novaconcursos.com.br\/portal\/wp-json\/wp\/v2\/comments?post=111782"}],"version-history":[{"count":26,"href":"https:\/\/www.novaconcursos.com.br\/portal\/wp-json\/wp\/v2\/posts\/111782\/revisions"}],"predecessor-version":[{"id":264450,"href":"https:\/\/www.novaconcursos.com.br\/portal\/wp-json\/wp\/v2\/posts\/111782\/revisions\/264450"}],"wp:featuredmedia":[{"embeddable":true,"href":"https:\/\/www.novaconcursos.com.br\/portal\/wp-json\/wp\/v2\/media\/212079"}],"wp:attachment":[{"href":"https:\/\/www.novaconcursos.com.br\/portal\/wp-json\/wp\/v2\/media?parent=111782"}],"wp:term":[{"taxonomy":"category","embeddable":true,"href":"https:\/\/www.novaconcursos.com.br\/portal\/wp-json\/wp\/v2\/categories?post=111782"},{"taxonomy":"post_tag","embeddable":true,"href":"https:\/\/www.novaconcursos.com.br\/portal\/wp-json\/wp\/v2\/tags?post=111782"}],"curies":[{"name":"wp","href":"https:\/\/api.w.org\/{rel}","templated":true}]}}