{"id":111876,"date":"2021-01-12T11:36:17","date_gmt":"2021-01-12T14:36:17","guid":{"rendered":"https:\/\/www.novaconcursos.com.br\/portal\/?p=111876"},"modified":"2021-02-15T14:19:15","modified_gmt":"2021-02-15T17:19:15","slug":"concurso-sefaz-ce-edital-previsto","status":"publish","type":"post","link":"https:\/\/www.novaconcursos.com.br\/portal\/noticias\/concurso-sefaz-ce-edital-previsto\/","title":{"rendered":"Concurso SEFAZ CE: Com edital previsto, banca organizadora est\u00e1 sendo escolhida!"},"content":{"rendered":"<p class=\"wp-block-paragraph\"><\/p><p>O ano de 2021 come\u00e7a com a expectativa de uma nova sele\u00e7\u00e3o Sefaz CE, que tem edital previsto para este primeiro semestre e j\u00e1 escolhe banca. <\/p>\n[mauticform id=\u201d272\u2033 chamada=\u201dReceba em seu e-mail todas oportunidades de Concursos para o Estado do Cear\u00e1\u201d titulo=\u201dQuer Receber Todas Oportunidades para o Estado do Cear\u00e1?\u201d track=\u201dCaptura \u2013 Blog Not\u00edcia Ceara\u201d]\n\n\n\n<h2 class=\"wp-block-heading\" id=\"novidades-sobre-o-certame-sefaz-ce\">Novidades sobre o certame SEFAZ CE<\/h2>\n\n\n\n<p class=\"wp-block-paragraph\">Aten\u00e7\u00e3o concurseiros que aguardam pelo novo<strong> <a href=\"https:\/\/www.novaconcursos.com.br\/\">concurso <\/a>Sefaz CE<\/strong>! Voc\u00eas devem ficar atentos \u00e0s <strong>pr\u00f3ximas novidades<\/strong>. O ano de 2021 come\u00e7a com expectativas pela <a href=\"https:\/\/www.novaconcursos.com.br\/\">sele\u00e7\u00e3o<\/a>, que tem <strong>edital previsto para sair at\u00e9 junho.\u00a0\u00a0\u00a0<\/strong><\/p>\n\n\n\n<p class=\"wp-block-paragraph\">At\u00e9 ent\u00e3o, a comiss\u00e3o trabalha na <strong>escolha da banca organizadora<\/strong>, que deve ser anunciada nos pr\u00f3ximos meses, assim como a <strong>data de abertura do <a href=\"https:\/\/www.novaconcursos.com.br\/\">concurso.<\/a><\/strong><\/p>\n\n\n\n<p class=\"wp-block-paragraph\">Al\u00e9m disso, o aval oficial tamb\u00e9m se aproxima. Em dezembro, por exemplo, a <strong>Lei Or\u00e7ament\u00e1ria Anual (LOA) 2021<\/strong> foi aprovada, com uma reserva de <strong>R$ 100 mil<\/strong> para o<strong> <a href=\"https:\/\/www.novaconcursos.com.br\/\">concurso<\/a> da Secretaria da Fazenda do Cear\u00e1.<\/strong><\/p>\n\n\n\n<p class=\"wp-block-paragraph\">Em novembro, o governador Camilo Santana indicou que autorizaria, oficialmente, a<a href=\"https:\/\/www.novaconcursos.com.br\/\"> <strong>sele\u00e7\u00e3o<\/strong><\/a><strong> Sefaz CE.<\/strong><\/p>\n\n\n\n<p class=\"wp-block-paragraph\">De acordo com a secret\u00e1ria da Fazenda, Fernanda Pacobahyba, <strong>as vagas ser\u00e3o imediatas e sem previs\u00e3o de cadastro reserva.<\/strong><\/p>\n\n\n\n<p class=\"wp-block-paragraph\"><em>\u201cA minha pretens\u00e3o, j\u00e1 alinhada com o Governo do Estado, \u00e9 realizar concursos (Sefaz CE) com um menor n\u00famero de vagas e uma maior regularidade [\u2026] N\u00e3o pretendemos formar cadastro de reserva, as nomea\u00e7\u00f5es ser\u00e3o imediatas devido a urg\u00eancia da necessidade de pessoal\u201d<\/em>, disse.<\/p>\n\n\n\n<div class=\"wp-block-image\"><figure class=\"aligncenter size-large is-resized\"><img decoding=\"async\" src=\"https:\/\/www.novaconcursos.com.br\/portal\/wp-content\/uploads\/2019\/06\/CE-SEFAZ-1024x863.jpg\" alt=\"Nova-SEFAZ-CE\" class=\"wp-image-86091\" width=\"750\" height=\"631\" loading=\"lazy\" title=\"\" srcset=\"https:\/\/www.novaconcursos.com.br\/portal\/wp-content\/uploads\/2019\/06\/CE-SEFAZ-300x253.jpg 300w, https:\/\/www.novaconcursos.com.br\/portal\/wp-content\/uploads\/2019\/06\/CE-SEFAZ-1024x863.jpg 1024w\" sizes=\"auto, (max-width: 480px) 100vw, (max-width: 768px) 100vw, (max-width: 1200px) 70vw, 768px\"><\/figure><\/div>\n\n\n\n<h2 class=\"wp-block-heading\" id=\"seleo-sefaz-ce-pode-ofertar-100-vagas\"><strong>Sele\u00e7\u00e3o Sefaz CE pode ofertar 100 vagas<\/strong><\/h2>\n\n\n\n<p class=\"wp-block-paragraph\">Em setembro, em resposta ao <strong>Sindicato dos Fazend\u00e1rios do Cear\u00e1 (Sintaf),<\/strong> Fernanda Pacobahyba anunciou que est\u00e3o previstas <strong>100 vagas<\/strong>. <strong>O quantitativo, entretanto, n\u00e3o agradou a categoria.<\/strong><\/p>\n\n\n\n<p class=\"wp-block-paragraph\"><em>\u201cNossa reivindica\u00e7\u00e3o \u00e9 para que o concurso contemple todos os cargos da Secretaria, tendo em vista a insufici\u00eancia de servidores em todas as unidades fazend\u00e1rias, comprometendo as condi\u00e7\u00f5es de trabalho e, como consequ\u00eancia, a arrecada\u00e7\u00e3o. Esperamos que a quantidade de vagas seja suficiente para suprir as atividades fins da Sefaz: Tributa\u00e7\u00e3o, Arrecada\u00e7\u00e3o, Fiscaliza\u00e7\u00e3o e Finan\u00e7as\u201d<\/em>, disse o diretor de Organiza\u00e7\u00e3o do Sintaf, L\u00facio Maia.<\/p>\n\n\n\n<p class=\"wp-block-paragraph\">De acordo com a secret\u00e1ria, todas as oportunidades ser\u00e3o de <strong>n\u00edvel superior e para a carreira de auditor<\/strong>. A distribui\u00e7\u00e3o, entretanto, ainda ser\u00e1 confirmada pela <strong>comiss\u00e3o organizadora.<\/strong><\/p>\n\n\n\n<p class=\"wp-block-paragraph\"><strong>Est\u00e3o previstas oportunidades para:<\/strong><\/p>\n\n\n\n<ul class=\"wp-block-list\"><li>auditor fiscal (superior em qualquer \u00e1rea);<\/li><li>analista\/auditor em tecnologia da informa\u00e7\u00e3o (gradua\u00e7\u00e3o na \u00e1rea);<\/li><li>analista\/auditor cont\u00e1bil (gradua\u00e7\u00e3o na \u00e1rea); e<\/li><li>analista\/auditor jur\u00eddico (gradua\u00e7\u00e3o na \u00e1rea).<\/li><\/ul><p class=\"wp-block-paragraph\">Os sal\u00e1rios iniciais variam de <strong>R$ 4.784,33<\/strong> a <strong>R$ 12.906,50<\/strong>, para jornada de <strong>40 horas.<\/strong><\/p>\n\n\n\n<p class=\"wp-block-paragraph\">Fernanda Pacobahyba j\u00e1 adiantou as poss\u00edveis etapas e conte\u00fado da <a href=\"https:\/\/www.novaconcursos.com.br\/\">sele\u00e7\u00e3o<\/a>. Segundo ela, os candidatos ser\u00e3o avaliados por meio de <strong>provas objetivas e discursivas.<\/strong><\/p>\n\n\n\n<p class=\"wp-block-paragraph\"><strong>O exame de t\u00edtulos e o curso de forma\u00e7\u00e3o n\u00e3o devem ser cobrados.<\/strong><\/p>\n\n\n\n<p class=\"wp-block-paragraph\"><em>\u201cOs candidatos interessados em ingressar na Sefaz CE podem usar o \u00faltimo edital como base para os estudos. Teremos algumas altera\u00e7\u00f5es nas etapas, como o curso de forma\u00e7\u00e3o que n\u00e3o ser\u00e1 mais realizado. No entanto, as provas dissertativas seguem previstas. As disciplinas e conte\u00fado program\u00e1tico vamos definir pr\u00f3ximo \u00e0 contrata\u00e7\u00e3o da empresa organizadora\u201d<\/em>, disse.<\/p>","protected":false},"excerpt":{"rendered":"<p>O ano de 2021 come\u00e7a com a expectativa de uma nova sele\u00e7\u00e3o Sefaz CE, que tem edital previsto para este primeiro semestre e j\u00e1 escolhe banca. [mauticform id=\u201d272\u2033 chamada=\u201dReceba em seu e-mail todas oportunidades de Concursos para o Estado do Cear\u00e1\u201d titulo=\u201dQuer Receber Todas Oportunidades para o Estado do Cear\u00e1?\u201d track=\u201dCaptura \u2013 Blog Not\u00edcia Ceara\u201d] [&hellip;]<\/p>\n","protected":false},"author":54662,"featured_media":86084,"comment_status":"closed","ping_status":"closed","sticky":false,"template":"","format":"standard","meta":{"_acf_changed":false,"footnotes":"","_wp_rev_ctl_limit":""},"categories":[228],"tags":[],"class_list":["post-111876","post","type-post","status-publish","format-standard","has-post-thumbnail","hentry","category-noticias"],"acf":[],"_links":{"self":[{"href":"https:\/\/www.novaconcursos.com.br\/portal\/wp-json\/wp\/v2\/posts\/111876","targetHints":{"allow":["GET"]}}],"collection":[{"href":"https:\/\/www.novaconcursos.com.br\/portal\/wp-json\/wp\/v2\/posts"}],"about":[{"href":"https:\/\/www.novaconcursos.com.br\/portal\/wp-json\/wp\/v2\/types\/post"}],"author":[{"embeddable":true,"href":"https:\/\/www.novaconcursos.com.br\/portal\/wp-json\/wp\/v2\/users\/54662"}],"replies":[{"embeddable":true,"href":"https:\/\/www.novaconcursos.com.br\/portal\/wp-json\/wp\/v2\/comments?post=111876"}],"version-history":[{"count":3,"href":"https:\/\/www.novaconcursos.com.br\/portal\/wp-json\/wp\/v2\/posts\/111876\/revisions"}],"predecessor-version":[{"id":119187,"href":"https:\/\/www.novaconcursos.com.br\/portal\/wp-json\/wp\/v2\/posts\/111876\/revisions\/119187"}],"wp:featuredmedia":[{"embeddable":true,"href":"https:\/\/www.novaconcursos.com.br\/portal\/wp-json\/wp\/v2\/media\/86084"}],"wp:attachment":[{"href":"https:\/\/www.novaconcursos.com.br\/portal\/wp-json\/wp\/v2\/media?parent=111876"}],"wp:term":[{"taxonomy":"category","embeddable":true,"href":"https:\/\/www.novaconcursos.com.br\/portal\/wp-json\/wp\/v2\/categories?post=111876"},{"taxonomy":"post_tag","embeddable":true,"href":"https:\/\/www.novaconcursos.com.br\/portal\/wp-json\/wp\/v2\/tags?post=111876"}],"curies":[{"name":"wp","href":"https:\/\/api.w.org\/{rel}","templated":true}]}}