{"id":111988,"date":"2024-01-22T07:47:25","date_gmt":"2024-01-22T10:47:25","guid":{"rendered":"https:\/\/www.novaconcursos.com.br\/portal\/?post_type=nc-public-tender&#038;p=111988"},"modified":"2025-04-10T17:34:05","modified_gmt":"2025-04-10T20:34:05","slug":"concurso-tj-ac","status":"publish","type":"post","link":"https:\/\/www.novaconcursos.com.br\/portal\/concursos\/concurso-tj-ac\/","title":{"rendered":"Concurso TJ AC: Edital publicado. 91 vagas e at\u00e9 R$ 7 mil!"},"content":{"rendered":"<p>Boas not\u00edcias, concurseiros! Foi publicado o concurso <strong>TJ AC<\/strong> (Tribunal de Justi\u00e7a do Acre)!<\/p>\n\n\n\n<p>O certame oferece vagas de <strong>n\u00edveis m\u00e9dio e superior<\/strong>, com iniciais de at\u00e9 <strong>R$ 7 mil<\/strong>!<\/p>\n\n\n\n<p>Tem interesse na sele\u00e7\u00e3o? Ent\u00e3o continue com a gente e saiba como participar<\/p>\n\n\n\n<h2 class=\"wp-block-heading\" id=\"resumo-do-edital\">Resumo do Edital<\/h2>\n\n\n\n<p>Vagas: 91 + 1.460 CR<br>Escolaridade: n\u00edveis m\u00e9dio e superior<br>Sal\u00e1rio: R$ 4.659,20 e R$ 7.571,20<br>Per\u00edodo de inscri\u00e7\u00e3o: de 07\/02\/2024 a 01\/03\/2024<br>Taxa de inscri\u00e7\u00e3o: R$ 100,00 e R$ 120,00<br>Prova: 24\/03\/2024<br>Banca: Instituto Verbena (UFG)<br><a href=\"https:\/\/sistemas.institutoverbena.ufg.br\/2024\/tj-ac\/sistema\/arquivos\/editais\/Edital_de_Abertura_-_TJAC_-_compilado_3.pdf\" target=\"_blank\" rel=\"noopener\">Baixe o edital.<\/a><\/p>\n\n\n\n<h2 class=\"wp-block-heading\" id=\"como-se-inscrever-no-concurso-tj-ac\">Como se inscrever no concurso TJ AC?<\/h2>\n\n\n\n<p>As inscri\u00e7\u00f5es do concurso Tribunal de Justi\u00e7a AC estar\u00e3o abertas entre os dias <strong>07 de fevereiro de 2024 e 01 de mar\u00e7o de 2024<\/strong>, no site da banca organizadora, <a href=\"https:\/\/sistemas.institutoverbena.ufg.br\/2024\/tj-ac\/\" target=\"_blank\" rel=\"noopener\">Instituto Verbena (UFG)<\/a>.<\/p>\n\n\n\n<p>Para efetivar a inscri\u00e7\u00e3o, o interessado dever\u00e1 realizar o pagamento de uma<strong> taxa de inscri\u00e7\u00e3o<\/strong>, at\u00e9 o dia 01 de mar\u00e7o, nos seguintes <strong>valores<\/strong>:<\/p>\n\n\n\n<ul class=\"wp-block-list\"><li>N\u00edvel m\u00e9dio\/t\u00e9cnico: R$ 100,00<\/li>\n\n\n\n<li>N\u00edvel superior: R$ 120,00<\/li>\n<\/ul><p>Haver\u00e1 a <strong>isen\u00e7\u00e3o da taxa<\/strong> de inscri\u00e7\u00e3o para o candidato(a):<\/p>\n\n\n\n<ul class=\"wp-block-list\"><li>inscrito(a) no Cadastro \u00danico para Programas Sociais do Governo Federal (Cad\u00danico) e membro de fam\u00edlia de baixa renda; ou<\/li>\n\n\n\n<li>eleitor(a) convocado(a) e nomeado(a) pela Justi\u00e7a Eleitoral do Acre mediante comprova\u00e7\u00e3o do servi\u00e7o prestado \u00e0 Justi\u00e7a Eleitoral; ou<\/li>\n\n\n\n<li>doador(a) de sangue; ou<\/li>\n\n\n\n<li>doador(a) de medula \u00f3ssea.<\/li>\n<\/ul><p><strong>Fique atento(a)!<\/strong> A solicita\u00e7\u00e3o do benef\u00edcio dever\u00e1 ser realizada entre os dias 07 e 09 de fevereiro!<\/p>\n\n\n\n<ul class=\"wp-block-list\"><li><strong>Confira:\u00a0<\/strong><a href=\"https:\/\/www.novaconcursos.com.br\/livro-impresso\/questoes-tj-tribunal-justica?promo_creative=Livro+de+Quest%C3%B5es+Comentadas+TJ+%E2%80%93+Tribunal+de+Justi%C3%A7a&amp;promo_name=noticia&amp;promo_id=%2Fportal%2Fnoticias%2Fsaiu-o-edital-tj-ac-vagas-de-niveis-medio-e-superior&amp;promo_position=corpo-texto\">Livro de Quest\u00f5es Comentadas TJ \u2013 Tribunal de Justi\u00e7a<\/a><\/li>\n<\/ul><p>Estude para o concurso dos seus sonhos com o\u00a0<strong>M\u00e9todo<\/strong>\u00a0que j\u00e1 ajudou na\u00a0<strong>aprova\u00e7\u00e3o de mais de 70 mil alunos.<\/strong>\u00a0<a href=\"https:\/\/aprovacao.novaconcursos.com.br\/assinatura?promo_creative=Clique+aqui&amp;promo_name=noticia&amp;promo_id=%2Fportal%2Fnoticias%2Fsaiu-o-edital-tj-ac-vagas-de-niveis-medio-e-superior&amp;promo_position=corpo-texto\" target=\"_blank\" rel=\"noreferrer noopener\">Clique aqui<\/a>\u00a0\u00a0e saiba mais!<\/p>\n\n\n\n<h2 class=\"wp-block-heading\" id=\"quais-so-os-cargos-vagas-e-salrios-do-concurso-tj-ac\">Quais s\u00e3o os cargos, vagas e sal\u00e1rios do concurso TJ AC?<\/h2>\n\n\n\n<p>O TJ AC est\u00e1 ofertando\u00a0<strong>91 vagas imediatas + 1.460 para cadastro reserva<\/strong>, para os cargos de <strong>T\u00e9cnico e Analista<\/strong> Judici\u00e1rio.<\/p>\n\n\n\n<p><strong>T\u00e9cnico Judici\u00e1rio \u2013 N\u00edvel M\u00e9dio\/T\u00e9cnico<\/strong><\/p>\n\n\n\n<ul class=\"wp-block-list\"><li>Agente de Pol\u00edcia Judicial: 1 vaga + CR<\/li>\n\n\n\n<li>T\u00e9cnico em Microinform\u00e1tica: 1 vaga<\/li>\n\n\n\n<li>T\u00e9cnico em Seguran\u00e7a do Trabalho: 1 vaga + CR<\/li>\n\n\n\n<li>\u00a0T\u00e9cnico Judici\u00e1rio \u2013 T\u00e9cnico Judici\u00e1rio<\/li>\n<\/ul><p><strong>Analista Judici\u00e1rio \u2013 \u00c1rea Administrativa \u2013 N\u00edvel Superior<\/strong><\/p>\n\n\n\n<ul class=\"wp-block-list\"><li>Administrador: 1 vaga + CR<\/li>\n\n\n\n<li>Analistas de Sistemas: 15 vaga + CR<\/li>\n\n\n\n<li>An\u00e1lise de Sistemas \u2013 Banco de Dados: 2 vagas + CR<\/li>\n\n\n\n<li>An\u00e1lise de Sistemas \u2013 Suporte T\u00e9cnico em Infraestrutura: 2 vagas + CR<\/li>\n\n\n\n<li>An\u00e1lise de Sistemas \u2013 Redes: 1 vaga + CR<\/li>\n\n\n\n<li>Monitoramento de TI: 2 + CR<\/li>\n\n\n\n<li>Analista de Neg\u00f3cios de TI: 1 + CR<\/li>\n\n\n\n<li>Analista de Projetos de TI: 1 + CR<\/li>\n\n\n\n<li>Analista de Suportes 2 + CR;<\/li>\n\n\n\n<li>An\u00e1lise de Sistemas \u2013 Web Designer: CR\n<ul class=\"wp-block-list\"><li>Seguran\u00e7a da Informa\u00e7\u00e3o: 2 vagas + CR<\/li>\n<\/ul><\/li>\n\n\n\n<li>Arquiteto: 1 vaga + CR<\/li>\n\n\n\n<li>Arquivista: 1 vaga + CR<\/li>\n\n\n\n<li>Comunica\u00e7\u00e3o Social: CR<\/li>\n\n\n\n<li>Contador: 1 vaga + CR<\/li>\n\n\n\n<li>Direito: 3 vagas + CR<\/li>\n\n\n\n<li>Economista: 1 vaga + CR<\/li>\n\n\n\n<li>Educador F\u00edsico: CR<\/li>\n\n\n\n<li>Enfermeiro: 1 vaga + CR<\/li>\n\n\n\n<li>Engenheiro Civil: 1 vaga + CR\n<ul class=\"wp-block-list\"><li>Mec\u00e2nico: CR<\/li>\n\n\n\n<li>Eletricista: 1 vaga + CR<\/li>\n<\/ul><\/li>\n\n\n\n<li>Estat\u00edstico: 1 vaga + CR<\/li>\n\n\n\n<li>Fisioterapeuta: 1 vaga + CR<\/li>\n\n\n\n<li>M\u00e9dico: 1 vaga + CR<\/li>\n\n\n\n<li>Pedagogo: 1 vaga + CR<\/li>\n\n\n\n<li>Psic\u00f3logo: 1 vaga + CR<\/li>\n\n\n\n<li>Servi\u00e7o Social: 1 vaga + CR<\/li>\n\n\n\n<li>Letras Portugu\u00eas: CR<\/li>\n\n\n\n<li>Bibliotec\u00e1rio: CR<\/li>\n<\/ul><p><strong>Analista Judici\u00e1rio \u2013 \u00c1rea Judicial \u2013 N\u00edvel Superior<\/strong><\/p>\n\n\n\n<ul class=\"wp-block-list\"><li>Direito: 25 vagas + CR<\/li>\n\n\n\n<li>Oficial de Justi\u00e7a: 3 vagas + CR<\/li>\n<\/ul><p>Com uma jornada de 40 horas semanais, os servidores far\u00e3o jus as seguintes <strong>remunera\u00e7\u00f5es iniciais<\/strong>:<\/p>\n\n\n\n<ul class=\"wp-block-list\"><li>N\u00edvel m\u00e9dio\/t\u00e9cnico: R$ 4.659,20<\/li>\n\n\n\n<li>N\u00edvel superior: R$ 7.571,20<\/li>\n<\/ul><p>As vagas ser\u00e3o distribu\u00eddas em <strong>18 comarcas<\/strong>, sendo elas:<\/p>\n\n\n\n<ul class=\"wp-block-list\"><li>Rio Branco;<\/li>\n\n\n\n<li>Acrel\u00e2ndia;<\/li>\n\n\n\n<li>Assis Brasil;<\/li>\n\n\n\n<li>Brasil\u00e9ia;<\/li>\n\n\n\n<li>Bujari;<\/li>\n\n\n\n<li>Capixaba;<\/li>\n\n\n\n<li>Cruzeiro do Sul;<\/li>\n\n\n\n<li>Epitaciol\u00e2ndia;<\/li>\n\n\n\n<li>Feij\u00f3;<\/li>\n\n\n\n<li>M\u00e2ncio Lima;<\/li>\n\n\n\n<li>Manoel Urbano;<\/li>\n\n\n\n<li>Pl\u00e1cido de Castro;<\/li>\n\n\n\n<li>Porto Acre;<\/li>\n\n\n\n<li>Rodrigues Alves;<\/li>\n\n\n\n<li>Senador Guiomard;<\/li>\n\n\n\n<li>Sena Madureira;<\/li>\n\n\n\n<li>Tarauac\u00e1; e<\/li>\n\n\n\n<li>Xapuri.<\/li>\n<\/ul><h2 class=\"wp-block-heading\" id=\"requisitos\">Requisitos<\/h2>\n\n\n\n<ul class=\"wp-block-list\"><li>Ter sido aprovado(a) e classificado(a) no concurso, nas formas estabelecidas no edital;<\/li>\n\n\n\n<li>Apresentar os documentos solicitados para a posse e comprovar os pr\u00e9-requisitos para o cargo pretendido;<\/li>\n\n\n\n<li>Ter nacionalidade brasileira ou nacionalidade portuguesa, conforme art. 12, \u00a7 1\u00ba, da Constitui\u00e7\u00e3o Federal;<\/li>\n\n\n\n<li><strong>Ter, na data da posse, idade m\u00ednima de 18 anos completos;<\/strong><\/li>\n\n\n\n<li>Ter aptid\u00e3o f\u00edsica e mental para o exerc\u00edcio das atribui\u00e7\u00f5es do cargo;<\/li>\n\n\n\n<li>Estar quite com as obriga\u00e7\u00f5es eleitorais;<\/li>\n\n\n\n<li>Estar quite com as obriga\u00e7\u00f5es militares, para candidatos do sexo masculino;<\/li>\n\n\n\n<li>Possuir a escolaridade e os requisitos de qualifica\u00e7\u00e3o exigidos para o cargo;<\/li>\n\n\n\n<li>Possuir idoneidade moral, comprovada por investiga\u00e7\u00e3o social realizada mediante apresenta\u00e7\u00e3o de certid\u00f5es negativas civis e criminais expedidas pelo Poder Judici\u00e1rio Federal e Estadual.<\/li>\n<\/ul><p>J\u00e1 os requisitos <strong>espec\u00edficos<\/strong> de cada cargo est\u00e3o relacionados ao n\u00edvel de escolaridade e \u00e1rea de forma\u00e7\u00e3o, al\u00e9m da inscri\u00e7\u00e3o no respectivo Conselho Profissional, quando houver.<\/p>\n\n\n\n<h2 class=\"wp-block-heading\" id=\"quais-as-etapas-de-seleo-do-concurso-tj-ac\">Quais as etapas de sele\u00e7\u00e3o do concurso TJ AC?<\/h2>\n\n\n\n<p>Os candidatos do concurso TJ AC ser\u00e3o avaliados nas seguintes etapas:<\/p>\n\n\n\n<p><strong>N\u00edvel m\u00e9dio\/m\u00e9dio t\u00e9cnico<\/strong><\/p>\n\n\n\n<ul class=\"wp-block-list\"><li>Prova Objetiva (todos os cargos);<\/li>\n\n\n\n<li>Prova de Reda\u00e7\u00e3o ou Prova Discursiva, a depender daespecialidade pretendida;<\/li>\n\n\n\n<li>Avalia\u00e7\u00e3o de T\u00edtulos (somente n\u00edvel superior).<\/li>\n<\/ul><p>As provas objetiva e de reda\u00e7\u00e3o ser\u00e3o aplicadas no dia <strong>24 de mar\u00e7o de 2024<\/strong>, nos munic\u00edpios de<strong> Rio Branco\/AC<\/strong> e<strong> Cruzeiro do Sul\/AC<\/strong>,\u00a0 com dura\u00e7\u00e3o de 4h30.<\/p>\n\n\n\n<h3 class=\"wp-block-heading\">Prova Objetiva<\/h3>\n\n\n\n<p>De car\u00e1ter eliminat\u00f3rio e classificat\u00f3rio, esta etapa ser\u00e1 composta por<strong> 60 quest\u00f5es<\/strong> de m\u00faltipla escolha, distribu\u00eddas entre as seguintes <strong>disciplinas<\/strong>:<\/p>\n\n\n\n<h4 class=\"wp-block-heading\">N\u00edvel M\u00e9dio\/T\u00e9cnico\u00a0 \u2013 Agente de Pol\u00edcia Judicial, T\u00e9cnico em Seguran\u00e7a do Trabalho e T\u00e9cnico Judici\u00e1rio)<\/h4>\n\n\n\n<ul class=\"wp-block-list\"><li>L\u00edngua Portuguesa (10)<\/li>\n\n\n\n<li>Racioc\u00ednio L\u00f3gico e Matem\u00e1tico (05)<\/li>\n\n\n\n<li>Atualidades e Hist\u00f3ria, Geografia e Conhecimentos Gerais do Brasil e do Acre (05)<\/li>\n\n\n\n<li>No\u00e7\u00f5es de Inform\u00e1tica (05)<\/li>\n\n\n\n<li>Legisla\u00e7\u00e3o (05)<\/li>\n\n\n\n<li>Conhecimentos Espec\u00edficos do Cargo (30)<\/li>\n<\/ul><h4 class=\"wp-block-heading\">N\u00edvel superior \u2013 Direito (\u00c1rea Judicial) e Oficial de Justi\u00e7a<\/h4>\n\n\n\n<ul class=\"wp-block-list\"><li>L\u00edngua Portuguesa (05)<\/li>\n\n\n\n<li>Racioc\u00ednio L\u00f3gico e Matem\u00e1tico (05)<\/li>\n\n\n\n<li>No\u00e7\u00f5es de Inform\u00e1tica (05)<\/li>\n\n\n\n<li>Legisla\u00e7\u00e3o (05)<\/li>\n<\/ul><p>Conhecimentos Espec\u00edficos do Cargo (40)<\/p>\n\n\n\n<h4 class=\"wp-block-heading\">N\u00edvel superior \u2013 Demais cargos<\/h4>\n\n\n\n<ul class=\"wp-block-list\"><li>L\u00edngua Portuguesa (10)<\/li>\n\n\n\n<li>Racioc\u00ednio L\u00f3gico e Matem\u00e1tico (05)<\/li>\n\n\n\n<li>Atualidades e Hist\u00f3ria, Geografia e Conhecimentos Gerais do Brasil e do Acre (05)<\/li>\n\n\n\n<li>Legisla\u00e7\u00e3o (10)<\/li>\n\n\n\n<li>Conhecimentos Espec\u00edficos do Cargo (30)<\/li>\n<\/ul><p>Em uma escala de 0 \u00e0 100 pontos, ser\u00e1 considerado\u00a0<strong>aprovado<\/strong> o candidato que obtiver nota igual ou superior a 60 pontos.<\/p>\n\n\n\n<h3 class=\"wp-block-heading\">Reda\u00e7\u00e3o<\/h3>\n\n\n\n<p>A prova de reda\u00e7\u00e3o, de car\u00e1ter car\u00e1ter eliminat\u00f3rio e classificat\u00f3rio, ser\u00e1 composta pela elabora\u00e7\u00e3o de<strong> um texto dissertativo-argumentativo<\/strong>, com base no tema proposto, com, no m\u00e1ximo, 30 linhas.<\/p>\n\n\n\n<p><strong>N\u00e3o realizar\u00e3o esta etapa<\/strong>, os seguintes cargos\/especialidades:<\/p>\n\n\n\n<ul class=\"wp-block-list\"><li>Analista Judici\u00e1rio \u2013 Direito (\u00e1rea judicial);\n<ul class=\"wp-block-list\"><li>\u00a0Oficial de Justi\u00e7a;<\/li>\n\n\n\n<li>Analista de Banco de Dados;<\/li>\n\n\n\n<li>Analista de Ci\u00eancia de Dados;<\/li>\n\n\n\n<li>Analista de Infraestrutura de TI;<\/li>\n\n\n\n<li>Analista de Redes de Computadores;<\/li>\n\n\n\n<li>Analista de Monitoramento de TI;<\/li>\n\n\n\n<li>Analista de Neg\u00f3cios de TI;<\/li>\n\n\n\n<li>Analista de Projetos de TI;<\/li>\n\n\n\n<li>Analista de Seguran\u00e7a da Informa\u00e7\u00e3o;<\/li>\n\n\n\n<li>Analista de Sistemas;<\/li>\n\n\n\n<li>Analista de Seguran\u00e7a da Informa\u00e7\u00e3o; e<\/li>\n\n\n\n<li>Analista de Suporte e Analista Judici\u00e1rio \u2013 Web Designer.<\/li>\n<\/ul><\/li>\n<\/ul><h3 class=\"wp-block-heading\">Prova Discursiva<\/h3>\n\n\n\n<p>A Prova Discursiva, de car\u00e1ter eliminat\u00f3rio e classificat\u00f3rio, constar\u00e1 de<strong> duas quest\u00f5es em formato de estudo de caso<\/strong>, sendo uma com tem\u00e1tica c\u00edvel e outra com tem\u00e1tica criminal conforme disciplinadas nos conhecimentos espec\u00edficos para o cargo.<\/p>\n\n\n\n<p>Esta etapa ser\u00e1 aplicada<strong> somente<\/strong> para os seguintes cargos\/especialidades:<\/p>\n\n\n\n<ul class=\"wp-block-list\"><li>Analista Judici\u00e1rio \u2013 Direito (\u00e1rea judicial); e\n<ul class=\"wp-block-list\"><li>\u00a0Oficial de Justi\u00e7a.<\/li>\n<\/ul><\/li>\n<\/ul><p>A prova valer\u00e1 100 pontos e ser\u00e1 <strong>eliminado<\/strong> o candidato que n\u00e3o obtiver, no m\u00ednimo, 60 pontos.<\/p>\n\n\n\n<h3 class=\"wp-block-heading\">Avalia\u00e7\u00e3o de Titulos<\/h3>\n\n\n\n<p>De car\u00e1ter classificat\u00f3rio, esta etapa ser\u00e1 aplicada somente aos cargos de <strong>n\u00edvel superior<\/strong>.<\/p>\n\n\n\n<p>Com pontua\u00e7\u00e3o m\u00e1xima de 100 pontos, ser\u00e3o consideradas as seguintes <strong>titula\u00e7\u00f5es<\/strong>:<\/p>\n\n\n\n<ul class=\"wp-block-list\"><li>Grau de Especialista na \u00e1rea de concentra\u00e7\u00e3o afim a do cargo a que concorre, obtido em institui\u00e7\u00e3o, com carga hor\u00e1ria m\u00ednima de 360 horas: 50 pontos<\/li>\n\n\n\n<li>Grau de Especialista na \u00e1rea de concentra\u00e7\u00e3o espec\u00edfica a do cargo a que concorre, com carga hor\u00e1ria m\u00ednima de 360 horas: 60 pontos<\/li>\n\n\n\n<li>Grau de Mestre na \u00e1rea de concentra\u00e7\u00e3o afim a do cargo a que concorre: 70 pontos<\/li>\n\n\n\n<li>Grau de Mestre na \u00e1rea de concentra\u00e7\u00e3o espec\u00edfica a do cargo a que concorre: 80 pontos<\/li>\n\n\n\n<li>Grau de Doutor na \u00e1rea de concentra\u00e7\u00e3o afim a do cargo a que concorre: 90 pontos<\/li>\n\n\n\n<li>Grau de Doutor na \u00e1rea de concentra\u00e7\u00e3o espec\u00edfica a do cargo a que concorre: 100 pontos<\/li>\n<\/ul><p>A pontua\u00e7\u00e3o dos t\u00edtulos <strong>n\u00e3o \u00e9 cumulativa<\/strong>, ou seja, o candidato poder\u00e1 apresentar somente 01 t\u00edtulo para concorrer na Prova de T\u00edtulos.<\/p>\n\n\n\n<p><a href=\"https:\/\/www.novaconcursos.com.br\/portal\/concursos-abertos\/ac\/\">Conhe\u00e7a todos os concursos abertos no Estado do Acre!\u00a0<\/a><\/p>\n\n\n\n<h2 class=\"wp-block-heading\" id=\"sobre-o-tj-ac\">Sobre o TJ AC<\/h2>\n\n\n\n<p>O <a href=\"https:\/\/www.tjac.jus.br\" target=\"_blank\" rel=\"noopener\">Tribunal de Justi\u00e7a do Acre<\/a> \u00e9 o \u00f3rg\u00e3o m\u00e1ximo do Poder judici\u00e1rio\u00a0do estado do Acre. Foi instalado ap\u00f3s a transforma\u00e7\u00e3o do Territ\u00f3rio do Acre em Estado, em\u00a015 de junho\u00a0de\u00a01963.<\/p>\n\n\n\n<p><strong>Miss\u00e3o<\/strong><\/p>\n\n\n\n<p>\u201cGarantir os direitos do jurisdicionado no Estado do Acre, com justi\u00e7a, agilidade e \u00e9tica, promovendo o bem de toda a sociedade.\u201d<\/p>\n\n\n\n<p>(Planejamento Estrat\u00e9gico do TJAC 2015-2020)<\/p>\n\n\n\n<p><strong>Vis\u00e3o<\/strong><\/p>\n\n\n\n<p>\u201cSer reconhecido at\u00e9 2020 pela agilidade e qualidade na presta\u00e7\u00e3o de servi\u00e7os judici\u00e1rios e sociais para o Estado do Acre.\u201d<\/p>\n\n\n\n<p>(Planejamento Estrat\u00e9gico do TJAC 2015-2020).<\/p>","protected":false},"excerpt":{"rendered":"<p>Boas not\u00edcias, concurseiros! Foi publicado o concurso TJ AC (Tribunal de Justi\u00e7a do Acre)!<\/p>\n<p>O certame oferece vagas de n\u00edveis m\u00e9dio e superior, com iniciais de at\u00e9 R$ 7 mil!<\/p>\n<p>Tem interesse na sele\u00e7\u00e3o? Ent\u00e3o continue com a gente e saiba como participar!<\/p>\n","protected":false},"author":54662,"featured_media":219408,"comment_status":"closed","ping_status":"closed","sticky":false,"template":"","format":"standard","meta":{"_acf_changed":false,"footnotes":"","_wp_rev_ctl_limit":""},"categories":[44999],"tags":[],"class_list":["post-111988","post","type-post","status-publish","format-standard","has-post-thumbnail","hentry","category-concursos"],"acf":[],"_links":{"self":[{"href":"https:\/\/www.novaconcursos.com.br\/portal\/wp-json\/wp\/v2\/posts\/111988","targetHints":{"allow":["GET"]}}],"collection":[{"href":"https:\/\/www.novaconcursos.com.br\/portal\/wp-json\/wp\/v2\/posts"}],"about":[{"href":"https:\/\/www.novaconcursos.com.br\/portal\/wp-json\/wp\/v2\/types\/post"}],"author":[{"embeddable":true,"href":"https:\/\/www.novaconcursos.com.br\/portal\/wp-json\/wp\/v2\/users\/54662"}],"replies":[{"embeddable":true,"href":"https:\/\/www.novaconcursos.com.br\/portal\/wp-json\/wp\/v2\/comments?post=111988"}],"version-history":[{"count":14,"href":"https:\/\/www.novaconcursos.com.br\/portal\/wp-json\/wp\/v2\/posts\/111988\/revisions"}],"predecessor-version":[{"id":279050,"href":"https:\/\/www.novaconcursos.com.br\/portal\/wp-json\/wp\/v2\/posts\/111988\/revisions\/279050"}],"wp:featuredmedia":[{"embeddable":true,"href":"https:\/\/www.novaconcursos.com.br\/portal\/wp-json\/wp\/v2\/media\/219408"}],"wp:attachment":[{"href":"https:\/\/www.novaconcursos.com.br\/portal\/wp-json\/wp\/v2\/media?parent=111988"}],"wp:term":[{"taxonomy":"category","embeddable":true,"href":"https:\/\/www.novaconcursos.com.br\/portal\/wp-json\/wp\/v2\/categories?post=111988"},{"taxonomy":"post_tag","embeddable":true,"href":"https:\/\/www.novaconcursos.com.br\/portal\/wp-json\/wp\/v2\/tags?post=111988"}],"curies":[{"name":"wp","href":"https:\/\/api.w.org\/{rel}","templated":true}]}}