{"id":112014,"date":"2021-01-13T16:09:36","date_gmt":"2021-01-13T19:09:36","guid":{"rendered":"https:\/\/www.novaconcursos.com.br\/portal\/?p=112014"},"modified":"2021-02-15T14:17:43","modified_gmt":"2021-02-15T17:17:43","slug":"concurso-pm-rn-publicacao-edital","status":"publish","type":"post","link":"https:\/\/www.novaconcursos.com.br\/portal\/noticias\/concurso-pm-rn-publicacao-edital\/","title":{"rendered":"Concurso PM RN: Corpora\u00e7\u00e3o prev\u00ea publica\u00e7\u00e3o do edital at\u00e9 junho!"},"content":{"rendered":"<p>O novo <a href=\"https:\/\/www.novaconcursos.com.br\/\" target=\"_blank\" rel=\"noreferrer noopener\" aria-label=\"concurso (abre numa nova aba)\">concurso<\/a> PM RN (Pol\u00edcia Militar do Rio Grande do Norte), com <strong>215 vagas<\/strong> previstas para o <strong>quadro da Sa\u00fade<\/strong>, deve <strong>publicar<\/strong> o seu<strong> edital <\/strong>at\u00e9 o m\u00eas de <strong>junho<\/strong>. Confira!<\/p>\n\n\n\n<h2 class=\"wp-block-heading\" id=\"publicao-do-edital-do-concurso-pm-rn\">Publica\u00e7\u00e3o do edital do concurso PM RN<\/h2>\n\n\n\n<p><\/p><p>De acordo com informa\u00e7\u00f5es da corpora\u00e7\u00e3o, o edital do novo <a href=\"https:\/\/www.novaconcursos.com.br\/\" target=\"_blank\" rel=\"noreferrer noopener\" aria-label=\"concurso (abre numa nova aba)\">concurso<\/a> PM RN, destinado para o cargo de <strong>2\u00ba Tenente<\/strong> no quadro de Oficiais e de apoio \u00e0 Sa\u00fade, <strong>pode ser divulgado at\u00e9 o m\u00eas de junho de 2021<\/strong>.<\/p>\n[btnnova href=\u201dhttps:\/\/www.novaconcursos.com.br\/apostila\/impressa\/pm-rn-policia-militar-do-rio-grande-do-norte\/impresso-pm-rn-2018-praca-policia-militar-masculino-feminino\u201d class=\u201dyellow\u201d target=\u201dtrue\u201d content=\u201dApostila Completa PM-RN\u201d position=\u201dcenter\u201d promo-name=\u201dlink-produto\u201d]\n\n\n\n<p>A Pol\u00edcia Militar do Rio Grande do Norte e o Minist\u00e9rio P\u00fablico do Estado, firmaram o TAC (Termo de Ajustamento de Conduta), \u00e9 informado documento o edital deveria ter sa\u00eddo em dezembro de 2020, <strong>por\u00e9m a corpora\u00e7\u00e3o relatou atraso na elabora\u00e7\u00e3o do projeto b\u00e1sico<\/strong>.<\/p>\n\n\n\n<p>Ainda conforme a corpora\u00e7\u00e3o, a <strong>comiss\u00e3o organizadora<\/strong> trabalha o mais r\u00e1pido poss\u00edvel para a <strong>realiza\u00e7\u00e3o do novo <a href=\"https:\/\/www.novaconcursos.com.br\/\" target=\"_blank\" rel=\"noreferrer noopener\" aria-label=\"concurso (abre numa nova aba)\">concurso<\/a> PM RN<\/strong>.<\/p>\n\n\n\n<p>Segundo a Pol\u00edcia Militar, <strong>o projeto b\u00e1sico ser\u00e1 enviado para as bancas organizadoras interessadas<\/strong>. Somente com a escolha da institui\u00e7\u00e3o e assinatura do contrato entre as partes, o edital do <a href=\"https:\/\/www.novaconcursos.com.br\/\" target=\"_blank\" rel=\"noreferrer noopener\" aria-label=\"certame (abre numa nova aba)\">certame<\/a> ser\u00e1 divulgado.<\/p>\n\n\n\n\n\n<div class=\"wp-block-image\"><figure class=\"aligncenter size-large is-resized\"><img decoding=\"async\" src=\"https:\/\/www.novaconcursos.com.br\/portal\/wp-content\/uploads\/2020\/09\/PM-RN-1-1024x576.jpg\" alt=\"\" class=\"wp-image-106616\" width=\"767\" height=\"431\" loading=\"lazy\" title=\"\" srcset=\"https:\/\/www.novaconcursos.com.br\/portal\/wp-content\/uploads\/2020\/09\/PM-RN-1-300x169.jpg 300w, https:\/\/www.novaconcursos.com.br\/portal\/wp-content\/uploads\/2020\/09\/PM-RN-1-1024x576.jpg 1024w, https:\/\/www.novaconcursos.com.br\/portal\/wp-content\/uploads\/2020\/09\/PM-RN-1.jpg 1280w\" sizes=\"auto, (max-width: 480px) 100vw, (max-width: 768px) 100vw, (max-width: 1200px) 70vw, 768px\"><\/figure><\/div>\n\n\n\n<h2 class=\"wp-block-heading\" id=\"vagas-previstas-no-concurso-pm-rn\">Vagas previstas no concurso PM RN<\/h2>\n\n\n\n<p>No m\u00eas de novembro do ano passado, foi confirmado pelo comandante Geral da Pol\u00edcia Militar do Rio Grande do Norte, Alarico Azevedo, <strong>que o <a href=\"https:\/\/www.novaconcursos.com.br\/\" target=\"_blank\" rel=\"noreferrer noopener\" aria-label=\"concurso (abre numa nova aba)\">concurso<\/a> PM RN ir\u00e1 acontecer neste ano de 2021<\/strong>.<\/p>\n\n\n\n<p><em>\u201cN\u00f3s estamos nos reunindo com a nossa Diretoria de Pessoal. Esse processo da Sa\u00fade j\u00e1 vem h\u00e1 um tempo se arrastando e chegou \u00e0 decis\u00e3o do Judici\u00e1rio, onde foi determinada a recomposi\u00e7\u00e3o dos quadros. N\u00f3s temos 79 vagas, entre m\u00e9dicos, psiquiatras, ortopedistas, e demais especialidades [\u2026] hoje, a gente precisa urgentemente completar o quadro de oficiais de Sa\u00fade\u201d<\/em>, salientou Alarico Azevedo.<\/p>\n\n\n\n<p>Sem divulgar um edital h\u00e1 20 anos, a Justi\u00e7a determinou, no m\u00eas de maio de 2020, que o Governo do Rio Grande do Norte <strong>adote provid\u00eancias para preencher cargos da Sa\u00fade<\/strong>.<\/p>\n\n\n\n<p>De acordo com a determina\u00e7\u00e3o judicial, o preenchimento das vagas deve ser realizado em n\u00famero suficiente para que os <strong>quadros passem a funcionar com, pelo menos, a metade do seu efetivo<\/strong>.<\/p>\n\n\n\n<p>Segundo a Justi\u00e7a, isso corresponde, respectivamente, a <strong>90 Oficiais<\/strong> de todas as patentes para os quadros da Sa\u00fade e de Apoio somados, e a <strong>125 Pra\u00e7as (Soldado)<\/strong> de todas as gradua\u00e7\u00f5es para o quadro de pra\u00e7as especialistas de sa\u00fade.<\/p>\n\n\n\n<p>Com isso, <strong>cerca de 215 vagas est\u00e3o previstas pela Justi\u00e7a<\/strong>, segundo o coronel os aprovados ir\u00e3o refor\u00e7ar o quadro da corpora\u00e7\u00e3o para a melhoria dos servi\u00e7os prestados. <\/p>","protected":false},"excerpt":{"rendered":"<p>O novo concurso PM RN (Pol\u00edcia Militar do Rio Grande do Norte), com 215 vagas previstas para o quadro da Sa\u00fade, deve publicar o seu edital at\u00e9 o m\u00eas de junho. Confira! Publica\u00e7\u00e3o do edital do concurso PM RN De acordo com informa\u00e7\u00f5es da corpora\u00e7\u00e3o, o edital do novo concurso PM RN, destinado para o [&hellip;]<\/p>\n","protected":false},"author":16,"featured_media":106615,"comment_status":"closed","ping_status":"closed","sticky":false,"template":"","format":"standard","meta":{"_acf_changed":false,"footnotes":"","_wp_rev_ctl_limit":""},"categories":[228],"tags":[],"class_list":["post-112014","post","type-post","status-publish","format-standard","has-post-thumbnail","hentry","category-noticias"],"acf":[],"_links":{"self":[{"href":"https:\/\/www.novaconcursos.com.br\/portal\/wp-json\/wp\/v2\/posts\/112014","targetHints":{"allow":["GET"]}}],"collection":[{"href":"https:\/\/www.novaconcursos.com.br\/portal\/wp-json\/wp\/v2\/posts"}],"about":[{"href":"https:\/\/www.novaconcursos.com.br\/portal\/wp-json\/wp\/v2\/types\/post"}],"author":[{"embeddable":true,"href":"https:\/\/www.novaconcursos.com.br\/portal\/wp-json\/wp\/v2\/users\/16"}],"replies":[{"embeddable":true,"href":"https:\/\/www.novaconcursos.com.br\/portal\/wp-json\/wp\/v2\/comments?post=112014"}],"version-history":[{"count":5,"href":"https:\/\/www.novaconcursos.com.br\/portal\/wp-json\/wp\/v2\/posts\/112014\/revisions"}],"predecessor-version":[{"id":119356,"href":"https:\/\/www.novaconcursos.com.br\/portal\/wp-json\/wp\/v2\/posts\/112014\/revisions\/119356"}],"wp:featuredmedia":[{"embeddable":true,"href":"https:\/\/www.novaconcursos.com.br\/portal\/wp-json\/wp\/v2\/media\/106615"}],"wp:attachment":[{"href":"https:\/\/www.novaconcursos.com.br\/portal\/wp-json\/wp\/v2\/media?parent=112014"}],"wp:term":[{"taxonomy":"category","embeddable":true,"href":"https:\/\/www.novaconcursos.com.br\/portal\/wp-json\/wp\/v2\/categories?post=112014"},{"taxonomy":"post_tag","embeddable":true,"href":"https:\/\/www.novaconcursos.com.br\/portal\/wp-json\/wp\/v2\/tags?post=112014"}],"curies":[{"name":"wp","href":"https:\/\/api.w.org\/{rel}","templated":true}]}}