{"id":112020,"date":"2021-01-14T09:02:57","date_gmt":"2021-01-14T12:02:57","guid":{"rendered":"https:\/\/www.novaconcursos.com.br\/portal\/?p=112020"},"modified":"2025-12-29T13:42:16","modified_gmt":"2025-12-29T16:42:16","slug":"concurso-policia-federal-diretora-edital","status":"publish","type":"post","link":"https:\/\/www.novaconcursos.com.br\/portal\/noticias\/concurso-policia-federal-diretora-edital\/","title":{"rendered":"Concurso Pol\u00edcia Federal: Diretora comenta sobre o novo edital. Confira!"},"content":{"rendered":"<p>A Diretora de Gest\u00e3o de Pessoal da corpora\u00e7\u00e3o, Cec\u00edlia Silva Franco, <strong>falou sobre o edital, etapas e convoca\u00e7\u00e3o<\/strong> do novo <a href=\"https:\/\/www.novaconcursos.com.br\/portal\/concursos\/concurso-policia-federal\/\" data-type=\"link\" data-id=\"https:\/\/www.novaconcursos.com.br\/portal\/concursos\/concurso-policia-federal\/\">concurso Pol\u00edcia Federal<\/a>. Saiba mais!<\/p>\n\n\n\n<h2 class=\"wp-block-heading\" id=\"edital-do-concurso-polcia-federal\">Edital do concurso Pol\u00edcia Federal<\/h2>\n\n\n\n<p><\/p><p>O novo <a href=\"https:\/\/www.novaconcursos.com.br\/\" target=\"_blank\" rel=\"noreferrer noopener\" aria-label=\"concurso (abre numa nova aba)\">concurso<\/a> Pol\u00edcia Federal j\u00e1 tem toda a sua estrutura confirmada, assim como as previs\u00f5es de lan\u00e7amento do edital de abertura. Foi confirmado pela Diretora de Pessoal da corpora\u00e7\u00e3o, Cec\u00edlia Silva Franco, <strong>que o edital est\u00e1 previsto para sair semana que vem<\/strong>.<\/p>\n[btnnova href=\u201dhttps:\/\/www.novaconcursos.com.br\/concurso\/pf-policia-federal\/curso-online\u201d class=\u201dyellow\u201d target=\u201dtrue\u201d content=\u201dCurso Online Completo Pol\u00edcia Federal\u201d position=\u201dcenter\u201d promo-name=\u201dlink-produto\u201d]\n\n\n\n<p>Al\u00e9m disso, a diretora comentou sobre a programa para as provas, sem cravar uma data, Cec\u00edlia deixou claro que <strong>mar\u00e7o deve ser o m\u00eas de aplica\u00e7\u00e3o das provas objetivas e provas discursivas<\/strong>.<\/p>\n\n\n\n<p><em>\u201cSe tudo correr como esperamos, est\u00e1 mais para mar\u00e7o\u201d<\/em>, informou a diretora, <strong>aumentando a expectativa para que 21 de mar\u00e7o de 2021 seja o dia oficial da realiza\u00e7\u00e3o das provas<\/strong> do concurso Pol\u00edcia Federal, j\u00e1 que a data de 28 de mar\u00e7o est\u00e1 descartada por j\u00e1 estar ocupada pelas avalia\u00e7\u00f5es do <a href=\"https:\/\/www.novaconcursos.com.br\/portal\/concursos\/concurso-prf\/?q=PRF\" target=\"_blank\" rel=\"noreferrer noopener\" aria-label=\"concurso PRF (abre numa nova aba)\">concurso PRF<\/a>.<\/p>\n\n\n\n<p>A diretora tamb\u00e9m comentou sobre a chamada dos candidatos excedentes, que segundo ela, ser\u00e1 de <strong>500 aprovados<\/strong> al\u00e9m das <strong>1.500 vagas<\/strong> de car\u00e1ter imediatas. Inclusive, j\u00e1 existe a <strong>distribui\u00e7\u00e3o desses 500 excedentes<\/strong> pelos cargos.<\/p>\n\n\n\n<p><em>\u201cChegar\u00edamos em n\u00fameros totais de 174 delegados, 533 escriv\u00e3es, 1.191 agentes e 112 papiloscopistas. Mas a gente precisa realmente aguardar a rela\u00e7\u00e3o de aprovados para saber em quais cargos teremos o quantitativo de aprovados ao final da primeira etapa do concurso\u201d<\/em>, disse Cec\u00edlia Silva Franco.<\/p>\n\n\n\n<p>A Pol\u00edcia Federal <strong>pretende chamar, se poss\u00edvel, ainda mais candidatos aprovados<\/strong>, j\u00e1 que os 2.000 novos policiais n\u00e3o v\u00e3o resolver, em sua totalidade, <strong>o problema da car\u00eancia de pessoal<\/strong>.<\/p>\n\n\n\n\n\n<h2 class=\"wp-block-heading\" id=\"lotao-na-regio-norte-e-nas-fronteiras\">Lota\u00e7\u00e3o na Regi\u00e3o Norte e nas Fronteiras<\/h2>\n\n\n\n<p>Muitos candidatos t\u00eam d\u00favidas de onde ser\u00e3o lotados, quando aprovados no <a href=\"https:\/\/www.novaconcursos.com.br\/\" target=\"_blank\" rel=\"noreferrer noopener\" aria-label=\"concurso (abre numa nova aba)\">concurso<\/a> Pol\u00edcia Federal. Segundo informa\u00e7\u00f5es da diretora de Gest\u00e3o de Pessoal, <strong>a Regi\u00e3o Norte ter\u00e1 vagas para todas as unidades. As fronteiras tamb\u00e9m ser\u00e3o destino dos novos policiais federais<\/strong>.<\/p>\n\n\n\n<p><em>\u201cTodas as unidades da Regi\u00e3o Norte devem realmente ser contempladas com vagas. Fora essa regi\u00e3o, h\u00e1 uma faixa de fronteira com grande necessidade no Mato Grosso, Mato Grosso do Sul, Rio Grande do Sul e Paran\u00e1, especialmente Foz do Igua\u00e7u e Gua\u00edra\u201d<\/em>, informou a diretora.<\/p>\n\n\n\n<p>Os participantes mais bem classificados no Curso de Forma\u00e7\u00e3o Profissional do concurso Pol\u00edcia Federal, <strong>poder\u00e3o escolher a lota\u00e7\u00e3o<\/strong>.<\/p>\n\n\n\n<p><em>\u201cO somat\u00f3rio de notas d\u00e1 uma m\u00e9dia e ao final h\u00e1 uma classifica\u00e7\u00e3o final do desempenho no curso de forma\u00e7\u00e3o. E a\u00ed haver\u00e1 uma lista de vagas e os candidatos escolhem seguindo a lista de classifica\u00e7\u00e3o\u201d<\/em>, relatou Cec\u00edlia Silva Franco. <\/p>","protected":false},"excerpt":{"rendered":"<p>A Diretora de Gest\u00e3o de Pessoal da corpora\u00e7\u00e3o, Cec\u00edlia Silva Franco, falou sobre o edital, etapas e convoca\u00e7\u00e3o do novo concurso Pol\u00edcia Federal. Saiba mais! Edital do concurso Pol\u00edcia Federal O novo concurso Pol\u00edcia Federal j\u00e1 tem toda a sua estrutura confirmada, assim como as previs\u00f5es de lan\u00e7amento do edital de abertura. Foi confirmado pela [&hellip;]<\/p>\n","protected":false},"author":16,"featured_media":0,"comment_status":"closed","ping_status":"closed","sticky":false,"template":"","format":"standard","meta":{"_acf_changed":false,"footnotes":"","_wp_rev_ctl_limit":""},"categories":[228],"tags":[],"class_list":["post-112020","post","type-post","status-publish","format-standard","hentry","category-noticias"],"acf":[],"_links":{"self":[{"href":"https:\/\/www.novaconcursos.com.br\/portal\/wp-json\/wp\/v2\/posts\/112020","targetHints":{"allow":["GET"]}}],"collection":[{"href":"https:\/\/www.novaconcursos.com.br\/portal\/wp-json\/wp\/v2\/posts"}],"about":[{"href":"https:\/\/www.novaconcursos.com.br\/portal\/wp-json\/wp\/v2\/types\/post"}],"author":[{"embeddable":true,"href":"https:\/\/www.novaconcursos.com.br\/portal\/wp-json\/wp\/v2\/users\/16"}],"replies":[{"embeddable":true,"href":"https:\/\/www.novaconcursos.com.br\/portal\/wp-json\/wp\/v2\/comments?post=112020"}],"version-history":[{"count":6,"href":"https:\/\/www.novaconcursos.com.br\/portal\/wp-json\/wp\/v2\/posts\/112020\/revisions"}],"predecessor-version":[{"id":301653,"href":"https:\/\/www.novaconcursos.com.br\/portal\/wp-json\/wp\/v2\/posts\/112020\/revisions\/301653"}],"wp:attachment":[{"href":"https:\/\/www.novaconcursos.com.br\/portal\/wp-json\/wp\/v2\/media?parent=112020"}],"wp:term":[{"taxonomy":"category","embeddable":true,"href":"https:\/\/www.novaconcursos.com.br\/portal\/wp-json\/wp\/v2\/categories?post=112020"},{"taxonomy":"post_tag","embeddable":true,"href":"https:\/\/www.novaconcursos.com.br\/portal\/wp-json\/wp\/v2\/tags?post=112020"}],"curies":[{"name":"wp","href":"https:\/\/api.w.org\/{rel}","templated":true}]}}