{"id":112344,"date":"2021-01-18T15:22:48","date_gmt":"2021-01-18T18:22:48","guid":{"rendered":"https:\/\/www.novaconcursos.com.br\/portal\/?p=112344"},"modified":"2021-02-15T14:17:33","modified_gmt":"2021-02-15T17:17:33","slug":"concurso-mp-ap-edital-janeiro","status":"publish","type":"post","link":"https:\/\/www.novaconcursos.com.br\/portal\/noticias\/concurso-mp-ap-edital-janeiro\/","title":{"rendered":"Concurso MP AP: Secret\u00e1rio-geral prev\u00ea publica\u00e7\u00e3o do primeiro edital em janeiro!"},"content":{"rendered":"<p>O secret\u00e1rio-geral do Minist\u00e9rio P\u00fablico do Amap\u00e1, Alexandre Monteiro, informou que o <strong>primeiro edital<\/strong> do <a href=\"https:\/\/www.novaconcursos.com.br\/\" target=\"_blank\" rel=\"noreferrer noopener\" aria-label=\"concurso (abre numa nova aba)\">concurso<\/a> MP AP est\u00e1 <strong>previsto para janeiro<\/strong>, vagas para <strong>Promotor<\/strong>. <\/p>\n\n\n\n<h2 class=\"wp-block-heading\" id=\"edital-do-concurso-mp-ap\">Edital do concurso MP AP<\/h2>\n\n\n\n<p>\u00c9 estimado pelo Minist\u00e9rio P\u00fablico do Amap\u00e1, <strong>que a divulga\u00e7\u00e3o do primeiro edital do concurso MP AP est\u00e1 prevista para janeiro<\/strong>. O prazo foi informado pela Assessoria de Comunica\u00e7\u00e3o do \u00f3rg\u00e3o, o <a href=\"https:\/\/www.novaconcursos.com.br\/\" target=\"_blank\" rel=\"noreferrer noopener\" aria-label=\"certame (abre numa nova aba)\">certame<\/a> ir\u00e1 ofertar <strong>09 vagas<\/strong> para o cargo de <strong>Promotor de Justi\u00e7a<\/strong>.<\/p>\n\n\n\n\n\n<p>Segundo informa\u00e7\u00f5es do secret\u00e1rio-geral do Minist\u00e9rio P\u00fablico do Amap\u00e1, promotor de Justi\u00e7a Alexandre Monteiro, o <strong>edital<\/strong> do <a href=\"https:\/\/www.novaconcursos.com.br\/\" target=\"_blank\" rel=\"noreferrer noopener\" aria-label=\"concurso (abre numa nova aba)\">concurso<\/a> MP AP est\u00e1 nos <strong>ajustes finais entre a comiss\u00e3o e a banca organizadora, Cebraspe<\/strong>.<\/p>\n\n\n\n<p><em>\u201cRessalto que alguns integrantes da comiss\u00e3o do concurso (promotores e procuradores de justi\u00e7a) usufruem f\u00e9rias em janeiro, refor\u00e7ando que \u00e9 prioridade da administra\u00e7\u00e3o realizar o concurso o quanto antes\u201d<\/em>, informou Monteiro.<\/p>\n\n\n\n<p>Ainda n\u00e3o foi fechada uma data para divulga\u00e7\u00e3o do edital. Isso porque depende das discuss\u00f5es junto ao Cebraspe, <strong>nas quais ser\u00e3o observados os modelos de editais que a banca organizadora possui<\/strong>.<\/p>\n\n\n\n<p>Al\u00e9m de algumas particularidades constantes na legisla\u00e7\u00e3o do Estado do Amap\u00e1 e nas <strong>normas regulamentadoras do Conselho Nacional do Minist\u00e9rio P\u00fablico<\/strong> (CNMP).<\/p>\n\n\n\n<div class=\"wp-block-image\"><figure class=\"aligncenter size-large is-resized\"><img decoding=\"async\" src=\"https:\/\/www.novaconcursos.com.br\/portal\/wp-content\/uploads\/2020\/06\/MP-AP-1-1024x682.jpg\" alt=\"\" class=\"wp-image-102468\" width=\"767\" height=\"510\" loading=\"lazy\" title=\"\" srcset=\"https:\/\/www.novaconcursos.com.br\/portal\/wp-content\/uploads\/2020\/06\/MP-AP-1-300x200.jpg 300w, https:\/\/www.novaconcursos.com.br\/portal\/wp-content\/uploads\/2020\/06\/MP-AP-1-1024x682.jpg 1024w, https:\/\/www.novaconcursos.com.br\/portal\/wp-content\/uploads\/2020\/06\/MP-AP-1.jpg 1600w\" sizes=\"auto, (max-width: 480px) 100vw, (max-width: 768px) 100vw, (max-width: 1200px) 70vw, 768px\"><\/figure><\/div>\n\n\n\n<h2 class=\"wp-block-heading\" id=\"distribuio-das-vagas-no-concurso-mp-ap\">Distribui\u00e7\u00e3o das vagas no concurso MP AP<\/h2>\n\n\n\n<p>Segundo informa\u00e7\u00f5es do Minist\u00e9rio P\u00fablico do Amap\u00e1, o <strong>primeiro edital<\/strong> do <a href=\"https:\/\/www.novaconcursos.com.br\/\" target=\"_blank\" rel=\"noreferrer noopener\" aria-label=\"certame (abre numa nova aba)\">certame<\/a> MP AP ser\u00e1 <strong>Promotor de Justi\u00e7a<\/strong>. No total, ser\u00e3o abertas <strong>09 vagas<\/strong>.<\/p>\n\n\n\n<p>Para ingressar na carreira, \u00e9 necess\u00e1rio ter <strong>bacharelado em Direito<\/strong> e, pelo menos, <strong>tr\u00eas anos de atividade jur\u00eddica<\/strong>. Os sal\u00e1rios iniciais s\u00e3o de <strong>R$ 30.404,42<\/strong>, sem incluir os descontos com previd\u00eancia e imposto de renda.<\/p>\n\n\n\n<p>O <strong>segundo edital<\/strong> contar\u00e1 com <strong>06 vagas<\/strong> para <strong>T\u00e9cnico Ministerial\/\u00c1rea Administrativa<\/strong>, que exige o <strong>ensino m\u00e9dio completo<\/strong>. Al\u00e9m de <strong>04 vagas <\/strong>para <strong>Analista Ministerial nas \u00e1reas de:<\/strong> Assist\u00eancia Social, Psicologia e Tecnologia da Informa\u00e7\u00e3o.<\/p>\n\n\n\n<p>No caso dos <strong>Analistas, o requisito \u00e9 de n\u00edvel superior nas especialidades descritas no edital<\/strong>. N\u00e3o h\u00e1 dados atualizados sobre os ganhos iniciais dos servidores ap\u00f3s aprova\u00e7\u00e3o na sele\u00e7\u00e3o.<\/p>\n\n\n\n<p>De acordo com o Portal da Transpar\u00eancia, o MP do Amap\u00e1 tem <strong>428<\/strong> cargos vagos. Desse quantitativo, <strong>313<\/strong> cargos vagos s\u00e3o de T\u00e9cnico, <strong>95 <\/strong>cargos vagos de Analista e <strong>20<\/strong> cargos vagos de Promotor de Justi\u00e7a Substituto.<\/p>\n\n\n\n<p>Como o deficit \u00e9 maior que o n\u00famero de vagas que ser\u00e1 aberto no <a href=\"https:\/\/www.novaconcursos.com.br\/\" target=\"_blank\" rel=\"noreferrer noopener\" aria-label=\"certame (abre numa nova aba)\">certame<\/a>, <strong>a expectativa \u00e9 que o cadastro de reserva seja bem utilizado<\/strong>. A depender da disponibilidade or\u00e7ament\u00e1ria do \u00f3rg\u00e3o. <\/p>","protected":false},"excerpt":{"rendered":"<p>O secret\u00e1rio-geral do Minist\u00e9rio P\u00fablico do Amap\u00e1, Alexandre Monteiro, informou que o primeiro edital do concurso MP AP est\u00e1 previsto para janeiro, vagas para Promotor. Edital do concurso MP AP \u00c9 estimado pelo Minist\u00e9rio P\u00fablico do Amap\u00e1, que a divulga\u00e7\u00e3o do primeiro edital do concurso MP AP est\u00e1 prevista para janeiro. O prazo foi informado [&hellip;]<\/p>\n","protected":false},"author":16,"featured_media":112345,"comment_status":"closed","ping_status":"closed","sticky":false,"template":"","format":"standard","meta":{"_acf_changed":false,"footnotes":"","_wp_rev_ctl_limit":""},"categories":[228],"tags":[],"class_list":["post-112344","post","type-post","status-publish","format-standard","has-post-thumbnail","hentry","category-noticias"],"acf":[],"_links":{"self":[{"href":"https:\/\/www.novaconcursos.com.br\/portal\/wp-json\/wp\/v2\/posts\/112344","targetHints":{"allow":["GET"]}}],"collection":[{"href":"https:\/\/www.novaconcursos.com.br\/portal\/wp-json\/wp\/v2\/posts"}],"about":[{"href":"https:\/\/www.novaconcursos.com.br\/portal\/wp-json\/wp\/v2\/types\/post"}],"author":[{"embeddable":true,"href":"https:\/\/www.novaconcursos.com.br\/portal\/wp-json\/wp\/v2\/users\/16"}],"replies":[{"embeddable":true,"href":"https:\/\/www.novaconcursos.com.br\/portal\/wp-json\/wp\/v2\/comments?post=112344"}],"version-history":[{"count":2,"href":"https:\/\/www.novaconcursos.com.br\/portal\/wp-json\/wp\/v2\/posts\/112344\/revisions"}],"predecessor-version":[{"id":112347,"href":"https:\/\/www.novaconcursos.com.br\/portal\/wp-json\/wp\/v2\/posts\/112344\/revisions\/112347"}],"wp:featuredmedia":[{"embeddable":true,"href":"https:\/\/www.novaconcursos.com.br\/portal\/wp-json\/wp\/v2\/media\/112345"}],"wp:attachment":[{"href":"https:\/\/www.novaconcursos.com.br\/portal\/wp-json\/wp\/v2\/media?parent=112344"}],"wp:term":[{"taxonomy":"category","embeddable":true,"href":"https:\/\/www.novaconcursos.com.br\/portal\/wp-json\/wp\/v2\/categories?post=112344"},{"taxonomy":"post_tag","embeddable":true,"href":"https:\/\/www.novaconcursos.com.br\/portal\/wp-json\/wp\/v2\/tags?post=112344"}],"curies":[{"name":"wp","href":"https:\/\/api.w.org\/{rel}","templated":true}]}}