{"id":112553,"date":"2021-01-21T13:50:38","date_gmt":"2021-01-21T16:50:38","guid":{"rendered":"https:\/\/www.novaconcursos.com.br\/portal\/?p=112553"},"modified":"2021-02-15T14:15:57","modified_gmt":"2021-02-15T17:15:57","slug":"concurso-fundase-rn-novo-edital","status":"publish","type":"post","link":"https:\/\/www.novaconcursos.com.br\/portal\/noticias\/concurso-fundase-rn-novo-edital\/","title":{"rendered":"Concurso Fundase RN: Novo edital est\u00e1 entre as metas do governo para 2021!"},"content":{"rendered":"<p>Previsto desde 2020, conforme TAC com o MP, a sele\u00e7\u00e3o Fundase est\u00e1 entre as metas do Governo do Rio Grande do Norte para este ano. Confira!<\/p>\n\n\n\n\n\n<h2 class=\"wp-block-heading\" id=\"nova-seleo-fundase-rn\">Nova sele\u00e7\u00e3o Fundase RN<\/h2>\n\n\n\n<p>O <strong>concurso Fundase RN <\/strong>deve acontecer <strong>neste ano<\/strong>. Em revis\u00e3o do Plano Plurianual do Estado para o quadri\u00eanio 2020-2023 publicada nesta quinta-feira, 21, no Di\u00e1rio\u00a0<\/p>\n\n\n\n<p>Conforme as emendas aprovadas, h\u00e1 a necessidade de recompor o quadro, valorizar e qualificar os operadores do Atendimento Socioeducativo da <strong>Fundase <\/strong>e realizar o <a href=\"https:\/\/www.novaconcursos.com.br\/\">concurso<\/a>, com <strong>o objetivo de<\/strong> <strong>substituir os contratos tempor\u00e1rios e preencher as vac\u00e2ncias.<\/strong><\/p>\n\n\n\n<p>Com a revis\u00e3o do <strong>PPA do Rio Grande do Norte,<\/strong> a <a href=\"https:\/\/www.novaconcursos.com.br\/\">sele\u00e7\u00e3o<\/a> da<strong> Funda\u00e7\u00e3o de Atendimento Socioeducativo<\/strong> tem mais um indicativo de que ocorrer\u00e1 neste ano.<\/p>\n\n\n\n<p>De acordo com a Secretaria de Administra\u00e7\u00e3o do Estado, o processo para a realiza\u00e7\u00e3o da <a href=\"https:\/\/www.novaconcursos.com.br\/\">sele\u00e7\u00e3o<\/a> Fundase RN ainda se encontra na <strong>fase de licita\u00e7\u00e3o para escolha da banca.\u00a0<\/strong><\/p>\n\n\n\n<p>Vale destacar, entretanto, que o<a href=\"https:\/\/www.novaconcursos.com.br\/\"> <\/a><strong><a href=\"https:\/\/www.novaconcursos.com.br\/\">edital <\/a>chegou a estar previsto para outubro de 2020,<\/strong> ap\u00f3s o MP RN prolongar o prazo. Por\u00e9m, desde o ano passado, <strong>a banca n\u00e3o foi definida e a <a href=\"https:\/\/www.novaconcursos.com.br\/\">sele\u00e7\u00e3o <\/a>continuou sem previs\u00e3o.<\/strong><\/p>\n\n\n\n<p>A Secretaria de Administra\u00e7\u00e3o informou que os prazos para o <a href=\"https:\/\/www.novaconcursos.com.br\/\">edital<\/a> ser\u00e3o informados assim que o MP anexar o <strong>cronograma ao processo.<\/strong><\/p>\n\n\n\n<p><em>\u201cCom rela\u00e7\u00e3o aos prazos, ser\u00e1 dada publicidade assim que o Minist\u00e9rio P\u00fablico anexar o cronograma no processo\u201d<\/em>, relatou a Sead RN.<\/p>\n\n\n\n<p>Somente com a <strong>banca escolhida e o contrato assinado entre as partes <\/strong>\u00e9 que o<a href=\"https:\/\/www.novaconcursos.com.br\/\"> edital<\/a> da sele\u00e7\u00e3o Fundase RN ser\u00e1 divulgado.<\/p>\n\n\n\n<div class=\"wp-block-image\"><figure class=\"aligncenter size-large is-resized\"><img decoding=\"async\" src=\"https:\/\/www.novaconcursos.com.br\/portal\/wp-content\/uploads\/2021\/01\/fundase-RN.jpg\" alt=\"\" class=\"wp-image-112556\" width=\"750\" height=\"750\" loading=\"lazy\" title=\"\" srcset=\"https:\/\/www.novaconcursos.com.br\/portal\/wp-content\/uploads\/2021\/01\/fundase-RN-105x105.jpg 105w, https:\/\/www.novaconcursos.com.br\/portal\/wp-content\/uploads\/2021\/01\/fundase-RN-150x150.jpg 150w, https:\/\/www.novaconcursos.com.br\/portal\/wp-content\/uploads\/2021\/01\/fundase-RN-300x300.jpg 300w, https:\/\/www.novaconcursos.com.br\/portal\/wp-content\/uploads\/2021\/01\/fundase-RN.jpg 714w\" sizes=\"auto, (max-width: 480px) 100vw, (max-width: 768px) 100vw, (max-width: 1200px) 70vw, 768px\"><\/figure><\/div>\n\n\n\n<h2 class=\"wp-block-heading\" id=\"concurso-prev-cerca-de-741-vagas-\">Concurso prev\u00ea cerca de 741 vagas\u00a0<\/h2>\n\n\n\n<p>A<a href=\"https:\/\/www.novaconcursos.com.br\/\"> <\/a><strong><a href=\"https:\/\/www.novaconcursos.com.br\/\">sele\u00e7\u00e3o<\/a> Fundase RN<\/strong> tem <strong>741 vagas previstas.<\/strong> O n\u00famero foi revelado, em 2019, pela Secretaria de Administra\u00e7\u00e3o.<\/p>\n\n\n\n<p>Os cargos, entretanto, ainda n\u00e3o foram anunciados. Por outro lado, est\u00e3o previstas oportunidades para os <strong>n\u00edveis m\u00e9dio e superior.<\/strong><\/p>\n\n\n\n<p>As mais de <strong>700 vagas<\/strong> podem ser distribu\u00eddas por <strong>cinco carreiras<\/strong> que comp\u00f5em o quadro da Funda\u00e7\u00e3o. A <a href=\"https:\/\/www.novaconcursos.com.br\/\">sele\u00e7\u00e3o <\/a>ser\u00e1 realizada para o cumprimento de uma decis\u00e3o judicial, com o intuito de substituir contratos tempor\u00e1rios por efetivos.<\/p>\n\n\n\n<p>Desta maneira, a recomenda\u00e7\u00e3o dada \u00e0 <strong>Fundase RN<\/strong> \u00e9 para que sejam preenchidas t<strong>odas as vagas efetivas do quadro de pessoal.<\/strong><\/p>\n\n\n\n<p>As fun\u00e7\u00f5es de<strong> n\u00edvel fundamental<\/strong>, contudo, n\u00e3o est\u00e3o previstas no<a href=\"https:\/\/www.novaconcursos.com.br\/\"> certame,<\/a> segundo informa\u00e7\u00f5es da institui\u00e7\u00e3o.<\/p>\n\n\n\n<p>No <strong>n\u00edvel m\u00e9dio<\/strong> a Funda\u00e7\u00e3o conta com oportunidades apenas no cargo de <strong>t\u00e9cnico<\/strong>. A remunera\u00e7\u00e3o inicial \u00e9 de <strong>R$ 1.899,83<\/strong>, podendo chegar a<strong> R$ 3.041,69<\/strong> com as progress\u00f5es.<\/p>\n\n\n\n<p>As outras oportunidades s\u00e3o para graduados, nos cargos de <strong>t\u00e9cnico de n\u00edvel superior (R$ 2.870,90)<\/strong>, <strong>agente socioeducativo (R$ 2.286,55), analista socioeducativo administrativo (R$ 3.029,92) e analista socioeducativo (R$ 3.189,39).<\/strong> Os servidores ainda contam com gratifica\u00e7\u00f5es.<\/p>","protected":false},"excerpt":{"rendered":"<p>Previsto desde 2020, conforme TAC com o MP, a sele\u00e7\u00e3o Fundase est\u00e1 entre as metas do Governo do Rio Grande do Norte para este ano. Confira! Nova sele\u00e7\u00e3o Fundase RN O concurso Fundase RN deve acontecer neste ano. Em revis\u00e3o do Plano Plurianual do Estado para o quadri\u00eanio 2020-2023 publicada nesta quinta-feira, 21, no Di\u00e1rio\u00a0 [&hellip;]<\/p>\n","protected":false},"author":54662,"featured_media":112557,"comment_status":"closed","ping_status":"closed","sticky":false,"template":"","format":"standard","meta":{"_acf_changed":false,"footnotes":"","_wp_rev_ctl_limit":""},"categories":[228],"tags":[],"class_list":["post-112553","post","type-post","status-publish","format-standard","has-post-thumbnail","hentry","category-noticias"],"acf":[],"_links":{"self":[{"href":"https:\/\/www.novaconcursos.com.br\/portal\/wp-json\/wp\/v2\/posts\/112553","targetHints":{"allow":["GET"]}}],"collection":[{"href":"https:\/\/www.novaconcursos.com.br\/portal\/wp-json\/wp\/v2\/posts"}],"about":[{"href":"https:\/\/www.novaconcursos.com.br\/portal\/wp-json\/wp\/v2\/types\/post"}],"author":[{"embeddable":true,"href":"https:\/\/www.novaconcursos.com.br\/portal\/wp-json\/wp\/v2\/users\/54662"}],"replies":[{"embeddable":true,"href":"https:\/\/www.novaconcursos.com.br\/portal\/wp-json\/wp\/v2\/comments?post=112553"}],"version-history":[{"count":3,"href":"https:\/\/www.novaconcursos.com.br\/portal\/wp-json\/wp\/v2\/posts\/112553\/revisions"}],"predecessor-version":[{"id":119594,"href":"https:\/\/www.novaconcursos.com.br\/portal\/wp-json\/wp\/v2\/posts\/112553\/revisions\/119594"}],"wp:featuredmedia":[{"embeddable":true,"href":"https:\/\/www.novaconcursos.com.br\/portal\/wp-json\/wp\/v2\/media\/112557"}],"wp:attachment":[{"href":"https:\/\/www.novaconcursos.com.br\/portal\/wp-json\/wp\/v2\/media?parent=112553"}],"wp:term":[{"taxonomy":"category","embeddable":true,"href":"https:\/\/www.novaconcursos.com.br\/portal\/wp-json\/wp\/v2\/categories?post=112553"},{"taxonomy":"post_tag","embeddable":true,"href":"https:\/\/www.novaconcursos.com.br\/portal\/wp-json\/wp\/v2\/tags?post=112553"}],"curies":[{"name":"wp","href":"https:\/\/api.w.org\/{rel}","templated":true}]}}