{"id":112555,"date":"2021-01-21T13:50:15","date_gmt":"2021-01-21T16:50:15","guid":{"rendered":"https:\/\/www.novaconcursos.com.br\/portal\/?p=112555"},"modified":"2025-12-11T16:59:31","modified_gmt":"2025-12-11T19:59:31","slug":"concurso-tj-mg-estudos-edital","status":"publish","type":"post","link":"https:\/\/www.novaconcursos.com.br\/portal\/noticias\/concurso-tj-mg-estudos-edital\/","title":{"rendered":"Concurso TJ MG: Presidente do \u00f3rg\u00e3o autoriza estudos para divulgar novo edital!"},"content":{"rendered":"<p>O presidente do Tribunal de Justi\u00e7a de Minas Gerais, <strong>autorizou estudos para a realiza\u00e7\u00e3o<\/strong> do novo <a href=\"https:\/\/www.novaconcursos.com.br\/portal\/concursos\/concurso-tj-mg\/\" target=\"_blank\" rel=\"noreferrer noopener\">concurso TJ MG<\/a> e a publica\u00e7\u00e3o do <strong>edital de abertura<\/strong>.<\/p>\n\n\n\n<h2 class=\"wp-block-heading\" id=\"realizao-do-concurso-tj-mg\">Realiza\u00e7\u00e3o do concurso TJ MG<\/h2>\n\n\n\n<p><\/p><p>No dia 20 de janeiro, foi divulgado pelo Tribunal de Justi\u00e7a de Minas Gerais, o Relat\u00f3rio de Desempenho e Produtividade dos seis meses da Gest\u00e3o 2020\/2022. Na ocasi\u00e3o, <strong>o presidente do \u00f3rg\u00e3o e todos os membros da Alta Administra\u00e7\u00e3o assinaram oito atos de governan\u00e7a<\/strong>.<\/p>\n[btnnova href=\u201dhttps:\/\/www.novaconcursos.com.br\/concurso\/tj-mg-tribunal-de-justica-de-minas-gerais\/curso-online\u201d class=\u201dyellow\u201d target=\u201dtrue\u201d content=\u201dCurso Online Completo TJ-MG\u201d position=\u201dcenter\u201d promo-name=\u201dlink-produto\u201d]\n\n\n\n<p>Entre eles, a <strong>deflagra\u00e7\u00e3o de procedimento administrativo<\/strong> para realiza\u00e7\u00e3o do <a href=\"https:\/\/www.novaconcursos.com.br\/\" target=\"_blank\" rel=\"noreferrer noopener\" aria-label=\"concurso (abre numa nova aba)\">concurso<\/a> TJ MG para<strong> ju\u00edzes substitutos e para o quadro de servidores<\/strong>, em que n\u00e3o haja edital v\u00e1lido.<\/p>\n\n\n\n<p>Dessa maneira, <strong>o tribunal poder\u00e1 iniciar os estudos para a abertura do novo concurso TJ MG<\/strong>. Vale lembrar que, neste primeiro momento, o \u00f3rg\u00e3o deve levantar os cargos vagos, a necessidade de reposi\u00e7\u00e3o de servidores e o or\u00e7amento dispon\u00edvel para nomea\u00e7\u00f5es.<\/p>\n\n\n\n<p>Ap\u00f3s isso, a presid\u00eancia dever\u00e1 avaliar sobre o aval para o concurso TJ MG de ju\u00edzes e servidores. At\u00e9 o momento, <strong>apenas os estudos foram autorizados<\/strong>.<\/p>\n\n\n\n<p>A Lei Complementar 173\/2020, que estabelece o Programa de Enfrentamento ao Coronav\u00edrus, pro\u00edbe a realiza\u00e7\u00e3o de novos certames at\u00e9 o m\u00eas de dezembro de 2021. <strong>Com a exce\u00e7\u00e3o de reposi\u00e7\u00e3o de cargos vagos<\/strong>.<\/p>\n\n\n\n<p>Assim, o Tribunal de Justi\u00e7a de Minas Gerais pode abrir seu <a href=\"https:\/\/www.novaconcursos.com.br\/\" target=\"_blank\" rel=\"noreferrer noopener\" aria-label=\"certame (abre numa nova aba)\">certame<\/a>, desde que seja para provimento das vac\u00e2ncias de pessoal efetivo. Conforme os \u00faltimos dados, o tribunal disp\u00f5e de mais de <strong>2.000 cargos vagos<\/strong> em sua estrutura. Por esse motivo, <strong>a abertura do concurso TJ MG \u00e9 vi\u00e1vel<\/strong>.<\/p>\n\n\n\n\n\n<h2 class=\"wp-block-heading\" id=\"unificao-do-concurso-tj-mg\">Unifica\u00e7\u00e3o do concurso TJ MG<\/h2>\n\n\n\n<p>Foi confirmado pelo Tribunal de Justi\u00e7a de Minas Gerias, que o pr\u00f3ximo concurso TJ MG <strong>ser\u00e1 unificado para os cargos da Primeira e Segunda Inst\u00e2ncias<\/strong>. De acordo com a Assessoria de Imprensa do tribunal, o edital est\u00e1 na depend\u00eancia de um aval da presid\u00eancia do \u00f3rg\u00e3o.<\/p>\n\n\n\n<p>At\u00e9 2019, <strong>o tribunal organizava concursos separados para as duas inst\u00e2ncias<\/strong>. A casa tinha contrato assinado com o Instituto AOCP para organizar o certame da 1\u00ba Inst\u00e2ncia, al\u00e9m do Instituto Brasileiro de Forma\u00e7\u00e3o e Capacita\u00e7\u00e3o (IBFC) para a sele\u00e7\u00e3o da 2\u00aa Inst\u00e2ncia, conforme consta no Di\u00e1rio do Judici\u00e1rio.<\/p>\n\n\n\n<p>Com a realiza\u00e7\u00e3o do novo <a href=\"https:\/\/www.novaconcursos.com.br\/\" target=\"_blank\" rel=\"noreferrer noopener\" aria-label=\"concurso (abre numa nova aba)\">concurso<\/a> TJ MG, <strong>uma nova licita\u00e7\u00e3o para defini\u00e7\u00e3o da banca organizadora ser\u00e1 aberta<\/strong>. Isso porque, os contratos firmados em 2019 foram rescindidos.<\/p>\n\n\n\n<p><em>\u201cAguardam-se delibera\u00e7\u00f5es do Presidente deste Tribunal de Justi\u00e7a sobre a abertura de um novo certame. Para tanto, dever\u00e1 ser realizada uma nova licita\u00e7\u00e3o para a contrata\u00e7\u00e3o de empresa que ir\u00e1 operacionalizar um \u00fanico concurso para provimento de cargos de servidores do Poder Judici\u00e1rio do Estado de Minas Gerais\u201d<\/em>, salientou o Tribunal de Justi\u00e7a de Minas Gerais. <\/p>","protected":false},"excerpt":{"rendered":"<p>O presidente do Tribunal de Justi\u00e7a de Minas Gerais, autorizou estudos para a realiza\u00e7\u00e3o do novo concurso TJ MG e a publica\u00e7\u00e3o do edital de abertura. Realiza\u00e7\u00e3o do concurso TJ MG No dia 20 de janeiro, foi divulgado pelo Tribunal de Justi\u00e7a de Minas Gerais, o Relat\u00f3rio de Desempenho e Produtividade dos seis meses da [&hellip;]<\/p>\n","protected":false},"author":16,"featured_media":84603,"comment_status":"closed","ping_status":"closed","sticky":false,"template":"","format":"standard","meta":{"_acf_changed":false,"footnotes":"","_wp_rev_ctl_limit":""},"categories":[228],"tags":[],"class_list":["post-112555","post","type-post","status-publish","format-standard","has-post-thumbnail","hentry","category-noticias"],"acf":[],"_links":{"self":[{"href":"https:\/\/www.novaconcursos.com.br\/portal\/wp-json\/wp\/v2\/posts\/112555","targetHints":{"allow":["GET"]}}],"collection":[{"href":"https:\/\/www.novaconcursos.com.br\/portal\/wp-json\/wp\/v2\/posts"}],"about":[{"href":"https:\/\/www.novaconcursos.com.br\/portal\/wp-json\/wp\/v2\/types\/post"}],"author":[{"embeddable":true,"href":"https:\/\/www.novaconcursos.com.br\/portal\/wp-json\/wp\/v2\/users\/16"}],"replies":[{"embeddable":true,"href":"https:\/\/www.novaconcursos.com.br\/portal\/wp-json\/wp\/v2\/comments?post=112555"}],"version-history":[{"count":7,"href":"https:\/\/www.novaconcursos.com.br\/portal\/wp-json\/wp\/v2\/posts\/112555\/revisions"}],"predecessor-version":[{"id":300442,"href":"https:\/\/www.novaconcursos.com.br\/portal\/wp-json\/wp\/v2\/posts\/112555\/revisions\/300442"}],"wp:featuredmedia":[{"embeddable":true,"href":"https:\/\/www.novaconcursos.com.br\/portal\/wp-json\/wp\/v2\/media\/84603"}],"wp:attachment":[{"href":"https:\/\/www.novaconcursos.com.br\/portal\/wp-json\/wp\/v2\/media?parent=112555"}],"wp:term":[{"taxonomy":"category","embeddable":true,"href":"https:\/\/www.novaconcursos.com.br\/portal\/wp-json\/wp\/v2\/categories?post=112555"},{"taxonomy":"post_tag","embeddable":true,"href":"https:\/\/www.novaconcursos.com.br\/portal\/wp-json\/wp\/v2\/tags?post=112555"}],"curies":[{"name":"wp","href":"https:\/\/api.w.org\/{rel}","templated":true}]}}