{"id":112623,"date":"2021-01-22T12:23:07","date_gmt":"2021-01-22T15:23:07","guid":{"rendered":"https:\/\/www.novaconcursos.com.br\/portal\/?p=112623"},"modified":"2021-02-19T14:19:50","modified_gmt":"2021-02-19T17:19:50","slug":"concurso-dpe-ce-edital-previsto","status":"publish","type":"post","link":"https:\/\/www.novaconcursos.com.br\/portal\/noticias\/concurso-dpe-ce-edital-previsto\/","title":{"rendered":"Concurso DPE CE: Defensoria confirma que edital est\u00e1 previsto para 2021!"},"content":{"rendered":"<p>Logo ap\u00f3s nomear o \u00faltimo excedente que faltava do edital anterior, a Defensoria anunciou preparativos para a sele\u00e7\u00e3o DPE CE 2021. Saiba mais!<\/p>\n\n\n\n\n\n<h2 class=\"wp-block-heading\" id=\"nova-seleo-dpe-ce-\">Nova sele\u00e7\u00e3o DPE CE <\/h2>\n\n\n\n<p>A <strong>sele\u00e7\u00e3o DPE CE 2021<\/strong> est\u00e1 confirmada! A informa\u00e7\u00e3o foi divulgada pela pr\u00f3pria Defensoria P\u00fablica do Estado do Cear\u00e1, ap\u00f3s nomear o \u00faltimo aprovado que faltava do <a href=\"https:\/\/www.novaconcursos.com.br\/\">edital<\/a> anterior para membros.<\/p>\n\n\n\n<p>O <a href=\"https:\/\/www.novaconcursos.com.br\/\">concurso <\/a>ser\u00e1 destinado a<strong> preencher mais vagas na carreira de defensor<\/strong>. Entretanto, at\u00e9 ent\u00e3o n\u00e3o h\u00e1 previs\u00e3o de<a href=\"https:\/\/www.novaconcursos.com.br\/\"> edital <\/a>para a \u00e1rea de apoio.<\/p>\n\n\n\n<p>O que se sabe, \u00e9 que o<strong> novo <a href=\"https:\/\/www.novaconcursos.com.br\/\">certame<\/a> est\u00e1 previsto para ocorrer ainda este ano. <\/strong>A carreira de defensor tem como exig\u00eancia o <strong>bacharelado em Direito<\/strong> e atualmente tem remunera\u00e7\u00e3o inicial de<strong> R$ 26.127,17.<\/strong><\/p>\n\n\n\n<p>O n\u00famero de vagas previsto n\u00e3o foi divulgado. Entretanto a <strong>DPE CE <\/strong>tem, pelo menos, <strong>57 cargos desocupados na classe inicial da carreira<\/strong>. Com um <strong>novo <a href=\"https:\/\/www.novaconcursos.com.br\/\">edital<\/a><\/strong>, todos eles podem ser preenchidos.<\/p>\n\n\n\n<p>O an\u00fancio do <strong>novo <a href=\"https:\/\/www.novaconcursos.com.br\/\">edital<\/a><\/strong> foi realizado ap\u00f3s a nomea\u00e7\u00e3o do<strong> \u00faltimo aprovado do concurso de 2014<\/strong>, que aconteceu no dia 13 de janeiro, em sess\u00e3o solene do Conselho Superior da Defensoria P\u00fablica (Consup).\u00a0<\/p>\n\n\n\n<p><em>\u201cCom esta \u00faltima nomea\u00e7\u00e3o, a Defensoria encerra os aprovados do \u00faltimo certame e inicia a prepara\u00e7\u00e3o do pr\u00f3ximo concurso, previsto para 2021.\u201d<\/em><\/p>\n\n\n\n<p>A presidente da Associa\u00e7\u00e3o dos Defensores P\u00fablicos do Estado do Cear\u00e1 (ADPEC), <strong>Andrea Maria Alves Coelho<\/strong>, que tamb\u00e9m estava na cerim\u00f4nia de posse, ressaltou que a entidade apoia a nova sele\u00e7\u00e3o DPE CE.<\/p>\n\n\n\n<p><em>\u201cDestaco que a Associa\u00e7\u00e3o sempre esteve e continuar\u00e1 apoiando o fortalecimento dos nossos quadros com a realiza\u00e7\u00e3o de novo certame, assim tamb\u00e9m reconhecendo o \u00e1rduo trabalho feito pela atual administra\u00e7\u00e3o da Defensoria P\u00fablica para fazer o chamamento de todos os aprovados.\u201d<\/em><\/p>\n\n\n\n<h2 class=\"wp-block-heading\" id=\"seleo-ter-reserva-de-vagas-para-negros\">Sele\u00e7\u00e3o ter\u00e1 reserva de vagas para negros<\/h2>\n\n\n\n<p>Em novembro de 2020 a DPE CE instituiu a <strong>primeira pol\u00edtica afirmativa da hist\u00f3ria do \u00f3rg\u00e3o, com a Instru\u00e7\u00e3o Normativa n\u00ba 82\/2020, <\/strong>editada pela defensora geral <strong>Elizabeth Chagas.<\/strong><\/p>\n\n\n\n<p>A nova regra prev\u00ea que<strong> todos os <a href=\"https:\/\/www.novaconcursos.com.br\/\">concursos<\/a> da Defensoria cearense devem passar a ter vagas reservadas exclusivamente para pessoas negras. <\/strong>Isso vale tanto para a <a href=\"https:\/\/www.novaconcursos.com.br\/\">sele\u00e7\u00e3o<\/a> DPE CE, quanto para as <strong>sele\u00e7\u00f5es de est\u00e1gio e outros processos seletivos.<\/strong><\/p>\n\n\n\n<p>A Instru\u00e7\u00e3o Normativa destina <strong>20% das vagas previstas em<a href=\"https:\/\/www.novaconcursos.com.br\/\"> edital <\/a>para essa cota, <\/strong>sendo v\u00e1lida para cargos de membros (defensores), servidores e estagi\u00e1rios. Para acessarem a pol\u00edtica, os candidatos negros dever\u00e3o fazer a autodeclara\u00e7\u00e3o \u00e9tnica no ato da inscri\u00e7\u00e3o.<\/p>\n\n\n\n<p>Cada sele\u00e7\u00e3o ou<a href=\"https:\/\/www.novaconcursos.com.br\/\"> concurso <\/a>da DPE CE ter\u00e1 uma <strong>comiss\u00e3o de heteroidentifica\u00e7\u00e3o para avaliar as inscri\u00e7\u00f5es<\/strong>, como acontece normalmente em todos os <a href=\"https:\/\/www.novaconcursos.com.br\/\">concursos<\/a> com pol\u00edtica afirmativa.   <\/p>","protected":false},"excerpt":{"rendered":"<p>Logo ap\u00f3s nomear o \u00faltimo excedente que faltava do edital anterior, a Defensoria anunciou preparativos para a sele\u00e7\u00e3o DPE CE 2021. Saiba mais! Nova sele\u00e7\u00e3o DPE CE A sele\u00e7\u00e3o DPE CE 2021 est\u00e1 confirmada! A informa\u00e7\u00e3o foi divulgada pela pr\u00f3pria Defensoria P\u00fablica do Estado do Cear\u00e1, ap\u00f3s nomear o \u00faltimo aprovado que faltava do edital [&hellip;]<\/p>\n","protected":false},"author":54662,"featured_media":0,"comment_status":"closed","ping_status":"closed","sticky":false,"template":"","format":"standard","meta":{"_acf_changed":false,"footnotes":"","_wp_rev_ctl_limit":""},"categories":[228],"tags":[],"class_list":["post-112623","post","type-post","status-publish","format-standard","hentry","category-noticias"],"acf":[],"_links":{"self":[{"href":"https:\/\/www.novaconcursos.com.br\/portal\/wp-json\/wp\/v2\/posts\/112623","targetHints":{"allow":["GET"]}}],"collection":[{"href":"https:\/\/www.novaconcursos.com.br\/portal\/wp-json\/wp\/v2\/posts"}],"about":[{"href":"https:\/\/www.novaconcursos.com.br\/portal\/wp-json\/wp\/v2\/types\/post"}],"author":[{"embeddable":true,"href":"https:\/\/www.novaconcursos.com.br\/portal\/wp-json\/wp\/v2\/users\/54662"}],"replies":[{"embeddable":true,"href":"https:\/\/www.novaconcursos.com.br\/portal\/wp-json\/wp\/v2\/comments?post=112623"}],"version-history":[{"count":4,"href":"https:\/\/www.novaconcursos.com.br\/portal\/wp-json\/wp\/v2\/posts\/112623\/revisions"}],"predecessor-version":[{"id":123773,"href":"https:\/\/www.novaconcursos.com.br\/portal\/wp-json\/wp\/v2\/posts\/112623\/revisions\/123773"}],"wp:attachment":[{"href":"https:\/\/www.novaconcursos.com.br\/portal\/wp-json\/wp\/v2\/media?parent=112623"}],"wp:term":[{"taxonomy":"category","embeddable":true,"href":"https:\/\/www.novaconcursos.com.br\/portal\/wp-json\/wp\/v2\/categories?post=112623"},{"taxonomy":"post_tag","embeddable":true,"href":"https:\/\/www.novaconcursos.com.br\/portal\/wp-json\/wp\/v2\/tags?post=112623"}],"curies":[{"name":"wp","href":"https:\/\/api.w.org\/{rel}","templated":true}]}}