{"id":112710,"date":"2021-01-26T09:21:40","date_gmt":"2021-01-26T12:21:40","guid":{"rendered":"https:\/\/www.novaconcursos.com.br\/portal\/?p=112710"},"modified":"2021-02-15T14:15:21","modified_gmt":"2021-02-15T17:15:21","slug":"concurso-sefaz-ba-edital-suspenso","status":"publish","type":"post","link":"https:\/\/www.novaconcursos.com.br\/portal\/noticias\/concurso-sefaz-ba-edital-suspenso\/","title":{"rendered":"Concurso SEFAZ BA: O que falta para ter o edital publicado!"},"content":{"rendered":"<p class=\"wp-block-paragraph\">Previsto desde 2019 e com or\u00e7amento reservado para 2021, Saeb explica o que falta para a publica\u00e7\u00e3o do edital da sele\u00e7\u00e3o Sefaz BA.<\/p>\n\n\n\n\n\n<h2 class=\"wp-block-heading\" id=\"edital-do-concurso-sefaz-ba\">Edital do concurso Sefaz BA<\/h2>\n\n\n\n<p class=\"wp-block-paragraph\">O <a href=\"https:\/\/www.novaconcursos.com.br\/\">edital<\/a> da pr\u00f3xima <strong>sele\u00e7\u00e3o Sefaz BA<\/strong> ainda deve demorar para ser publicado. Previsto desde 2019, o documento aguarda <strong>o fim da pandemia de Covid-19. <\/strong>A <strong>Secretaria da Administra\u00e7\u00e3o (Saeb)<\/strong> falou sobre a situa\u00e7\u00e3o.<\/p>\n\n\n\n<p class=\"wp-block-paragraph\">De acordo com a pasta, em fun\u00e7\u00e3o da pandemia, as atividades referentes ao <a href=\"https:\/\/www.novaconcursos.com.br\/\">certame<\/a> para agente de tributos <strong>encontram-se suspensas.<\/strong> Desta maneira, <strong>o<a href=\"https:\/\/www.novaconcursos.com.br\/\"> edital<\/a> s\u00f3 deve ser publicado com o t\u00e9rmino ou controle de Covid-19 no estado.<\/strong><\/p>\n\n\n\n<p class=\"wp-block-paragraph\">Al\u00e9m disso, para que o<strong> certame Sefaz BA<\/strong> aconte\u00e7a, \u00e9 necess\u00e1rio ainda que a <strong>banca organizadora seja contratada<\/strong>. O processo, entretanto, tamb\u00e9m segue suspenso.<\/p>\n\n\n\n<p class=\"wp-block-paragraph\"><em>\u201cA divulga\u00e7\u00e3o da banca e a publica\u00e7\u00e3o do edital s\u00e3o etapas subsequentes \u00e0 contrata\u00e7\u00e3o da empresa organizadora do concurso, para a qual n\u00e3o h\u00e1 previs\u00e3o\u201d<\/em>, relatou a Saeb.<\/p>\n\n\n\n<p class=\"wp-block-paragraph\">Em outubro do ano passado, o secret\u00e1rio de Administra\u00e7\u00e3o da Bahia, Edelvino G\u00f3es,<strong> falou que a<a href=\"https:\/\/www.novaconcursos.com.br\/\"> sele\u00e7\u00e3o<\/a> s\u00f3 seria aberta quando as provas pudessem ocorrer.<\/strong><\/p>\n\n\n\n<p class=\"wp-block-paragraph\"><em>\u201cO edital n\u00e3o pode ser publicado, enquanto n\u00e3o for poss\u00edvel a realiza\u00e7\u00e3o das provas, dificultada pela pandemia\u201d<\/em>, disse o secret\u00e1rio ao Sindicato dos Servidores da Fazenda do Estado da Bahia (Sindsefaz).<\/p>\n\n\n\n<p class=\"wp-block-paragraph\">O <a href=\"https:\/\/www.novaconcursos.com.br\/\">concurso <\/a>\u00e9 aguardado desde agosto de 2019, quando foi autorizada pelo governador Rui Costa. Ao todo, s\u00e3o esperadas <strong>20 vagas para o cargo de agente de tributos.<\/strong><\/p>\n\n\n\n<p class=\"wp-block-paragraph\">O or\u00e7amento para a realiza\u00e7\u00e3o do <a href=\"https:\/\/www.novaconcursos.com.br\/\">concurso<\/a> j\u00e1 consta na Proposta Or\u00e7ament\u00e1ria Anual de 2021 (PLOA 2021) do Estado da Bahia.<\/p>\n\n\n\n<div class=\"wp-block-image\"><figure class=\"aligncenter size-large is-resized\"><img decoding=\"async\" src=\"https:\/\/www.novaconcursos.com.br\/portal\/wp-content\/uploads\/2019\/08\/SEFAZ-BA-1-1024x612.jpeg\" alt=\"\" class=\"wp-image-89429\" width=\"752\" height=\"449\" loading=\"lazy\" title=\"\" srcset=\"https:\/\/www.novaconcursos.com.br\/portal\/wp-content\/uploads\/2019\/08\/SEFAZ-BA-1-300x179.jpeg 300w, https:\/\/www.novaconcursos.com.br\/portal\/wp-content\/uploads\/2019\/08\/SEFAZ-BA-1-1024x612.jpeg 1024w, https:\/\/www.novaconcursos.com.br\/portal\/wp-content\/uploads\/2019\/08\/SEFAZ-BA-1.jpeg 2048w\" sizes=\"auto, (max-width: 480px) 100vw, (max-width: 768px) 100vw, (max-width: 1200px) 70vw, 768px\"><\/figure><\/div>\n\n\n\n<h2 class=\"wp-block-heading\" id=\"seleo-sefaz-ba-ser-para-o-nvel-superior\">Sele\u00e7\u00e3o Sefaz BA ser\u00e1 para o n\u00edvel superior<\/h2>\n\n\n\n<p class=\"wp-block-paragraph\">O <a href=\"https:\/\/www.novaconcursos.com.br\/\">concurso<\/a> para a Secretaria de Fazenda da Bahia ser\u00e1 de <strong>n\u00edvel superior<\/strong>. A informa\u00e7\u00e3o\u00a0 foi confirmada pela Saeb, respons\u00e1vel pelos tr\u00e2mites da sele\u00e7\u00e3o.<\/p>\n\n\n\n<p class=\"wp-block-paragraph\">A d\u00favida em rela\u00e7\u00e3o ao requisito surgiu em junho do ano passado, quando o<strong> Supremo Tribunal Federal (STF)<\/strong> julgou uma a\u00e7\u00e3o direta de inconstitucionalidade ajuizada pelo partido Democratas (DEM).<\/p>\n\n\n\n<p class=\"wp-block-paragraph\">Na decis\u00e3o, a ministra Rosa Weber votou pela manuten\u00e7\u00e3o do<strong> n\u00edvel m\u00e9dio <\/strong>como principal requisito. A a\u00e7\u00e3o deu a entender que seria inconstitucional a cobran\u00e7a do n\u00edvel superior para o ingresso na carreira.<\/p>\n\n\n\n<p class=\"wp-block-paragraph\"><\/p><p>Entretanto, a Saeb enviou uma nota de esclarecimento sobre o assunto. De acordo com a pasta, <strong>a decis\u00e3o do STF n\u00e3o se refere \u00e0 escolaridade exigida para ingresso no cargo.<\/strong><\/p>\n[btnnova href=\u201dhttps:\/\/www.novaconcursos.com.br\/concurso\/sefaz-ba-secretaria-da-fazenda-da-bahia\/apostila\u201d class=\u201dyellow\u201d target=\u201dtrue\u201d content=\u201dApostila Completa Sefaz \u2013 BA\u201d position=\u201dcenter\u201d promo-name=\u201dlink-produto\u201d]\n\n\n\n<p class=\"wp-block-paragraph\">Neste caso, a a\u00e7\u00e3o est\u00e1 relacionada ao artigo 24 e ao Anexo V da Lei Estadual n\u00ba 8.210\/2002, bem como aos incisos I e II do artigo 2\u00ba da Lei Estadual n\u00b0 11.470\/2009, <strong>que tratam das regras para enquadramento de classes na progress\u00e3o da carreira e das atribui\u00e7\u00f5es do cargo, respectivamente.\u00a0<\/strong><\/p>\n\n\n\n<p class=\"wp-block-paragraph\"><em>\u201cPor conta da exig\u00eancia de n\u00edvel superior em qualquer \u00e1rea de conhecimento para ingresso no cargo, estabelecida a partir de 2002 pela Lei Estadual n\u00ba 8.210, e por conta das novas atribui\u00e7\u00f5es inerentes \u00e0 fun\u00e7\u00e3o, explicitadas pela Lei Estadual n\u00b0 11.470, julgou-se a constitucionalidade dos itens supracitados, j\u00e1 que este cen\u00e1rio poderia configurar ofensa \u00e0 exig\u00eancia da pr\u00e9via aprova\u00e7\u00e3o em concurso p\u00fablico\u201d<\/em>, disse em nota.<\/p>\n\n\n\n<p class=\"wp-block-paragraph\">Desta maneira, a Secretaria esclareceu que <strong>a decis\u00e3o n\u00e3o impacta na regra que estabelece a escolaridade m\u00ednima (n\u00edvel superior em qualquer \u00e1rea) <\/strong>para ingresso na carreira, continuando esta em vigor e sem altera\u00e7\u00e3o.<br><\/p>","protected":false},"excerpt":{"rendered":"<p>Previsto desde 2019 e com or\u00e7amento reservado para 2021, Saeb explica o que falta para a publica\u00e7\u00e3o do edital da sele\u00e7\u00e3o Sefaz BA. Edital do concurso Sefaz BA O edital da pr\u00f3xima sele\u00e7\u00e3o Sefaz BA ainda deve demorar para ser publicado. Previsto desde 2019, o documento aguarda o fim da pandemia de Covid-19. A Secretaria [&hellip;]<\/p>\n","protected":false},"author":54662,"featured_media":89445,"comment_status":"closed","ping_status":"closed","sticky":false,"template":"","format":"standard","meta":{"_acf_changed":false,"footnotes":"","_wp_rev_ctl_limit":""},"categories":[228],"tags":[],"class_list":["post-112710","post","type-post","status-publish","format-standard","has-post-thumbnail","hentry","category-noticias"],"acf":[],"_links":{"self":[{"href":"https:\/\/www.novaconcursos.com.br\/portal\/wp-json\/wp\/v2\/posts\/112710","targetHints":{"allow":["GET"]}}],"collection":[{"href":"https:\/\/www.novaconcursos.com.br\/portal\/wp-json\/wp\/v2\/posts"}],"about":[{"href":"https:\/\/www.novaconcursos.com.br\/portal\/wp-json\/wp\/v2\/types\/post"}],"author":[{"embeddable":true,"href":"https:\/\/www.novaconcursos.com.br\/portal\/wp-json\/wp\/v2\/users\/54662"}],"replies":[{"embeddable":true,"href":"https:\/\/www.novaconcursos.com.br\/portal\/wp-json\/wp\/v2\/comments?post=112710"}],"version-history":[{"count":6,"href":"https:\/\/www.novaconcursos.com.br\/portal\/wp-json\/wp\/v2\/posts\/112710\/revisions"}],"predecessor-version":[{"id":119555,"href":"https:\/\/www.novaconcursos.com.br\/portal\/wp-json\/wp\/v2\/posts\/112710\/revisions\/119555"}],"wp:featuredmedia":[{"embeddable":true,"href":"https:\/\/www.novaconcursos.com.br\/portal\/wp-json\/wp\/v2\/media\/89445"}],"wp:attachment":[{"href":"https:\/\/www.novaconcursos.com.br\/portal\/wp-json\/wp\/v2\/media?parent=112710"}],"wp:term":[{"taxonomy":"category","embeddable":true,"href":"https:\/\/www.novaconcursos.com.br\/portal\/wp-json\/wp\/v2\/categories?post=112710"},{"taxonomy":"post_tag","embeddable":true,"href":"https:\/\/www.novaconcursos.com.br\/portal\/wp-json\/wp\/v2\/tags?post=112710"}],"curies":[{"name":"wp","href":"https:\/\/api.w.org\/{rel}","templated":true}]}}