{"id":112769,"date":"2021-01-26T17:27:16","date_gmt":"2021-01-26T20:27:16","guid":{"rendered":"https:\/\/www.novaconcursos.com.br\/portal\/?p=112769"},"modified":"2024-11-12T09:21:10","modified_gmt":"2024-11-12T12:21:10","slug":"concurso-pcdf-corporacao-exige-que-selecao-seja-retomada","status":"publish","type":"post","link":"https:\/\/www.novaconcursos.com.br\/portal\/noticias\/concurso-pcdf-corporacao-exige-que-selecao-seja-retomada\/","title":{"rendered":"Concurso PCDF: Corpora\u00e7\u00e3o exige que sele\u00e7\u00e3o seja retomada!"},"content":{"rendered":"<p>O<strong> <a href=\"https:\/\/www.novaconcursos.com.br\" target=\"_blank\" rel=\"noreferrer noopener\">concurso<\/a> PCDF<\/strong> (Pol\u00edcia Civil do Distrito Federal) ser\u00e1 retomado muito em breve. No \u00faltimo dia 22\/01 a corpora\u00e7\u00e3o enviou solicita\u00e7\u00e3o a banca respons\u00e1vel pelo certame, Cebraspe, para que as demais etapas do concurso sejam realizadas.<\/p>\n\n\n\n<p>Importante salientar que de acordo com o delegado-geral da PCDF, Robson C\u00e2ndido, as <strong>datas de realiza\u00e7\u00e3o das provas<\/strong> n\u00e3o coincidir\u00e3o com outros concursos policiais como PF e PRF.<\/p>\n\n\n\n<p>\u201cSabemos que muitas pessoas ir\u00e3o fazer as provas da Pol\u00edcia Federal e da Pol\u00edcia Rodovi\u00e1ria Federal. Portanto, vamos definir uma data que n\u00e3o cause preju\u00edzo aos estudantes, principalmente aos que moram fora do Distrito Federal\u201d <\/p>\n\n\n\n<p>Com isso as novas datas ser\u00e3o divulgadas j\u00e1 nos <strong>pr\u00f3ximos dias<\/strong>. <\/p>\n\n\n\n<h2 class=\"wp-block-heading\" id=\"concurso-pcdf-vagas\">Concurso PCDF: vagas<\/h2>\n\n\n\n<p>S\u00e3o dois editais que juntos somam<strong> 2.100 vagas<\/strong> para cargos de n\u00edvel superior. Sendo <strong>1.800 oportunidades para Agente<\/strong> de Pol\u00edcia Civil, em que 600 ser\u00e3o ingresso imediato e o restante para forma\u00e7\u00e3o de cadastro reserva; e <strong>300 vagas imediatas para Escriv\u00e3o<\/strong>.<\/p>\n\n\n\n<figure class=\"wp-block-image size-large\"><img decoding=\"async\" width=\"1024\" height=\"576\" src=\"https:\/\/www.novaconcursos.com.br\/portal\/wp-content\/uploads\/2020\/07\/PCDF-1024x576.jpg\" alt=\"\" class=\"wp-image-103528\" loading=\"lazy\" title=\"\" srcset=\"https:\/\/www.novaconcursos.com.br\/portal\/wp-content\/uploads\/2020\/07\/PCDF-300x169.jpg 300w, https:\/\/www.novaconcursos.com.br\/portal\/wp-content\/uploads\/2020\/07\/PCDF-1024x576.jpg 1024w\" sizes=\"auto, (max-width: 480px) 100vw, (max-width: 768px) 100vw, (max-width: 1200px) 70vw, 768px\"><figcaption><\/figcaption><\/figure><h2 class=\"wp-block-heading\" id=\"concurso-pc-df-reajuste-salarial\"><strong>Concurso PC DF: reajuste salarial<\/strong><\/h2>\n\n\n\n<p>Conforme o edital o sal\u00e1rio inicial seria no valor de R$ 8.698,78, por\u00e9m este valor foi reajustado e trouxe ainda mais motiva\u00e7\u00e3o aos inscritos neste concurso, passando para nada menos que <strong>R$ 9.394,68<\/strong>; podendo chegar a <strong>R$ 14.851,63<\/strong> na classe especial.<\/p>\n\n\n\n<h2 class=\"wp-block-heading\" id=\"concurso-pcdf-nmero-de-inscritos\">Concurso PCDF: n\u00famero de inscritos<\/h2>\n\n\n\n<p>O <strong><a href=\"https:\/\/www.novaconcursos.com.br\" target=\"_blank\" rel=\"noreferrer noopener\">concurso<\/a> PC-DF<\/strong> teve um n\u00famero de inscri\u00e7\u00f5es bastante expressivo, s\u00e3o mais de 140 mil inscritos que disputar\u00e3o as 2.100 vagas para Agente e Escriv\u00e3o.<\/p>\n\n\n\n<p>Confira abaixo mais detalhadamente o n\u00famero de inscritos por cargo:<\/p>\n\n\n\n<p><strong>Agente <\/strong><\/p>\n\n\n\n<ul class=\"wp-block-list\"><li>1.800 vagas<\/li>\n\n\n\n<li>88.894 inscritos<\/li>\n\n\n\n<li>148,16 por vaga na demanda total<\/li>\n<\/ul><p><strong>Escriv\u00e3o<\/strong><\/p>\n\n\n\n<ul class=\"wp-block-list\"><li>300 vagas<\/li>\n\n\n\n<li>52.636 inscritos<\/li>\n\n\n\n<li>175,45 por vaga na demanda total<\/li>\n<\/ul><h2 class=\"wp-block-heading\" id=\"concurso-pc-df-provas\">Concurso PC DF: provas<\/h2>\n\n\n\n<p>A previs\u00e3o \u00e9 que as provas sejam <strong>aplicadas no m\u00eas de abril<\/strong>, contudo ainda n\u00e3o foi definida uma data. Lembrando que as datas n\u00e3o coincidir\u00e3o com as da PF e PRF, sem d\u00favida, um al\u00edvio para os concurseiros. <\/p>\n\n\n\n<p>As provas ser\u00e3o compostas por 120 quest\u00f5es de julgamento <strong>CERTO ou ERRADO<\/strong> e versar\u00e3o sobre as disciplinas de:<\/p>\n\n\n\n<h3 class=\"wp-block-heading\">Conhecimentos B\u00e1sico (50 quest\u00f5es)<\/h3>\n\n\n\n<ul class=\"wp-block-list\"><li>L\u00edngua Portuguesa;<\/li>\n\n\n\n<li>L\u00edngua Inglesa;<\/li>\n\n\n\n<li>Conhecimentos sobre o Distrito Federal;<\/li>\n\n\n\n<li>Matem\u00e1tica e Racioc\u00ednio L\u00f3gico.<\/li>\n<\/ul><h3 class=\"wp-block-heading\">Conhecimentos Espec\u00edficos (70 quest\u00f5es)<\/h3>\n\n\n\n<ul class=\"wp-block-list\"><li>No\u00e7\u00f5es de Direito Administrativo;<\/li>\n\n\n\n<li>No\u00e7\u00f5es de Direito Constitucional;<\/li>\n\n\n\n<li>No\u00e7\u00f5es de Direito Penal;<\/li>\n\n\n\n<li>No\u00e7\u00f5es de Direito Processual Penal;<\/li>\n\n\n\n<li>No\u00e7\u00f5es de Direitos Humanos;<\/li>\n\n\n\n<li>Inform\u00e1tica;<\/li>\n\n\n\n<li>Estat\u00edstica;<\/li>\n\n\n\n<li>Contabilidade.<\/li>\n<\/ul><p>As demais fases constar\u00e3o de: Prova Discursiva; Exame Biom\u00e9trico e Avalia\u00e7\u00e3o M\u00e9dica; TAF (Teste de Aptid\u00e3o F\u00edsica); Avalia\u00e7\u00e3o Psicol\u00f3gica; Sindic\u00e2ncia de Vida Pregressa.<\/p>\n\n\n\n<p>Por fim, haver\u00e1 o Curso de Forma\u00e7\u00e3o Profissional.<\/p>","protected":false},"excerpt":{"rendered":"<p>O concurso PCDF (Pol\u00edcia Civil do Distrito Federal) ser\u00e1 retomado muito em breve. No \u00faltimo dia 22\/01 a corpora\u00e7\u00e3o enviou solicita\u00e7\u00e3o a banca respons\u00e1vel pelo certame, Cebraspe, para que as demais etapas do concurso sejam realizadas. Importante salientar que de acordo com o delegado-geral da PCDF, Robson C\u00e2ndido, as datas de realiza\u00e7\u00e3o das provas n\u00e3o [&hellip;]<\/p>\n","protected":false},"author":28995,"featured_media":102738,"comment_status":"closed","ping_status":"closed","sticky":false,"template":"","format":"standard","meta":{"_acf_changed":false,"footnotes":"","_wp_rev_ctl_limit":""},"categories":[228],"tags":[],"class_list":["post-112769","post","type-post","status-publish","format-standard","has-post-thumbnail","hentry","category-noticias"],"acf":[],"_links":{"self":[{"href":"https:\/\/www.novaconcursos.com.br\/portal\/wp-json\/wp\/v2\/posts\/112769","targetHints":{"allow":["GET"]}}],"collection":[{"href":"https:\/\/www.novaconcursos.com.br\/portal\/wp-json\/wp\/v2\/posts"}],"about":[{"href":"https:\/\/www.novaconcursos.com.br\/portal\/wp-json\/wp\/v2\/types\/post"}],"author":[{"embeddable":true,"href":"https:\/\/www.novaconcursos.com.br\/portal\/wp-json\/wp\/v2\/users\/28995"}],"replies":[{"embeddable":true,"href":"https:\/\/www.novaconcursos.com.br\/portal\/wp-json\/wp\/v2\/comments?post=112769"}],"version-history":[{"count":6,"href":"https:\/\/www.novaconcursos.com.br\/portal\/wp-json\/wp\/v2\/posts\/112769\/revisions"}],"predecessor-version":[{"id":260154,"href":"https:\/\/www.novaconcursos.com.br\/portal\/wp-json\/wp\/v2\/posts\/112769\/revisions\/260154"}],"wp:featuredmedia":[{"embeddable":true,"href":"https:\/\/www.novaconcursos.com.br\/portal\/wp-json\/wp\/v2\/media\/102738"}],"wp:attachment":[{"href":"https:\/\/www.novaconcursos.com.br\/portal\/wp-json\/wp\/v2\/media?parent=112769"}],"wp:term":[{"taxonomy":"category","embeddable":true,"href":"https:\/\/www.novaconcursos.com.br\/portal\/wp-json\/wp\/v2\/categories?post=112769"},{"taxonomy":"post_tag","embeddable":true,"href":"https:\/\/www.novaconcursos.com.br\/portal\/wp-json\/wp\/v2\/tags?post=112769"}],"curies":[{"name":"wp","href":"https:\/\/api.w.org\/{rel}","templated":true}]}}