{"id":112787,"date":"2021-01-27T12:10:05","date_gmt":"2021-01-27T15:10:05","guid":{"rendered":"https:\/\/www.novaconcursos.com.br\/portal\/?p=112787"},"modified":"2021-02-15T14:15:14","modified_gmt":"2021-02-15T17:15:14","slug":"concurso-cress-df-novo-edital","status":"publish","type":"post","link":"https:\/\/www.novaconcursos.com.br\/portal\/noticias\/concurso-cress-df-novo-edital\/","title":{"rendered":"Concurso CRESS DF: Preparativos para novo edital s\u00e3o iniciados!"},"content":{"rendered":"<p class=\"wp-block-paragraph\">Presidente confirma dispensa para a escolha da banca da nova sele\u00e7\u00e3o Cress DF 2021. <\/p>\n\n\n\n\n\n<h2 class=\"wp-block-heading\" id=\"novidades-sobre-o-concurso-cress-df\">Novidades sobre o concurso CRESS DF<\/h2>\n\n\n\n<p class=\"wp-block-paragraph\">Uma<strong> nova <a href=\"https:\/\/www.novaconcursos.com.br\/\">sele\u00e7\u00e3o<\/a> Cress DF <\/strong>pode sair em breve! O Conselho Regional de Servi\u00e7o Social da 8\u00aa Regi\u00e3o, no Distrito Federal, j\u00e1 iniciou os preparativos para o seu <strong>pr\u00f3ximo edital.\u00a0<\/strong><\/p>\n\n\n\n<p class=\"wp-block-paragraph\"><strong>\u00c9 o que indica publica\u00e7\u00e3o no Di\u00e1rio Oficial do DF do dia 18:<\/strong> um termo de ratifica\u00e7\u00e3o da dispensa para a escolha da institui\u00e7\u00e3o organizadora que vai aplicar as provas da <a href=\"https:\/\/www.novaconcursos.com.br\/\">sele\u00e7\u00e3o.<\/a><\/p>\n\n\n\n<div class=\"wp-block-image\"><figure class=\"aligncenter size-large is-resized\"><img decoding=\"async\" src=\"https:\/\/www.novaconcursos.com.br\/portal\/wp-content\/uploads\/2021\/01\/termo_concurso_cress_df_2021.png\" alt=\"\" class=\"wp-image-112788\" width=\"597\" height=\"449\" loading=\"lazy\" title=\"\" srcset=\"https:\/\/www.novaconcursos.com.br\/portal\/wp-content\/uploads\/2021\/01\/termo_concurso_cress_df_2021-300x226.png 300w, https:\/\/www.novaconcursos.com.br\/portal\/wp-content\/uploads\/2021\/01\/termo_concurso_cress_df_2021.png 570w\" sizes=\"auto, (max-width: 480px) 100vw, (max-width: 768px) 100vw, (max-width: 1200px) 70vw, 768px\"><\/figure><\/div>\n\n\n\n<p class=\"wp-block-paragraph\">Assinado pela presidente do Cress DF, Karina Aparecida Figueiredo, o documento basicamente <strong>indica o aval para que seja iniciado o processo de escolha da banca.\u00a0<\/strong><\/p>\n\n\n\n<p class=\"wp-block-paragraph\">Entretanto, esses tr\u00e2mites ainda podem levar algumas semanas at\u00e9 que o nome da escolhida seja divulgado.<strong> O Conselho tamb\u00e9m n\u00e3o divulgou, at\u00e9 ent\u00e3o, quais ser\u00e3o os cargos e n\u00famero de vagas.<\/strong><\/p>\n\n\n\n<p class=\"wp-block-paragraph\">Vale destacar que no termo de ratifica\u00e7\u00e3o\u00a0 destaca a<em> \u201ciminente necessidade de preencher o quadro de servidores\u201d.<\/em> Sendo assim, o Cress DF precisa fazer contrata\u00e7\u00f5es logo, o que aumenta a <strong>expectativa para que o <a href=\"https:\/\/www.novaconcursos.com.br\/\">edital<\/a> saia em breve.<\/strong><\/p>\n\n\n\n<h2 class=\"wp-block-heading\" id=\"ltimo-concurso-\">\u00daltimo concurso\u00a0<\/h2>\n\n\n\n<p class=\"wp-block-paragraph\">Realizado em 2009, h\u00e1 mais de dez anos,\u00a0 o<strong> Cress DF<\/strong> teve <a href=\"https:\/\/www.novaconcursos.com.br\/\">edital <\/a>de concurso para efetivos , em conjunto com o Conselho Federal de Servi\u00e7o Social (CFESS). Al\u00e9m do Cress DF, foram contemplados outros  estados, como Par\u00e1, Rio Bahia e outros.\u00a0<\/p>\n\n\n\n<p class=\"wp-block-paragraph\">No Distrito Federal, as vagas eram de<strong> agente fiscal\/ assistente social, agente administrativo e agente financeiro.<\/strong> O primeiro de <strong>n\u00edvel superior e os outros dois de n\u00edvel m\u00e9dio.\u00a0<\/strong><\/p>\n\n\n\n<p class=\"wp-block-paragraph\">Cada um contava com uma vaga e as remunera\u00e7\u00f5es variavam de <strong>R$ 700<\/strong> a <strong>R$ 1.200<\/strong> na ocasi\u00e3o.<\/p>\n\n\n\n<p class=\"wp-block-paragraph\">Sob organiza\u00e7\u00e3o do<strong> Instituto Quadrix<\/strong>, os candidatos foram avaliados por meio de prova objetiva. <strong>O exame compreendia 50 quest\u00f5es sobre:<\/strong><\/p>\n\n\n\n<ul class=\"wp-block-list\"><li>L\u00edngua Portuguesa\u00a0<\/li><li>Matem\u00e1tica (n\u00edvel m\u00e9dio) ou Atualidades (n\u00edvel superior)<\/li><li>Inform\u00e1tica\u00a0<\/li><li>Conhecimentos Espec\u00edficos<\/li><\/ul><p class=\"wp-block-paragraph\">Teve tamb\u00e9m a\u00a0 <strong>prova discursiva<\/strong> para os candidatos no n\u00edvel superior, na qual os concorrentes tinham que responder a <strong>duas quest\u00f5es escritas.<\/strong><\/p>","protected":false},"excerpt":{"rendered":"<p>Presidente confirma dispensa para a escolha da banca da nova sele\u00e7\u00e3o Cress DF 2021. Novidades sobre o concurso CRESS DF Uma nova sele\u00e7\u00e3o Cress DF pode sair em breve! O Conselho Regional de Servi\u00e7o Social da 8\u00aa Regi\u00e3o, no Distrito Federal, j\u00e1 iniciou os preparativos para o seu pr\u00f3ximo edital.\u00a0 \u00c9 o que indica publica\u00e7\u00e3o [&hellip;]<\/p>\n","protected":false},"author":54662,"featured_media":112789,"comment_status":"closed","ping_status":"closed","sticky":false,"template":"","format":"standard","meta":{"_acf_changed":false,"footnotes":"","_wp_rev_ctl_limit":""},"categories":[228],"tags":[],"class_list":["post-112787","post","type-post","status-publish","format-standard","has-post-thumbnail","hentry","category-noticias"],"acf":[],"_links":{"self":[{"href":"https:\/\/www.novaconcursos.com.br\/portal\/wp-json\/wp\/v2\/posts\/112787","targetHints":{"allow":["GET"]}}],"collection":[{"href":"https:\/\/www.novaconcursos.com.br\/portal\/wp-json\/wp\/v2\/posts"}],"about":[{"href":"https:\/\/www.novaconcursos.com.br\/portal\/wp-json\/wp\/v2\/types\/post"}],"author":[{"embeddable":true,"href":"https:\/\/www.novaconcursos.com.br\/portal\/wp-json\/wp\/v2\/users\/54662"}],"replies":[{"embeddable":true,"href":"https:\/\/www.novaconcursos.com.br\/portal\/wp-json\/wp\/v2\/comments?post=112787"}],"version-history":[{"count":3,"href":"https:\/\/www.novaconcursos.com.br\/portal\/wp-json\/wp\/v2\/posts\/112787\/revisions"}],"predecessor-version":[{"id":112798,"href":"https:\/\/www.novaconcursos.com.br\/portal\/wp-json\/wp\/v2\/posts\/112787\/revisions\/112798"}],"wp:featuredmedia":[{"embeddable":true,"href":"https:\/\/www.novaconcursos.com.br\/portal\/wp-json\/wp\/v2\/media\/112789"}],"wp:attachment":[{"href":"https:\/\/www.novaconcursos.com.br\/portal\/wp-json\/wp\/v2\/media?parent=112787"}],"wp:term":[{"taxonomy":"category","embeddable":true,"href":"https:\/\/www.novaconcursos.com.br\/portal\/wp-json\/wp\/v2\/categories?post=112787"},{"taxonomy":"post_tag","embeddable":true,"href":"https:\/\/www.novaconcursos.com.br\/portal\/wp-json\/wp\/v2\/tags?post=112787"}],"curies":[{"name":"wp","href":"https:\/\/api.w.org\/{rel}","templated":true}]}}