{"id":112792,"date":"2021-04-07T15:30:46","date_gmt":"2021-04-07T18:30:46","guid":{"rendered":"https:\/\/www.novaconcursos.com.br\/portal\/?post_type=nc-public-tender&#038;p=112792"},"modified":"2024-12-16T10:01:47","modified_gmt":"2024-12-16T13:01:47","slug":"concurso-cress-df","status":"publish","type":"post","link":"https:\/\/www.novaconcursos.com.br\/portal\/concursos\/concurso-cress-df\/","title":{"rendered":"Concurso Cress DF: Edital publicado com sal\u00e1rios de at\u00e9 R$ 3,8 mil!"},"content":{"rendered":"<p>Saiu o aguardado edital do<strong> concurso Cress DF<\/strong> (Conselho Regional de Servi\u00e7o Social da 8\u00aa Regi\u00e3o), no Distrito Federal. S\u00e3o 45 vagas para cargos de n\u00edveis <strong>m\u00e9dio e superior<\/strong> com sal\u00e1rios de at\u00e9 <strong>R$ 3,8 mil<\/strong>!<\/p>\n<p>As inscri\u00e7\u00f5es j\u00e1 est\u00e3o abertas e seguem assim at\u00e9 o dia 10 de maio. Confira todos os detalhes do concurso.<\/p>\n<ul><li><a class=\"_ps2id\" href=\"#inscricoes\" data-ps2id-offset=\"\">Inscri\u00e7\u00f5es<\/a><\/li>\n<li><a class=\"_ps2id\" href=\"#cargos%20e%20vagas\" data-ps2id-offset=\"\">Cargos e Vagas<\/a>\n<ul><li><a class=\"_ps2id\" href=\"#salario\" data-ps2id-offset=\"\">Remunera\u00e7\u00e3o<\/a><\/li>\n<li><a class=\"_ps2id\" href=\"#requisitos\" data-ps2id-offset=\"\">Requisitos<\/a><\/li>\n<\/ul><\/li>\n<li><a class=\"_ps2id\" href=\"#provas\" data-ps2id-offset=\"\">Provas<\/a>\n<ul><li><a class=\"_ps2id\" href=\"#objetiva\" data-ps2id-offset=\"\">Prova Objetiva<\/a><\/li>\n<li><a class=\"_ps2id\" href=\"#discursiva\" data-ps2id-offset=\"\">Prova discursiva<\/a><\/li>\n<\/ul><\/li>\n<\/ul><h2 id=\"ps2id-idinscricoes-targetcomo-fazer-as-inscries-no-concurso-\">[ps2id id=\u2019inscricoes\u2019 target=\u201d\/]Como fazer as inscri\u00e7\u00f5es no concurso Cress DF?<\/h2>\n<p>Para se inscrever acesse o site da organizadora, <a href=\"http:\/\/www.quadrix.org.br\/todos-os-concursos\/inscricoes-abertas\/cressdf2021.aspx\" target=\"_blank\" rel=\"noopener noreferrer\">Instituto Quadrix<\/a>, a partir das 10h do dia <strong>07 de abril at\u00e9 \u00e0s 23h59 do dia 10 de maio de 2021<\/strong>.<\/p>\n<p>As taxas de participa\u00e7\u00e3o s\u00e3o nos valores de:<\/p>\n<ul><li><strong>R$ 55,00<\/strong> n\u00edvel m\u00e9dio<\/li>\n<li><strong>R$ 58,00<\/strong> n\u00edvel m\u00e9dio\/t\u00e9cnico<\/li>\n<li><strong>R$ 60,00<\/strong> n\u00edvel superior<\/li>\n<\/ul><p>\u00a0<\/p>\n<p>O pagamento da taxa de participa\u00e7\u00e3o deve ser realizado at\u00e9 o dia <strong>11 de maio de 2021<\/strong>.<\/p>\n<h2 id=\"ps2id-idcargos-e-vagas-targetquem-pode-participar-do-concurs\">[ps2id id=\u2019cargos e vagas\u2019 target=\u201d\/]Quem pode participar do concurso Cress DF?<\/h2>\n<p>As 45 oportunidades deste certame, sendo 02 para ingresso imediato e 43 para forma\u00e7\u00e3o de cadastro reserva, est\u00e3o distribu\u00eddas entre os seguintes cargos:<\/p>\n<ul><li>Agente Administrativo \u2013 n\u00edvel m\u00e9dio \u2013 15 vagas<\/li>\n<li>Assistente Cont\u00e1bil \u2013 n\u00edvel m\u00e9dio\/t\u00e9cnico \u2013 15 vagas<\/li>\n<li>Assistente Social-Agente Fiscal \u2013 n\u00edvel superior \u2013 15 vagas<\/li>\n<\/ul><p>\u00a0<\/p>\n<h3>[ps2id id=\u2019salario\u2019 target=\u201d\/]Remunera\u00e7\u00e3o<\/h3>\n<p>A remunera\u00e7\u00e3o inicial varia de<strong> R$ 1.741,00 a R$ 3.800,00<\/strong> para jornada de trabalho de 30 horas semanais. Al\u00e9m dos sal\u00e1rios os contratados ter\u00e3o direito aos seguintes <strong>benef\u00edcios<\/strong>:<\/p>\n<ul><li>Aux\u00edlio-Alimenta\u00e7\u00e3o no valor de <strong>R$ 775,52<\/strong><\/li>\n<li>Aux\u00edlio-Creche para filhos(as) menores de 07 anos no valor de <strong>R$ 581,64<\/strong><\/li>\n<li>Aux\u00edlio-Sa\u00fade no valor de<strong> R$ 351,23<\/strong><\/li>\n<li>Aux\u00edlio-Transporte, conforme legisla\u00e7\u00e3o e localidade<\/li>\n<li>Plano de Cargos e Sal\u00e1rios<\/li>\n<\/ul><p>\u00a0<\/p>\n<h3>[ps2id id=\u2019requisitos\u2019 target=\u201d\/]Requisitos<\/h3>\n<p>Os candidatos devem estar atentos aos requisitos para investidura nos cargos, sendo:<\/p>\n<p>\u2013 Ter nacionalidade brasileira ou portuguesa e, em caso de nacionalidade portuguesa;<br>\n\u2013 Ter idade m\u00ednima de 18 anos completos, na data da contrata\u00e7\u00e3o;<br>\n\u2013 Apresentar, quando da convoca\u00e7\u00e3o, os documentos comprobat\u00f3rios dos requisitos exigidos para o exerc\u00edcio do cargo;<br>\n\u2013 Estar em dia com as obriga\u00e7\u00f5es eleitorais e em pleno gozo dos direitos pol\u00edticos;<br>\n\u2013 Apresentar certificado de reservista ou de dispensa de incorpora\u00e7\u00e3o, em caso de candidato do sexo masculino;<br>\n\u2013 Apresentar declara\u00e7\u00e3o de que n\u00e3o acumula cargo ou fun\u00e7\u00e3o p\u00fablica, ou proventos de inatividade, ressalvadas as possibilidades de acumula\u00e7\u00e3o l\u00edcita;<br>\n\u2013 Ter aptid\u00e3o f\u00edsica e mental para o exerc\u00edcio das atribui\u00e7\u00f5es correspondentes ao cargo;<br>\n\u2013 N\u00e3o estar cumprindo san\u00e7\u00e3o por inidoneidade, aplicada por qualquer \u00f3rg\u00e3o p\u00fablico ou entidade das esferas federal, estadual, municipal ou do Distrito Federal.<\/p>\n<h2 id=\"ps2id-idprovas-targetcomo-sero-as-provas-do-concurso-cress-d\">[ps2id id=\u2019provas\u2019 target=\u201d\/]Como ser\u00e3o as provas do concurso Cress DF?<\/h2>\n<p>Todos os candidatos ser\u00e3o submetidos a provas objetiva e discursiva, sendo a primeira composta por <strong>50 quest\u00f5es de m\u00faltipla escolha<\/strong> e a segunda por uma reda\u00e7\u00e3o.<\/p>\n<h3>[ps2id id=\u2019objetiva\u2019 target=\u201d\/]Prova Objetiva<\/h3>\n<p>A prova objetiva ser\u00e1 aplicada no dia <strong>20 de junho de 2021<\/strong> e ser\u00e1 composta por 50 quest\u00f5es de m\u00faltipla escolha, versando sobre as disciplinas de:<\/p>\n<p><strong>N\u00edvel m\u00e9dio e t\u00e9cnico:<\/strong><\/p>\n<ul><li>L\u00edngua Portuguesa \u2013 10 quest\u00f5es<\/li>\n<li>No\u00e7\u00f5es de Inform\u00e1tica \u2013 10 quest\u00f5es<\/li>\n<li>Racioc\u00ednio L\u00f3gico e Matem\u00e1tico \u2013 10 quest\u00f5es<\/li>\n<li>Conhecimentos Espec\u00edficos \u2013 20 quest\u00f5es<\/li>\n<\/ul><p>\u00a0<\/p>\n<p><strong>N\u00edvel superior<\/strong><\/p>\n<ul><li>L\u00edngua Portuguesa \u2013 10 quest\u00f5es<\/li>\n<li>No\u00e7\u00f5es de Inform\u00e1tica \u2013 10 quest\u00f5es<\/li>\n<li>Legisla\u00e7\u00e3o \u2013 10 quest\u00f5es<\/li>\n<li>Conhecimentos Espec\u00edficos \u2013 20 quest\u00f5es<\/li>\n<\/ul><p>\u00a0<\/p>\n<h3>[ps2id id=\u2019discursiva\u2019 target=\u201d\/]Prova Discursiva<\/h3>\n<p>A prova discursiva, de car\u00e1ter eliminat\u00f3rio e classificat\u00f3rio, ser\u00e1 aplicada no mesmo dia da prova objetiva e valer\u00e1 10,00 pontos. Para os cargos de n\u00edvel m\u00e9dio e t\u00e9cnico consistir\u00e1 em reda\u00e7\u00e3o de texto de g\u00eaneros textuais\/discursivos, de at\u00e9 30 linhas, acerca de tema baseado nos principais acontecimentos e assuntos da atualidade que envolvem o Brasil e o mundo<\/p>\n<p>Para os cargos de n\u00edvel superior, a prova discursiva consistir\u00e1 em reda\u00e7\u00e3o de texto dissertativo, tamb\u00e9m de at\u00e9 30 linhas, acerca de tema baseado nos conhecimentos espec\u00edficos do respectivo cargo.<\/p>\n<h3>Crit\u00e9rios de Desempate<\/h3>\n<p>S\u00e3o crit\u00e9rios de desempate os seguintes itens:<\/p>\n<p>\u2013 idade igual ou superior a 60 anos, at\u00e9 o \u00faltimo dia de inscri\u00e7\u00e3o neste Concurso P\u00fablico;<br>\n\u2013 maior nota na prova objetiva;<br>\n\u2013 maior nota na prova discursiva;<br>\n\u2013 maior nota em Conhecimentos Espec\u00edficos da prova objetiva;<br>\n\u2013 maior nota em Conhecimentos B\u00e1sicos da prova objetiva;<br>\n\u2013 maior idade;<br>\n\u2013 tiver exercido a fun\u00e7\u00e3o de jurado.<\/p>\n<h2 id=\"o-que-faz-um-agente-administrativo-do-cress-df\">O que faz um Agente Administrativo do Cress DF?<\/h2>\n<p>Entre as atribui\u00e7\u00f5es desse cargo temos:<\/p>\n<ul><li>Atuar no suporte administrativo quando da realiza\u00e7\u00e3o de eventos patrocinados pelo empregador e efetuar a divulga\u00e7\u00e3o atrav\u00e9s da utiliza\u00e7\u00e3o do correio eletr\u00f4nico (e-mail) e\/ou outros meios de comunica\u00e7\u00e3o;<\/li>\n<li>Manter contatos regulares com as \u00e1reas da sede do Conselho para troca de informa\u00e7\u00f5es e\/ou esclarecimento de d\u00favidas;<\/li>\n<li>Atuar no suporte administrativo \u00e0s Comiss\u00f5es, Diretoria, Seccionais e Agentes Fiscais;<\/li>\n<li>Organizar as informa\u00e7\u00f5es, classificar e controlar a presta\u00e7\u00e3o de contas referentes \u00e0s viagens realizadas;<\/li>\n<li>Controlar a utiliza\u00e7\u00e3o e n\u00edveis de estoque de material e apoio utilizados;<\/li>\n<li>Organizar e manter atualizado o cadastro e as informa\u00e7\u00f5es contidas no sistema de mala direta;<\/li>\n<li>Controlar e efetuar compras locais de materiais de escrit\u00f3rio e de limpeza;<\/li>\n<li>Providenciar a reprodu\u00e7\u00e3o de documentos; Efetuar servi\u00e7os de Correios;<\/li>\n<li>Efetuar o protocolo e a entrada de a\u00e7\u00f5es na Justi\u00e7a;<\/li>\n<li>Prestar atendimento telef\u00f4nico, orientar quanto aos procedimentos e documenta\u00e7\u00e3o necess\u00e1ria para inscri\u00e7\u00e3o e registro de profissionais Assistentes Sociais;<\/li>\n<li>Receber e conferir documenta\u00e7\u00e3o para inscri\u00e7\u00e3o e registro;<\/li>\n<li>Efetuar a emiss\u00e3o de boletos para pagamentos;<\/li>\n<li>Efetuar parcelamentos; Receber e registrar den\u00fancias efetuadas e encaminhar \u00e0 fiscaliza\u00e7\u00e3o para averigua\u00e7\u00e3o e provid\u00eancias;<\/li>\n<li>Efetuar a emiss\u00e3o de cheques para pagamento de despesas, em conformidade com os procedimentos determinados;<\/li>\n<li>Participar de programas de capacita\u00e7\u00e3o e desenvolvimento profissional promovidos pelo Conselho;<\/li>\n<li>Efetuar a leitura e triagem de correspond\u00eancia eletr\u00f4nica, atender as solicita\u00e7\u00f5es e\/ou encaminhar \u00e0s \u00e1reas envolvidas;<\/li>\n<li>Transmitir ou receber documentos atrav\u00e9s de aparelhos de fax;<\/li>\n<li>Participar de reuni\u00f5es do Conselho para discuss\u00e3o de assuntos gerais e\/ou casos espec\u00edficos e atualiza\u00e7\u00e3o de procedimentos e t\u00e9cnicas;<\/li>\n<li>Manter o superior imediato informado sobre qualquer problema que possa comprometer o desempenho ou a qualidade dos servi\u00e7os prestados.<\/li>\n<\/ul><p>\u00a0<\/p>\n<h2 id=\"ltimo-concurso-para-efetivos\">\u00daltimo concurso para Efetivos<\/h2>\n<p>Realizado em 2009, h\u00e1 mais de dez anos,\u00a0 o<strong>\u00a0Cress DF<\/strong>\u00a0teve\u00a0edital\u00a0de concurso para efetivos , em conjunto com o Conselho Federal de Servi\u00e7o Social (CFESS). Al\u00e9m do Cress DF, foram contemplados outros estados, como Par\u00e1, Rio Bahia e outros.<\/p>\n<p>No Distrito Federal, as vagas eram de<strong>\u00a0agente fiscal\/ assistente social, agente administrativo e agente financeiro.<\/strong>\u00a0O primeiro de\u00a0<strong>n\u00edvel superior e os outros dois de n\u00edvel m\u00e9dio.\u00a0<\/strong><\/p>","protected":false},"excerpt":{"rendered":"<p>Saiu o aguardado edital do concurso Cress DF (Conselho Regional de Servi\u00e7o Social da 8\u00aa Regi\u00e3o), no Distrito Federal. S\u00e3o 45 vagas para cargos de n\u00edveis m\u00e9dio e superior com sal\u00e1rios de at\u00e9 R$ 3,8 mil!<\/p>\n","protected":false},"author":54662,"featured_media":127997,"comment_status":"closed","ping_status":"closed","sticky":false,"template":"","format":"standard","meta":{"_acf_changed":false,"footnotes":"","_wp_rev_ctl_limit":""},"categories":[44999],"tags":[],"class_list":["post-112792","post","type-post","status-publish","format-standard","has-post-thumbnail","hentry","category-concursos"],"acf":[],"_links":{"self":[{"href":"https:\/\/www.novaconcursos.com.br\/portal\/wp-json\/wp\/v2\/posts\/112792","targetHints":{"allow":["GET"]}}],"collection":[{"href":"https:\/\/www.novaconcursos.com.br\/portal\/wp-json\/wp\/v2\/posts"}],"about":[{"href":"https:\/\/www.novaconcursos.com.br\/portal\/wp-json\/wp\/v2\/types\/post"}],"author":[{"embeddable":true,"href":"https:\/\/www.novaconcursos.com.br\/portal\/wp-json\/wp\/v2\/users\/54662"}],"replies":[{"embeddable":true,"href":"https:\/\/www.novaconcursos.com.br\/portal\/wp-json\/wp\/v2\/comments?post=112792"}],"version-history":[{"count":13,"href":"https:\/\/www.novaconcursos.com.br\/portal\/wp-json\/wp\/v2\/posts\/112792\/revisions"}],"predecessor-version":[{"id":128471,"href":"https:\/\/www.novaconcursos.com.br\/portal\/wp-json\/wp\/v2\/posts\/112792\/revisions\/128471"}],"wp:featuredmedia":[{"embeddable":true,"href":"https:\/\/www.novaconcursos.com.br\/portal\/wp-json\/wp\/v2\/media\/127997"}],"wp:attachment":[{"href":"https:\/\/www.novaconcursos.com.br\/portal\/wp-json\/wp\/v2\/media?parent=112792"}],"wp:term":[{"taxonomy":"category","embeddable":true,"href":"https:\/\/www.novaconcursos.com.br\/portal\/wp-json\/wp\/v2\/categories?post=112792"},{"taxonomy":"post_tag","embeddable":true,"href":"https:\/\/www.novaconcursos.com.br\/portal\/wp-json\/wp\/v2\/tags?post=112792"}],"curies":[{"name":"wp","href":"https:\/\/api.w.org\/{rel}","templated":true}]}}