{"id":112799,"date":"2021-01-27T14:10:48","date_gmt":"2021-01-27T17:10:48","guid":{"rendered":"https:\/\/www.novaconcursos.com.br\/portal\/?p=112799"},"modified":"2021-02-15T14:15:13","modified_gmt":"2021-02-15T17:15:13","slug":"concurso-dpe-pr-novo-edital","status":"publish","type":"post","link":"https:\/\/www.novaconcursos.com.br\/portal\/noticias\/concurso-dpe-pr-novo-edital\/","title":{"rendered":"Concurso DPE PR: Novo edital para Defensor!"},"content":{"rendered":"<p class=\"wp-block-paragraph\">O concurso DPE PR pode sair em breve, apesar de algumas mudan\u00e7as a comiss\u00e3o organizadora dar\u00e1 andamento ao edital. Confira!<\/p>\n\n\n\n\n\n<h2 class=\"wp-block-heading\" id=\"novidades-no-concurso-dpe-pr\">Novidades no concurso DPE PR<\/h2>\n\n\n\n<p class=\"wp-block-paragraph\">O novo <a href=\"https:\/\/www.novaconcursos.com.br\/\">edital <\/a>da <strong>sele\u00e7\u00e3o para a Defensoria P\u00fablica do Estado do Paran\u00e1 <\/strong>dever\u00e1 ser publicado em breve. Segundo o Defensor P\u00fablico-Geral, Eduardo Pi\u00e3o Ortiz Abra\u00e3o, <strong>a comiss\u00e3o organizadora ficar\u00e1 respons\u00e1vel pela elabora\u00e7\u00e3o do mesmo.<\/strong><\/p>\n\n\n\n<p class=\"wp-block-paragraph\">Outra mudan\u00e7a que vale destacar \u00e9 a de que o <strong>defensor p\u00fablico Ricardo Menezes da Silva, ser\u00e1 o novo presidente da comiss\u00e3o antes presidida por Eduardo.<\/strong><\/p>\n\n\n\n<p class=\"wp-block-paragraph\">Ap\u00f3s a elabora\u00e7\u00e3o do <a href=\"https:\/\/www.novaconcursos.com.br\/\">edital<\/a>, a comiss\u00e3o enviar\u00e1 o documento para o Conselho Superior para ratifica\u00e7\u00e3o.<\/p>\n\n\n\n<p class=\"wp-block-paragraph\">Uma outra mudan\u00e7a ser\u00e1 feita no artigo dezesseis do regulamento. <strong>Em breve a DPE PR publicar\u00e1 a retifica\u00e7\u00e3o.<\/strong><\/p>\n\n\n\n<p class=\"wp-block-paragraph\">O <a href=\"https:\/\/www.novaconcursos.com.br\/\">concurso<\/a> ir\u00e1 ofertar <strong>4 vagas para reposi\u00e7\u00e3o de cargos vagos<\/strong>, al\u00e9m das que vagarem durante o <a href=\"https:\/\/www.novaconcursos.com.br\/\">certame,<\/a> bem como para <strong>forma\u00e7\u00e3o de cadastro reserva.<\/strong> O cargo de Defensor P\u00fablico Substituto possui sal\u00e1rio inicial de <strong>R$ 16.587,80.<\/strong><\/p>\n\n\n\n<div class=\"wp-block-image\"><figure class=\"aligncenter size-large is-resized\"><img decoding=\"async\" src=\"https:\/\/www.novaconcursos.com.br\/portal\/wp-content\/uploads\/2019\/10\/DPE-PR-2-1024x538.jpg\" alt=\"\" class=\"wp-image-93442\" width=\"750\" height=\"394\" loading=\"lazy\" title=\"\" srcset=\"https:\/\/www.novaconcursos.com.br\/portal\/wp-content\/uploads\/2019\/10\/DPE-PR-2-300x158.jpg 300w, https:\/\/www.novaconcursos.com.br\/portal\/wp-content\/uploads\/2019\/10\/DPE-PR-2-1024x538.jpg 1024w, https:\/\/www.novaconcursos.com.br\/portal\/wp-content\/uploads\/2019\/10\/DPE-PR-2.jpg 1200w\" sizes=\"auto, (max-width: 480px) 100vw, (max-width: 768px) 100vw, (max-width: 1200px) 70vw, 768px\"><\/figure><\/div>\n\n\n\n<h2 class=\"wp-block-heading\" id=\"ltimo-concurso-dpe-pr\">\u00daltimo concurso DPE PR<\/h2>\n\n\n\n<p class=\"wp-block-paragraph\">O <strong>\u00faltimo concurso DPE PR <\/strong>teve seu <a href=\"https:\/\/www.novaconcursos.com.br\/\">edital<\/a> divulgado no ano de 2017. Na ocasi\u00e3o, foram ofertadas<strong> 14 vagas de car\u00e1ter imediato e mais 450 vagas para forma\u00e7\u00e3o de cadastro reserva<\/strong>, em cargos dos n\u00edveis m\u00e9dio\/t\u00e9cnico e superior.<\/p>\n\n\n\n<p class=\"wp-block-paragraph\"><strong>As vagas foram para os cargos de<\/strong> Administrador, Analista de Inform\u00e1tica, Contador, Economista, Engenheiro Civil, Estat\u00edstico e T\u00e9cnicos em Recursos Humanos, Inform\u00e1tica, e em Rede de Computadores.<\/p>\n\n\n\n<p class=\"wp-block-paragraph\">Para os <strong>cargos de T\u00e9cnicos<\/strong>, foi necess\u00e1rio ter o n\u00edvel m\u00e9dio t\u00e9cnico na \u00e1rea. J\u00e1 para as demais carreira, foi preciso gradua\u00e7\u00e3o como requisito. <strong>O <a href=\"https:\/\/www.novaconcursos.com.br\/\">certame<\/a> foi composto por tr\u00eas provas, sendo elas: <\/strong>prova objetiva, prova de reda\u00e7\u00e3o e prova de t\u00edtulos.<\/p>\n\n\n\n<p class=\"wp-block-paragraph\">A <strong>prova objetiva<\/strong> foi composta por 50 quest\u00f5es, que foram distribu\u00eddas por disciplinas de L\u00edngua Portuguesa, Racioc\u00ednio L\u00f3gico, No\u00e7\u00f5es de Inform\u00e1tica, No\u00e7\u00f5es de Legisla\u00e7\u00e3o e Conhecimentos Espec\u00edficos.<\/p>\n\n\n\n<p class=\"wp-block-paragraph\">J\u00e1 as<strong> provas de reda\u00e7\u00e3o e t\u00edtulos<\/strong>, foram aplicadas somente para os candidatos de n\u00edvel superior. A <a href=\"https:\/\/www.novaconcursos.com.br\/\">sele\u00e7\u00e3o<\/a> ficou v\u00e1lida at\u00e9 o m\u00eas de setembro de 2019, ap\u00f3s ser prorrogado em 2018, por mais um ano. Dessa maneira, o novo certame j\u00e1 pode ocorrer, assim como as convoca\u00e7\u00f5es dos futuros aprovados.<\/p>","protected":false},"excerpt":{"rendered":"<p>O concurso DPE PR pode sair em breve, apesar de algumas mudan\u00e7as a comiss\u00e3o organizadora dar\u00e1 andamento ao edital. Confira! Novidades no concurso DPE PR O novo edital da sele\u00e7\u00e3o para a Defensoria P\u00fablica do Estado do Paran\u00e1 dever\u00e1 ser publicado em breve. Segundo o Defensor P\u00fablico-Geral, Eduardo Pi\u00e3o Ortiz Abra\u00e3o, a comiss\u00e3o organizadora ficar\u00e1 [&hellip;]<\/p>\n","protected":false},"author":54662,"featured_media":104340,"comment_status":"closed","ping_status":"closed","sticky":false,"template":"","format":"standard","meta":{"_acf_changed":false,"footnotes":"","_wp_rev_ctl_limit":""},"categories":[228],"tags":[],"class_list":["post-112799","post","type-post","status-publish","format-standard","has-post-thumbnail","hentry","category-noticias"],"acf":[],"_links":{"self":[{"href":"https:\/\/www.novaconcursos.com.br\/portal\/wp-json\/wp\/v2\/posts\/112799","targetHints":{"allow":["GET"]}}],"collection":[{"href":"https:\/\/www.novaconcursos.com.br\/portal\/wp-json\/wp\/v2\/posts"}],"about":[{"href":"https:\/\/www.novaconcursos.com.br\/portal\/wp-json\/wp\/v2\/types\/post"}],"author":[{"embeddable":true,"href":"https:\/\/www.novaconcursos.com.br\/portal\/wp-json\/wp\/v2\/users\/54662"}],"replies":[{"embeddable":true,"href":"https:\/\/www.novaconcursos.com.br\/portal\/wp-json\/wp\/v2\/comments?post=112799"}],"version-history":[{"count":2,"href":"https:\/\/www.novaconcursos.com.br\/portal\/wp-json\/wp\/v2\/posts\/112799\/revisions"}],"predecessor-version":[{"id":112807,"href":"https:\/\/www.novaconcursos.com.br\/portal\/wp-json\/wp\/v2\/posts\/112799\/revisions\/112807"}],"wp:featuredmedia":[{"embeddable":true,"href":"https:\/\/www.novaconcursos.com.br\/portal\/wp-json\/wp\/v2\/media\/104340"}],"wp:attachment":[{"href":"https:\/\/www.novaconcursos.com.br\/portal\/wp-json\/wp\/v2\/media?parent=112799"}],"wp:term":[{"taxonomy":"category","embeddable":true,"href":"https:\/\/www.novaconcursos.com.br\/portal\/wp-json\/wp\/v2\/categories?post=112799"},{"taxonomy":"post_tag","embeddable":true,"href":"https:\/\/www.novaconcursos.com.br\/portal\/wp-json\/wp\/v2\/tags?post=112799"}],"curies":[{"name":"wp","href":"https:\/\/api.w.org\/{rel}","templated":true}]}}