{"id":118528,"date":"2021-02-02T11:43:53","date_gmt":"2021-02-02T14:43:53","guid":{"rendered":"https:\/\/www.novaconcursos.com.br\/portal\/?p=118528"},"modified":"2021-02-15T14:14:07","modified_gmt":"2021-02-15T17:14:07","slug":"concurso-pm-sp-oficial-novas-vagas","status":"publish","type":"post","link":"https:\/\/www.novaconcursos.com.br\/portal\/noticias\/concurso-pm-sp-oficial-novas-vagas\/","title":{"rendered":"Concurso PM SP Oficial: Vagas autorizadas com iniciais de R$ 3.268,33!"},"content":{"rendered":"<p>Jo\u00e3o Doria, governador de<a href=\"https:\/\/www.novaconcursos.com.br\/portal\/concursos-previstos\/sp\/\"> S\u00e3o Paulo<\/a>, autoriza mais 60 vagas para o concurso PM SP Aluno \u2013 Oficial. <\/p>\n\n\n\n<p>O concurso ir\u00e1 ofertar 190 oportunidades para o cargo de Aluno-Oficial PM SP, homens e mulheres. Al\u00e9m disso a sele\u00e7\u00e3o est\u00e1 com as inscri\u00e7\u00f5es abertas at\u00e9 o dia 9 de fevereiro. <\/p>\n\n\n\n<h2 class=\"wp-block-heading\" id=\"novas-vagas-no-concurso-pm-sp-oficial\">Novas vagas no concurso PM SP Oficial<\/h2>\n\n\n\n<p>Em despacho publicado no Di\u00e1rio Oficial de<a href=\"https:\/\/www.novaconcursos.com.br\/portal\/concursos-abertos\/sp\/\"> S\u00e3o Paulo<\/a>, o governador Jo\u00e3o Doria autorizou <strong>mais 60 vagas<\/strong> para o <a href=\"https:\/\/www.novaconcursos.com.br\/portal\/concursos\/concurso-pm-sp-cfo-oficial\/\">Concurso PM SP Aluno-Oficial<\/a> cujo edital ofertou, originalmente, 130 vagas. Sendo assim, ser\u00e3o <em>190 oportunidades no total.<\/em><\/p>\n\n\n\n<p>Vale ressaltar que, no dia 05 de janeiro de 2021, tamb\u00e9m foi publicado o an\u00fancio da retomada da sele\u00e7\u00e3o, que havia sido suspenso devido a pandemia do novo Coronav\u00edrus.<\/p>\n\n\n\n<p>O comunicado tamb\u00e9m revelou a reabertura das inscri\u00e7\u00f5es entre os dias <strong>7 de janeiro a 9 de fevereiro<\/strong>, pelo site da banca organizadora, a Funda\u00e7\u00e3o Get\u00falio Cargas <strong>(FGV)<\/strong>. Em rela\u00e7\u00e3o \u00e0s provas objetivas e discursivas, elas ser\u00e3o aplicadas no dia <strong>28 de mar\u00e7o.<\/strong><\/p>\n\n\n\n<p>Fique por dentro de todas as informa\u00e7\u00f5es sobre o<a href=\"https:\/\/www.novaconcursos.com.br\/portal\/concursos\/concurso-pm-sp-cfo-oficial\/\"> Concurso PM \u2013 SP Oficial<\/a><\/p>\n\n\n\n<div class=\"wp-block-image\"><figure class=\"aligncenter size-large is-resized\"><img decoding=\"async\" src=\"https:\/\/www.novaconcursos.com.br\/portal\/wp-content\/uploads\/2019\/10\/PM-SP-1024x683.jpg\" alt=\"Pol\u00edcia Militar do Estado de S\u00e3o Paulo\" class=\"wp-image-94231\" width=\"749\" height=\"499\" loading=\"lazy\" title=\"\"><\/figure><\/div>\n\n\n\n<h2 class=\"wp-block-heading\" id=\"aluno-oficial-da-polcia-militar-o-que-\">Aluno Oficial da Pol\u00edcia Militar: O que \u00e9 ?<\/h2>\n\n\n\n<p>Aluno-Oficial \u00e9 a gradua\u00e7\u00e3o nas pol\u00edcias e corpos de bombeiros militares estaduais brasileiros, ocupados por aqueles alunos que est\u00e3o <strong>realizando o Curso de Forma\u00e7\u00e3o de Oficiais (CFO)<\/strong> em suas academias militares. Em alguns estados da federa\u00e7\u00e3o, a nomenclatura utilizada para os mesmos \u00e9 Cadete.<\/p>\n\n\n\n<p>Aqueles que est\u00e3o na condi\u00e7\u00e3o de <strong>Aluno-Oficial<\/strong> se enquadram no c\u00edrculo das pra\u00e7as-especiais, assim como os Aspirantes-a-Oficial e s\u00e3o, dentro da escala hierarquia militar brasileira, superiores aos subtenentes e subalternos dos Aspirantes.<\/p>\n\n\n\n<p><\/p><p>A grade curricular pode variar de um estado para outro, respeitando determina\u00e7\u00f5es do Minist\u00e9rio da Educa\u00e7\u00e3o e dos respectivos \u00f3rg\u00e3os de dire\u00e7\u00e3o de ensino das corpora\u00e7\u00f5es.\u00a0<\/p>\n[btnnova href=\u201dhttps:\/\/www.novaconcursos.com.br\/curso-online\/pm-sp-curso-formacao-oficiais-cfo\u201d class=\u201dyellow\u201d target=\u201dtrue\u201d content=\u201dCurso Online Completo PM \u2013 SP\u201d position=\u201dcenter\u201d promo-name=\u201dlink-produto\u201d]\n\n\n\n<p>Normalmente, \u00e9 focada em mat\u00e9rias relacionadas \u00e0 Seguran\u00e7a P\u00fablica, ao Direito, \u00e0 Administra\u00e7\u00e3o P\u00fablica, Sociologia, Psicologia e Comunica\u00e7\u00e3o Social.<\/p>\n\n\n\n<p>Bem como \u00e0quelas relacionadas ao mundo militar, tendo o CFO dura\u00e7\u00e3o, em alguns estados, de tr\u00eas anos e em outros de quatro anos.<\/p>\n\n\n\n<p>Existem tamb\u00e9m de pol\u00edcias militares cujo ingresso no oficialato se d\u00e1 somente para pessoas que j\u00e1 sejam bachar\u00e9is em Direito. Nesta situa\u00e7\u00e3o, o CFO costuma ser de dois anos apenas.<\/p>\n\n\n\n<p>Ap\u00f3s o t\u00e9rmino do curso, recebem a <em>\u201ccarta-patente\u201d<\/em>, e em determinadas Corpora\u00e7\u00f5es, o t\u00edtulo de bacharel em Seguran\u00e7a P\u00fablica ou em Ci\u00eancias Policiais e de Ordem P\u00fablica.<\/p>\n\n\n\n<h3 class=\"wp-block-heading\">Remunera\u00e7\u00e3o do oficial PM SP<\/h3>\n\n\n\n<p>Conforme disposto na legisla\u00e7\u00e3o, a remunera\u00e7\u00e3o b\u00e1sica inicial para o cargo de Aluno-Oficial PM \u00e9 de <strong>R$ 3.268,33<\/strong>, sendo que as parcelas que a comp\u00f5em s\u00e3o:<\/p>\n\n\n\n<ul class=\"wp-block-list\"><li>Padr\u00e3o no valor de <strong>R$ 1.262,23;<\/strong><\/li><li>Regime Especial de Trabalho Policial (RETP), no valor de <strong>R$ 1.262,23;<\/strong><\/li><li>Insalubridade, no valor de<strong> R$ 743,87.<\/strong><\/li><\/ul>","protected":false},"excerpt":{"rendered":"<p>Jo\u00e3o Doria, governador de S\u00e3o Paulo, autoriza mais 60 vagas para o concurso PM SP Aluno \u2013 Oficial. O concurso ir\u00e1 ofertar 190 oportunidades para o cargo de Aluno-Oficial PM SP, homens e mulheres. Al\u00e9m disso a sele\u00e7\u00e3o est\u00e1 com as inscri\u00e7\u00f5es abertas at\u00e9 o dia 9 de fevereiro. Novas vagas no concurso PM SP [&hellip;]<\/p>\n","protected":false},"author":54662,"featured_media":0,"comment_status":"closed","ping_status":"closed","sticky":false,"template":"","format":"standard","meta":{"_acf_changed":false,"footnotes":"","_wp_rev_ctl_limit":""},"categories":[228],"tags":[442,36609],"class_list":["post-118528","post","type-post","status-publish","format-standard","hentry","category-noticias","tag-concurso-pm-sp","tag-novas-vagas-pm-sp"],"acf":[],"_links":{"self":[{"href":"https:\/\/www.novaconcursos.com.br\/portal\/wp-json\/wp\/v2\/posts\/118528","targetHints":{"allow":["GET"]}}],"collection":[{"href":"https:\/\/www.novaconcursos.com.br\/portal\/wp-json\/wp\/v2\/posts"}],"about":[{"href":"https:\/\/www.novaconcursos.com.br\/portal\/wp-json\/wp\/v2\/types\/post"}],"author":[{"embeddable":true,"href":"https:\/\/www.novaconcursos.com.br\/portal\/wp-json\/wp\/v2\/users\/54662"}],"replies":[{"embeddable":true,"href":"https:\/\/www.novaconcursos.com.br\/portal\/wp-json\/wp\/v2\/comments?post=118528"}],"version-history":[{"count":8,"href":"https:\/\/www.novaconcursos.com.br\/portal\/wp-json\/wp\/v2\/posts\/118528\/revisions"}],"predecessor-version":[{"id":300298,"href":"https:\/\/www.novaconcursos.com.br\/portal\/wp-json\/wp\/v2\/posts\/118528\/revisions\/300298"}],"wp:attachment":[{"href":"https:\/\/www.novaconcursos.com.br\/portal\/wp-json\/wp\/v2\/media?parent=118528"}],"wp:term":[{"taxonomy":"category","embeddable":true,"href":"https:\/\/www.novaconcursos.com.br\/portal\/wp-json\/wp\/v2\/categories?post=118528"},{"taxonomy":"post_tag","embeddable":true,"href":"https:\/\/www.novaconcursos.com.br\/portal\/wp-json\/wp\/v2\/tags?post=118528"}],"curies":[{"name":"wp","href":"https:\/\/api.w.org\/{rel}","templated":true}]}}