{"id":118836,"date":"2021-02-08T13:25:02","date_gmt":"2021-02-08T16:25:02","guid":{"rendered":"https:\/\/www.novaconcursos.com.br\/portal\/?p=118836"},"modified":"2021-02-15T14:12:56","modified_gmt":"2021-02-15T17:12:56","slug":"concurso-ministerio-da-economia-edital","status":"publish","type":"post","link":"https:\/\/www.novaconcursos.com.br\/portal\/noticias\/concurso-ministerio-da-economia-edital\/","title":{"rendered":"Concurso Minist\u00e9rio da Economia: Saiu o edital com 100 vagas!"},"content":{"rendered":"<p class=\"wp-block-paragraph\">Foi publicado o\u00a0 edital do <a href=\"https:\/\/www.novaconcursos.com.br\/portal\/concursos\/concurso-ministerio-da-economia\/\">Processo Seletivo do Minist\u00e9rio da Economia<\/a>, que conta com oferta de 100 vagas imediatas mais 490 para forma\u00e7\u00e3o de cadastro reserva.<\/p>\n\n\n\n<p class=\"wp-block-paragraph\">Os sal\u00e1rios foram fixados em <strong>R$ 1.700,00<\/strong> para o cargo de n\u00edvel m\u00e9dio e entre <strong>R$ 3.800 <\/strong>e <strong>R$ 6.130,00<\/strong> para superior.<\/p>\n\n\n\n<h2 class=\"wp-block-heading\" id=\"inscries-abertas-para-o-concurso-ministrio-da-economia\">Inscri\u00e7\u00f5es abertas para o concurso Minist\u00e9rio da Economia<\/h2>\n\n\n\n<p class=\"wp-block-paragraph\">Conforme edital publicado, s\u00e3o ofertadas <strong>100 vagas imediatas mais 490 em cadastro reserva<\/strong> para <em>Atividades T\u00e9cnicas de Complexidade Intelectual, de Suporte e de Forma\u00e7\u00e3o Espec\u00edfica.<\/em><\/p>\n\n\n\n<p class=\"wp-block-paragraph\">Os interessados em participar do <a href=\"https:\/\/www.novaconcursos.com.br\/portal\/concursos-abertos\/df\/\">concurso<\/a> devem realizar as inscri\u00e7\u00f5es at\u00e9 o dia <strong>14 de mar\u00e7o de 2021<\/strong>, atrav\u00e9s do site da <em>banca organizadora<\/em>, <a rel=\"noreferrer noopener\" aria-label=\"IDIB (opens in a new tab)\" href=\"https:\/\/idib.org.br\/\" target=\"_blank\">IDIB<\/a>. As taxas foram definidasconforme o grau de escolaridade do cargo pretendido, sendo:<\/p>\n\n\n\n<ul class=\"wp-block-list\"><li>M\u00e9dio: R$ 36,00<\/li><li>Superior: R$ 38,00<\/li><\/ul><h3 class=\"wp-block-heading\">Cargos e vagas do concurso<\/h3>\n\n\n\n<p class=\"wp-block-paragraph\">No total, o edital do processo seletivo do Minist\u00e9rio da Economia oferta<strong>\u00a0100 vagas imediatas mais 490 em cadastro reserva<\/strong>. Todas as oportunidades s\u00e3o tempor\u00e1rias e est\u00e3o distribu\u00eddas por cargos dos n\u00edveis m\u00e9dio t\u00e9cnico e superior. Sendo eles:<\/p>\n\n\n\n<div class=\"wp-block-image\"><figure class=\"aligncenter size-large is-resized\"><img decoding=\"async\" src=\"https:\/\/www.novaconcursos.com.br\/portal\/wp-content\/uploads\/2021\/01\/minist%C3%A9rio-da-economia.png\" alt=\"\" class=\"wp-image-118831\" width=\"748\" height=\"343\" loading=\"lazy\" title=\"\" srcset=\"https:\/\/www.novaconcursos.com.br\/portal\/wp-content\/uploads\/2021\/01\/minist\u00e9rio-da-economia-300x138.png 300w, https:\/\/www.novaconcursos.com.br\/portal\/wp-content\/uploads\/2021\/01\/minist\u00e9rio-da-economia.png 776w\" sizes=\"auto, (max-width: 480px) 100vw, (max-width: 768px) 100vw, (max-width: 1200px) 70vw, 768px\"><\/figure><\/div>\n\n\n\n<p class=\"wp-block-paragraph\">No caso do cargo de\u00a0<strong>coordenador de an\u00e1lise de presta\u00e7\u00e3o de contas tempor\u00e1rio<\/strong>, al\u00e9m da gradua\u00e7\u00e3o, ser\u00e1 necess\u00e1rio ter experi\u00eancia profissional superior a tr\u00eas anos, na sua \u00e1rea de atua\u00e7\u00e3o, ou t\u00edtulo de p\u00f3s-gradua\u00e7\u00e3o lato sensu, mestrado ou doutorado na \u00e1rea.<\/p>\n\n\n\n<p class=\"wp-block-paragraph\">J\u00e1 os aprovados ser\u00e3o contratados temporariamente para o quadro do Minist\u00e9rio da Economia, para o exerc\u00edcio funcional em Bras\u00edlia, no <a href=\"https:\/\/www.novaconcursos.com.br\/portal\/concursos-previstos\/df\/\">Distrito Federal<\/a>.\u00a0<strong>Os contratos ter\u00e3o dura\u00e7\u00e3o de um ano, podendo chegar a cinco.<\/strong><\/p>\n\n\n\n<h2 class=\"wp-block-heading\" id=\"etapas-do-concurso\">Etapas do concurso<\/h2>\n\n\n\n<p class=\"wp-block-paragraph\">A prova objetiva contar\u00e1 com\u00a0<strong>60 quest\u00f5es\u00a0<\/strong>de m\u00faltipla escolha, com cinco alternativas (A, B, C, D, E), sendo apenas uma correta. As provas ser\u00e3o realizadas na cidade de Bras\u00edlia\/DF, com dura\u00e7\u00e3o total de\u00a0<strong>4 horas<\/strong>.<\/p>\n\n\n\n<p class=\"wp-block-paragraph\">Ser\u00e1 considerado habilitado o candidato que conseguir nota igual ou superior a 50% do total de pontos da prova, desde que n\u00e3o obtenha nota igual a ZERO em nenhum dos conte\u00fados.<\/p>\n\n\n\n<ul class=\"wp-block-list\"><li>L\u00edngua Portuguesa \u2013 15 quest\u00f5es, peso 1<\/li><li>\u00c9tica na Administra\u00e7\u00e3o P\u00fablica e Legisla\u00e7\u00e3o \u2013 05 quest\u00f5es, peso 1<\/li><li>Inform\u00e1tica B\u00e1sica \u2013 10 quest\u00f5es, peso 1<\/li><li>Conhecimentos Espec\u00edficos \u2013 30 quest\u00f5es, peso 2<\/li><\/ul><p class=\"wp-block-paragraph\">J\u00e1 a avalia\u00e7\u00e3o de t\u00edtulos ter\u00e1 o total de 10,00 pontos, ainda que a soma dos valores seja superior a esse valor.<\/p>","protected":false},"excerpt":{"rendered":"<p>Foi publicado o\u00a0 edital do Processo Seletivo do Minist\u00e9rio da Economia, que conta com oferta de 100 vagas imediatas mais 490 para forma\u00e7\u00e3o de cadastro reserva. Os sal\u00e1rios foram fixados em R$ 1.700,00 para o cargo de n\u00edvel m\u00e9dio e entre R$ 3.800 e R$ 6.130,00 para superior. Inscri\u00e7\u00f5es abertas para o concurso Minist\u00e9rio da [&hellip;]<\/p>\n","protected":false},"author":54662,"featured_media":104602,"comment_status":"closed","ping_status":"closed","sticky":false,"template":"","format":"standard","meta":{"_acf_changed":false,"footnotes":"","_wp_rev_ctl_limit":""},"categories":[228],"tags":[36631,36632],"class_list":["post-118836","post","type-post","status-publish","format-standard","has-post-thumbnail","hentry","category-noticias","tag-edital-do-concurso-ministerio-da-economia","tag-processo-seletivo-ministerio-da-economia"],"acf":[],"_links":{"self":[{"href":"https:\/\/www.novaconcursos.com.br\/portal\/wp-json\/wp\/v2\/posts\/118836","targetHints":{"allow":["GET"]}}],"collection":[{"href":"https:\/\/www.novaconcursos.com.br\/portal\/wp-json\/wp\/v2\/posts"}],"about":[{"href":"https:\/\/www.novaconcursos.com.br\/portal\/wp-json\/wp\/v2\/types\/post"}],"author":[{"embeddable":true,"href":"https:\/\/www.novaconcursos.com.br\/portal\/wp-json\/wp\/v2\/users\/54662"}],"replies":[{"embeddable":true,"href":"https:\/\/www.novaconcursos.com.br\/portal\/wp-json\/wp\/v2\/comments?post=118836"}],"version-history":[{"count":5,"href":"https:\/\/www.novaconcursos.com.br\/portal\/wp-json\/wp\/v2\/posts\/118836\/revisions"}],"predecessor-version":[{"id":118854,"href":"https:\/\/www.novaconcursos.com.br\/portal\/wp-json\/wp\/v2\/posts\/118836\/revisions\/118854"}],"wp:featuredmedia":[{"embeddable":true,"href":"https:\/\/www.novaconcursos.com.br\/portal\/wp-json\/wp\/v2\/media\/104602"}],"wp:attachment":[{"href":"https:\/\/www.novaconcursos.com.br\/portal\/wp-json\/wp\/v2\/media?parent=118836"}],"wp:term":[{"taxonomy":"category","embeddable":true,"href":"https:\/\/www.novaconcursos.com.br\/portal\/wp-json\/wp\/v2\/categories?post=118836"},{"taxonomy":"post_tag","embeddable":true,"href":"https:\/\/www.novaconcursos.com.br\/portal\/wp-json\/wp\/v2\/tags?post=118836"}],"curies":[{"name":"wp","href":"https:\/\/api.w.org\/{rel}","templated":true}]}}