{"id":119357,"date":"2021-02-12T15:38:50","date_gmt":"2021-02-12T18:38:50","guid":{"rendered":"https:\/\/www.novaconcursos.com.br\/portal\/?p=119357"},"modified":"2021-02-12T15:40:18","modified_gmt":"2021-02-12T18:40:18","slug":"concurso-policia-federal-pedido-de-retificacao","status":"publish","type":"post","link":"https:\/\/www.novaconcursos.com.br\/portal\/noticias\/concurso-policia-federal-pedido-de-retificacao\/","title":{"rendered":"Concurso Pol\u00edcia Federal: MPF recomenda nova retifica\u00e7\u00e3o!"},"content":{"rendered":"<p>Devido a recomenda\u00e7\u00e3o do Minist\u00e9rio P\u00fablico Federal, Cebraspe e Pol\u00edcia Federal t\u00eam cinco dias para divulgar as provid\u00eancias tomadas. <\/p>\n\n\n\n<p>Os interessados puderam se\u00a0<strong>inscrever at\u00e9 o dia 11 de fevereiro<\/strong>, no site do Cebraspe. Os candidatos ser\u00e3o avaliados por diversas etapas, sendo a primeira fase uma\u00a0<strong>prova objetiva e discursiva<\/strong>, de car\u00e1ter eliminat\u00f3rio e classificat\u00f3rio! <\/p>\n\n\n\n<h2 class=\"wp-block-heading\" id=\"pedido-de-nova-retificao-\">Pedido de Nova Retifica\u00e7\u00e3o <\/h2>\n\n\n\n<p>Na segunda-feira, 8, o <strong>Minist\u00e9rio P\u00fablico Federal (MPF)<\/strong> por meio da Procuradoria Regional dos Direitos do Cidad\u00e3o <strong>(PRDC)<\/strong>, recomendou ao Departamento de Pol\u00edcia Federal e ao Cebraspe, <em>que retifiquem novamente o edital de abertura do <\/em><a href=\"https:\/\/www.novaconcursos.com.br\/portal\/concursos\/concurso-policia-federal\/\">Concurso Pol\u00edcia Federal.<\/a><\/p>\n\n\n\n<p>Desta vez,<strong> seria preciso<\/strong> <strong>excluir o ceratocone<\/strong> da rela\u00e7\u00e3o de condi\u00e7\u00f5es cl\u00ednicas, sinais ou sintomas que incapacitam o candidato, assim como para a tomada de posse nos cargos.<\/p>\n\n\n\n<p>Caso isso ocorra, <em>o prazo de inscri\u00e7\u00f5es precisaria ser reaberto pela segunda vez<\/em>.\u00a0 Al\u00e9m disso, a junta m\u00e9dica do edital tamb\u00e9m teria que apontar os motivos pelos quais os portadores de ceratocone seriam inaptos a participar do concurso.\u00a0<\/p>\n\n\n\n<ul class=\"wp-block-list\"><li>Confira: <a href=\"https:\/\/www.novaconcursos.com.br\/concurso\/pf-policia-federal\/apostila\">Apostila Completa Pol\u00edcia Federal<\/a><\/li><li>Confira: <a href=\"https:\/\/www.novaconcursos.com.br\/concurso\/pf-policia-federal\/curso-online\">Curso Online Completo Pol\u00edcia Federal<\/a><\/li><\/ul><p><\/p>\n\n\n\n<p>Segundo o site do MPF, a pr\u00f3pria Pol\u00edcia Federal, por meio da Divis\u00e3o de Planejamento e Execu\u00e7\u00e3o de Concursos (Dplac), indica que <em>\u201cna sua fase leve, o ceratocone \u00e9 muitas vezes esquecido ou mal diagnosticado como miopia e\/ou astigmatismo\u201d.<\/em><\/p>\n\n\n\n<p>Fora isso, o Cebraspe tamb\u00e9m informou, pelo <strong>Of\u00edcio 195\/2021<\/strong>, que <em>o candidato com ceratocone n\u00e3o considerado inapto imediatamente, devendo ser observados outros crit\u00e9rios pela junta m\u00e9dica pericial.<\/em><\/p>\n\n\n\n<p>Sendo assim, <strong>a contar do dia 8 de fevereiro, foi dado prazo de cinco dias para informar quais ser\u00e3o as provid\u00eancias tomadas ap\u00f3s a recomenda\u00e7\u00e3o .<\/strong>\u00a0<\/p>\n\n\n\n<p>Vale ressaltar que as inscri\u00e7\u00f5es para o Concurso PF chegaram a ser reabertas at\u00e9 as <strong>18h desta quinta-feira, 11<\/strong>. Entretanto, o motivo da decis\u00e3o n\u00e3o foi informado pela banca.<\/p>\n\n\n\n<h2 class=\"wp-block-heading\" id=\"taxa-de-inscrio-do-concurso-pf-\">Taxa de inscri\u00e7\u00e3o do concurso PF\u00a0<\/h2>\n\n\n\n<p>Publicado no dia <strong>15 de janeiro, <\/strong>o edital de abertura da sele\u00e7\u00e3o da Pol\u00edcia Federal conta com <strong>1.500 vagas<\/strong>. Todas as chances s\u00e3o em cargos de<strong> n\u00edvel superior.<\/strong> O regime de contrata\u00e7\u00e3o \u00e9 o estatut\u00e1rio, que garante a estabilidade.\u00a0<\/p>\n\n\n\n<p>Os candidatos puderam se inscrever at\u00e9 as <strong>18h do dia 11 de fevereiro,<\/strong> ap\u00f3s a reabertura das inscri\u00e7\u00f5es. No entanto, ainda \u00e9 necess\u00e1rio pagar a taxa de inscri\u00e7\u00e3o, at\u00e9 o dia <strong>3 de mar\u00e7o.\u00a0<\/strong><\/p>\n\n\n\n<p>Os profissionais ter\u00e3o uma jornada de trabalho de <em>40 horas semanais <\/em>e contam com a seguinte distribui\u00e7\u00e3o de vagas por cargo:<\/p>\n\n\n\n<ul class=\"wp-block-list\"><li>Agente de pol\u00edcia\u00a0 \u2013 893 vagas<\/li><li>Escriv\u00e3o de pol\u00edcia\u00a0 \u2013 400 vagas;<\/li><li>Papiloscopista policial federal\u00a0 \u2013 84 vagas;<\/li><li>Delegado de pol\u00edcia\u00a0 \u2013 123 vagas.<\/li><\/ul><p><\/p>\n\n\n\n<p>As vagas ofertadas s\u00e3o em formato<a href=\"https:\/\/www.novaconcursos.com.br\/portal\/concursos-abertos\/nacional\/\"> nacional<\/a>, ou seja, sem distribui\u00e7\u00e3o por regi\u00f5es. A Pol\u00edcia Federal convocar\u00e1 de acordo com suas necessidades. A Regi\u00e3o Norte e as faixas de fronteira s\u00e3o os locais com mais vagas dispon\u00edveis.<br><\/p>\n\n\n\n\n\n<p><br><\/p>","protected":false},"excerpt":{"rendered":"<p>Devido a recomenda\u00e7\u00e3o do Minist\u00e9rio P\u00fablico Federal, Cebraspe e Pol\u00edcia Federal t\u00eam cinco dias para divulgar as provid\u00eancias tomadas. Os interessados puderam se\u00a0inscrever at\u00e9 o dia 11 de fevereiro, no site do Cebraspe. Os candidatos ser\u00e3o avaliados por diversas etapas, sendo a primeira fase uma\u00a0prova objetiva e discursiva, de car\u00e1ter eliminat\u00f3rio e classificat\u00f3rio! Pedido de [&hellip;]<\/p>\n","protected":false},"author":54662,"featured_media":0,"comment_status":"closed","ping_status":"closed","sticky":false,"template":"","format":"standard","meta":{"_acf_changed":false,"footnotes":"","_wp_rev_ctl_limit":""},"categories":[228],"tags":[22777,283],"class_list":["post-119357","post","type-post","status-publish","format-standard","hentry","category-noticias","tag-concurso-policia-federal-pf","tag-edital-concurso-policia-federal"],"acf":[],"_links":{"self":[{"href":"https:\/\/www.novaconcursos.com.br\/portal\/wp-json\/wp\/v2\/posts\/119357","targetHints":{"allow":["GET"]}}],"collection":[{"href":"https:\/\/www.novaconcursos.com.br\/portal\/wp-json\/wp\/v2\/posts"}],"about":[{"href":"https:\/\/www.novaconcursos.com.br\/portal\/wp-json\/wp\/v2\/types\/post"}],"author":[{"embeddable":true,"href":"https:\/\/www.novaconcursos.com.br\/portal\/wp-json\/wp\/v2\/users\/54662"}],"replies":[{"embeddable":true,"href":"https:\/\/www.novaconcursos.com.br\/portal\/wp-json\/wp\/v2\/comments?post=119357"}],"version-history":[{"count":5,"href":"https:\/\/www.novaconcursos.com.br\/portal\/wp-json\/wp\/v2\/posts\/119357\/revisions"}],"predecessor-version":[{"id":119412,"href":"https:\/\/www.novaconcursos.com.br\/portal\/wp-json\/wp\/v2\/posts\/119357\/revisions\/119412"}],"wp:attachment":[{"href":"https:\/\/www.novaconcursos.com.br\/portal\/wp-json\/wp\/v2\/media?parent=119357"}],"wp:term":[{"taxonomy":"category","embeddable":true,"href":"https:\/\/www.novaconcursos.com.br\/portal\/wp-json\/wp\/v2\/categories?post=119357"},{"taxonomy":"post_tag","embeddable":true,"href":"https:\/\/www.novaconcursos.com.br\/portal\/wp-json\/wp\/v2\/tags?post=119357"}],"curies":[{"name":"wp","href":"https:\/\/api.w.org\/{rel}","templated":true}]}}