{"id":119754,"date":"2021-02-15T10:23:53","date_gmt":"2021-02-15T13:23:53","guid":{"rendered":"https:\/\/www.novaconcursos.com.br\/portal\/?p=119754"},"modified":"2021-02-15T11:34:03","modified_gmt":"2021-02-15T14:34:03","slug":"concurso-sefa-pa-escolha-banca","status":"publish","type":"post","link":"https:\/\/www.novaconcursos.com.br\/portal\/noticias\/concurso-sefa-pa-escolha-banca\/","title":{"rendered":"Concurso Sefaz PA: Escolha da banca \u00e9 iniciada!"},"content":{"rendered":"<p>Aten\u00e7\u00e3o concurseiros! Fique atento os cargos, vagas, remunera\u00e7\u00f5es, etapas e outros detalhes importantes da sele\u00e7\u00e3o Sefa PA.<\/p>\n\n\n\n<p>Ap\u00f3s a previs\u00e3o de ser divulgado ainda em 2020,\u00a0o edital do novo <a href=\"https:\/\/www.novaconcursos.com.br\/portal\/concursos\/concurso-sefa-pa\/\">Concurso SEFA PA<\/a> <strong>pode sair no ano de 2021.<\/strong> De acordo com a Secretaria de Planejamento, a expectativa do governo do Par\u00e1 \u00e9 fortalecer ainda mais o servi\u00e7o p\u00fablico no ano que vem, realizado novos\u00a0concursos p\u00fablicos.  <\/p>\n\n\n\n<h2 class=\"wp-block-heading\" id=\"concurso-sefa-pa-situao-atual-\">Concurso Sefa PA: Situa\u00e7\u00e3o atual <\/h2>\n\n\n\n<p>Com a abertura do processo licitat\u00f3rio do concurso Sefa PA, <strong>as bancas j\u00e1 podem enviar as suas propostas de pre\u00e7o<\/strong>. E, para isso, foi disponibilizado o projeto b\u00e1sico do certame.<\/p>\n\n\n\n<p>No documento \u00e9 confirmada a oferta de <strong>110 vagas<\/strong>, j\u00e1 prevista, e traz tamb\u00e9m um detalhe importante: <em>a distribui\u00e7\u00e3o do quantitativo por cargo.<\/em><\/p>\n\n\n\n<p>\u00c9 poss\u00edvel saber tamb\u00e9m que ser\u00e3o reservadas oportunidades imediatas e para forma\u00e7\u00e3o de <strong>cadastro de reserva<\/strong>. O projeto b\u00e1sico ainda confirmou sal\u00e1rios, carga hor\u00e1ria, etapas de sele\u00e7\u00e3o e informa\u00e7\u00e3o sobre inscri\u00e7\u00f5es, confira a seguir.<\/p>\n\n\n\n<h2 class=\"wp-block-heading\" id=\"sobre-os-cargos\">Sobre os cargos<\/h2>\n\n\n\n<h3 class=\"wp-block-heading\">Vagas\u00a0<\/h3>\n\n\n\n<p>A sele\u00e7\u00e3o  para a Secretaria de Estado da Fazenda do<a href=\"https:\/\/www.novaconcursos.com.br\/portal\/concursos-abertos\/pa\/\"> Par\u00e1<\/a>  tem cargos e vagas confirmados, O projeto b\u00e1sico traz o quantitativo de <strong>110 vagas <\/strong>para as carreiras de fiscal e auditor, sendo:<\/p>\n\n\n\n<ul class=\"wp-block-list\"><li>Fiscal de receitas estaduais \u2013 dez vagas imediatas;<\/li><li>Auditor fiscal de receitas estaduais \u2013 38 vagas imediatas e 62 em cadastro de reserva.<\/li><\/ul><p><\/p>\n\n\n\n<h3 class=\"wp-block-heading\">Requisito<\/h3>\n\n\n\n<p>O documento mostra que as carreiras ter\u00e3o como requisito o <strong>n\u00edvel superior.<\/strong><\/p>\n\n\n\n<h3 class=\"wp-block-heading\">Carga hor\u00e1ria<\/h3>\n\n\n\n<p>O regime de trabalho dos cargos ser\u00e1 de <strong>30 horas semanais<\/strong>, nos termos da legisla\u00e7\u00e3o em vigor. O regime jur\u00eddico de contrata\u00e7\u00e3o \u00e9 o<strong> Estatut\u00e1rio<\/strong>, que assegura estabilidade empregat\u00edcia ao servidor.<\/p>\n\n\n\n<h3 class=\"wp-block-heading\">Remunera\u00e7\u00f5es<\/h3>\n\n\n\n<p>Conforme o projeto b\u00e1sico, as carreiras j\u00e1 t\u00eam remunera\u00e7\u00f5es confirmadas, sendo:<\/p>\n\n\n\n<ul class=\"wp-block-list\"><li>Fiscal de receitas \u2013 R$11.910,51, correspondente a vencimento base + Gratifica\u00e7\u00e3o de Escolaridade;<\/li><li>Auditor fiscal de receitas \u2013 R$15.076,58, correspondente a vencimento base + Gratifica\u00e7\u00e3o de Escolaridade.<\/li><\/ul><p><\/p>\n\n\n\n<h3 class=\"wp-block-heading\">Inscritos e taxas<\/h3>\n\n\n\n<p>A <strong>Sefa PA<\/strong> e a <strong>Seplad<\/strong> informam que as inscri\u00e7\u00f5es ser\u00e3o de responsabilidade \u00fanica da banca organizadora, por 24 horas por dia, que vier a ser contratada.<\/p>\n\n\n\n<p>Conforme a pasta, o valor m\u00e1ximo para a taxa de inscri\u00e7\u00e3o para a sele\u00e7\u00e3o estabelecida ser\u00e1 de: <strong>R$ 150,63, para ambos os cargos.<\/strong><\/p>\n\n\n\n<p><strong>N\u00e3o ser\u00e3o aceitos<\/strong> dep\u00f3sitos banc\u00e1rios ou qualquer forma de transfer\u00eancia em favor da empresa ou institui\u00e7\u00e3o como forma de pagamento da taxa de inscri\u00e7\u00e3o, que dever\u00e1 ser feita exclusivamente por meio do boleto de pagamento da taxa de inscri\u00e7\u00e3o.<\/p>\n\n\n\n<p>Outra informa\u00e7\u00e3o \u00e9 em rela\u00e7\u00e3o a estimativa de inscritos, com base na m\u00e9dia de concorrentes em concursos realizados para sele\u00e7\u00e3o aos respectivos cargos nos \u00faltimos anos, sendo:<\/p>\n\n\n\n<ul class=\"wp-block-list\"><li>Fiscal de Receitas Estaduais: 4.627 inscritos; e<\/li><li>Auditor Fiscal de Receitas Estaduais: 4.902 inscritos.<\/li><\/ul><p><\/p>\n\n\n\n<h2 class=\"wp-block-heading\" id=\"sobre-as-provas\">Sobre as provas<\/h2>\n\n\n\n<h3 class=\"wp-block-heading\">Locais<\/h3>\n\n\n\n<p>As provas objetivas da sele\u00e7\u00e3o Secretaria de Estado da Fazenda do<a href=\"https:\/\/www.novaconcursos.com.br\/portal\/concursos-previstos\/pa\/\"> Par\u00e1  <\/a>ser\u00e3o realizadas nos munic\u00edpios de <em>Altamira, Bel\u00e9m, Marab\u00e1, Santar\u00e9m, Itaituba e Reden\u00e7\u00e3o.<\/em><\/p>\n\n\n\n<h3 class=\"wp-block-heading\">\u00a0Etapas\u00a0<\/h3>\n\n\n\n<p><em>O projeto b\u00e1sico revela que o certame ser\u00e1 composto de \u00fanica etapa, sendo: <\/em>Exame de Avalia\u00e7\u00e3o de Conhecimentos, com Provas Objetivas de conhecimento b\u00e1sico, gerais e espec\u00edficos, de car\u00e1ter eliminat\u00f3rio e classificat\u00f3rio, abordando todas as disciplinas constantes do conte\u00fado program\u00e1tico a ser informado posteriormente.<\/p>\n\n\n\n\n\n<p><br><\/p>","protected":false},"excerpt":{"rendered":"<p>Aten\u00e7\u00e3o concurseiros! Fique atento os cargos, vagas, remunera\u00e7\u00f5es, etapas e outros detalhes importantes da sele\u00e7\u00e3o Sefa PA. Ap\u00f3s a previs\u00e3o de ser divulgado ainda em 2020,\u00a0o edital do novo Concurso SEFA PA pode sair no ano de 2021. De acordo com a Secretaria de Planejamento, a expectativa do governo do Par\u00e1 \u00e9 fortalecer ainda mais [&hellip;]<\/p>\n","protected":false},"author":54662,"featured_media":119804,"comment_status":"closed","ping_status":"closed","sticky":false,"template":"","format":"standard","meta":{"_acf_changed":false,"footnotes":"","_wp_rev_ctl_limit":""},"categories":[228],"tags":[36666,36667,36669,36668],"class_list":["post-119754","post","type-post","status-publish","format-standard","has-post-thumbnail","hentry","category-noticias","tag-concurso-sefa-pa","tag-edital-concurso-sefa-pa","tag-provas-concurso-sefa-pa","tag-vagas-concurso-sefa-pa"],"acf":[],"_links":{"self":[{"href":"https:\/\/www.novaconcursos.com.br\/portal\/wp-json\/wp\/v2\/posts\/119754","targetHints":{"allow":["GET"]}}],"collection":[{"href":"https:\/\/www.novaconcursos.com.br\/portal\/wp-json\/wp\/v2\/posts"}],"about":[{"href":"https:\/\/www.novaconcursos.com.br\/portal\/wp-json\/wp\/v2\/types\/post"}],"author":[{"embeddable":true,"href":"https:\/\/www.novaconcursos.com.br\/portal\/wp-json\/wp\/v2\/users\/54662"}],"replies":[{"embeddable":true,"href":"https:\/\/www.novaconcursos.com.br\/portal\/wp-json\/wp\/v2\/comments?post=119754"}],"version-history":[{"count":5,"href":"https:\/\/www.novaconcursos.com.br\/portal\/wp-json\/wp\/v2\/posts\/119754\/revisions"}],"predecessor-version":[{"id":120019,"href":"https:\/\/www.novaconcursos.com.br\/portal\/wp-json\/wp\/v2\/posts\/119754\/revisions\/120019"}],"wp:featuredmedia":[{"embeddable":true,"href":"https:\/\/www.novaconcursos.com.br\/portal\/wp-json\/wp\/v2\/media\/119804"}],"wp:attachment":[{"href":"https:\/\/www.novaconcursos.com.br\/portal\/wp-json\/wp\/v2\/media?parent=119754"}],"wp:term":[{"taxonomy":"category","embeddable":true,"href":"https:\/\/www.novaconcursos.com.br\/portal\/wp-json\/wp\/v2\/categories?post=119754"},{"taxonomy":"post_tag","embeddable":true,"href":"https:\/\/www.novaconcursos.com.br\/portal\/wp-json\/wp\/v2\/tags?post=119754"}],"curies":[{"name":"wp","href":"https:\/\/api.w.org\/{rel}","templated":true}]}}