{"id":120503,"date":"2021-02-02T09:41:00","date_gmt":"2021-02-02T12:41:00","guid":{"rendered":"https:\/\/www.novaconcursos.com.br\/portal\/?p=120503"},"modified":"2021-02-16T09:57:51","modified_gmt":"2021-02-16T12:57:51","slug":"concurso-creci-ce-banca-definida","status":"publish","type":"post","link":"https:\/\/www.novaconcursos.com.br\/portal\/noticias\/concurso-creci-ce-banca-definida\/","title":{"rendered":"Concurso Creci CE: Banca definida e edital em breve"},"content":{"rendered":"<p>O novo <a href=\"https:\/\/www.novaconcursos.com.br\/portal\/concursos-abertos\/ce\/\">concurso Creci CE<\/a> (Conselho Regional de Corretores de Im\u00f3veis do Cear\u00e1) est\u00e1 confirmado e j\u00e1 possui inclusive <strong>banca organizadora definida<\/strong>.<\/p>\n\n\n\n<p>A expectativa \u00e9 de que o <strong>edital <\/strong>seja divulgado j\u00e1 nos pr\u00f3ximos meses, uma vez que o \u00faltimo concurso foi realizado h\u00e1 <strong>mais de dez anos<\/strong>.<\/p>\n\n\n\n<h2 class=\"wp-block-heading\" id=\"concurso-creci-ce-escolha-da-banca-organizadora\"><strong>Concurso Creci CE: Escolha da banca organizadora<\/strong><\/h2>\n\n\n\n<p>No dia <strong>02 de fevereiro de 2021<\/strong>, o aviso de dispensa de licita\u00e7\u00e3o foi publicado no Di\u00e1rio Oficial da Uni\u00e3o, confirmando a escolha da institui\u00e7\u00e3o que ser\u00e1 respons\u00e1vel pela organiza\u00e7\u00e3o do <a href=\"https:\/\/www.novaconcursos.com.br\/portal\/concursos-previstos\/ce\/\">novo concurso<\/a>.<\/p>\n\n\n\n<p>O escolhido foi o Instituto de Desenvolvimento Institucional Brasileiro <strong>(Idib)<\/strong>. Com a defini\u00e7\u00e3o da banca, espera-se que o <strong>edital<\/strong> seja divulgado muito em breve.<\/p>\n\n\n\n<p>De acordo\ncom o documento, o Idib ser\u00e1 respons\u00e1vel pelo:<\/p>\n\n\n\n<p>\u201c<em>planejamento, organiza\u00e7\u00e3o e realiza\u00e7\u00e3o de concurso p\u00fablico, incluindo a elabora\u00e7\u00e3o, aplica\u00e7\u00e3o e coordena\u00e7\u00e3o geral e independente, visando o preenchimento de vagas do quadro efetivo e forma\u00e7\u00e3o de cadastro de reserva<\/em>\u201d.<\/p>\n\n\n\n<h2 class=\"wp-block-heading\" id=\"quantitativo-de-vagas-e-oportunidades-oferecidas\"><strong>Quantitativo de vagas e oportunidades oferecidas<\/strong><\/h2>\n\n\n\n<p>As informa\u00e7\u00f5es contidas na dispensa apenas afirmam que as oportunidades ser\u00e3o para o quadro efetivo e forma\u00e7\u00e3o de cadastro, sem maiores detalhes sobre a <strong>quantidade de vagas ofertadas.<\/strong><\/p>\n\n\n\n<p>Tamb\u00e9m n\u00e3o h\u00e1 informa\u00e7\u00f5es sobre quais ser\u00e3o os <strong>cargos previstos<\/strong>, tampouco os n\u00edveis de escolaridade e poss\u00edveis sal\u00e1rios com carga hor\u00e1ria. <\/p>\n\n\n\n<p>Com base no \u00faltimo certame, a probabilidade \u00e9 de que os candidatos dever\u00e3o ser avaliados por meio de <strong>provas objetiva, discursiva e de t\u00edtulos<\/strong>.<\/p>\n\n\n\n<h2 class=\"wp-block-heading\" id=\"ltimo-concurso-creci-ce-\"><strong>\u00daltimo concurso Creci CE <\/strong><\/h2>\n\n\n\n<p>O \u00faltimo certame realizado pelo Conselho Regional de Corretores de Im\u00f3veis da 15\u00aa regi\u00e3o, com abrang\u00eancia no <a href=\"https:\/\/www.novaconcursos.com.br\/portal\/concursos-abertos\/ce\/\">Cear\u00e1<\/a> (<strong>Creci CE<\/strong>) aconteceu em 2009, com oferta de <strong>57 vagas<\/strong>.<\/p>\n\n\n\n<p>Sabe-se que \u00e9 grande a import\u00e2ncia da realiza\u00e7\u00e3o de um novo concurso Creci CE, tendo em vista que o \u00faltimo j\u00e1 completou <strong>mais de dez anos. <\/strong><\/p>\n\n\n\n<p>Na ocasi\u00e3o, as oportunidades oferecidas foram para cargos de <strong>profissional de suporte administrativo e profissional de fiscaliza\u00e7\u00e3o<\/strong>, com lota\u00e7\u00e3o na sede ou delegacias, sendo:<\/p>\n\n\n\n<ul class=\"wp-block-list\"><li>PSAD\/Sede Fortaleza;<\/li><li>PFIS\/Sede Fortaleza;<\/li><li>PSAD\/ Delegacia Regional Crato;<\/li><li>PFIS\/ Delegacia Regional Crato;<\/li><li>PSAD\/ Delegacia Regional Sobral;<\/li><li>PFIS\/ Delegacia Regional Sobral.<\/li><\/ul><p><\/p>\n\n\n\n<p>No \u00faltimo edital a oferta foi de <strong>57 vagas<\/strong> por meio de cadastro reserva. Os sal\u00e1rios eram de at\u00e9 <strong>R$ 954,00.<\/strong> <\/p>\n\n\n\n<p>A avalia\u00e7\u00e3o dos candidatos foi atrav\u00e9s de <strong>prova objetiva<\/strong>, composta por quest\u00f5es de Portugu\u00eas, Matem\u00e1tica e Conhecimentos Gerais.<\/p>","protected":false},"excerpt":{"rendered":"<p>O novo concurso Creci CE (Conselho Regional de Corretores de Im\u00f3veis do Cear\u00e1) est\u00e1 confirmado e j\u00e1 possui inclusive banca organizadora definida. A expectativa \u00e9 de que o edital seja divulgado j\u00e1 nos pr\u00f3ximos meses, uma vez que o \u00faltimo concurso foi realizado h\u00e1 mais de dez anos. Concurso Creci CE: Escolha da banca organizadora [&hellip;]<\/p>\n","protected":false},"author":16,"featured_media":120531,"comment_status":"closed","ping_status":"closed","sticky":false,"template":"","format":"standard","meta":{"_acf_changed":false,"footnotes":"","_wp_rev_ctl_limit":""},"categories":[228],"tags":[36693,36690,36691],"class_list":["post-120503","post","type-post","status-publish","format-standard","has-post-thumbnail","hentry","category-noticias","tag-banca-concurso-creci-ce","tag-concurso-creci-ce","tag-creci-ce"],"acf":[],"_links":{"self":[{"href":"https:\/\/www.novaconcursos.com.br\/portal\/wp-json\/wp\/v2\/posts\/120503","targetHints":{"allow":["GET"]}}],"collection":[{"href":"https:\/\/www.novaconcursos.com.br\/portal\/wp-json\/wp\/v2\/posts"}],"about":[{"href":"https:\/\/www.novaconcursos.com.br\/portal\/wp-json\/wp\/v2\/types\/post"}],"author":[{"embeddable":true,"href":"https:\/\/www.novaconcursos.com.br\/portal\/wp-json\/wp\/v2\/users\/16"}],"replies":[{"embeddable":true,"href":"https:\/\/www.novaconcursos.com.br\/portal\/wp-json\/wp\/v2\/comments?post=120503"}],"version-history":[{"count":9,"href":"https:\/\/www.novaconcursos.com.br\/portal\/wp-json\/wp\/v2\/posts\/120503\/revisions"}],"predecessor-version":[{"id":120930,"href":"https:\/\/www.novaconcursos.com.br\/portal\/wp-json\/wp\/v2\/posts\/120503\/revisions\/120930"}],"wp:featuredmedia":[{"embeddable":true,"href":"https:\/\/www.novaconcursos.com.br\/portal\/wp-json\/wp\/v2\/media\/120531"}],"wp:attachment":[{"href":"https:\/\/www.novaconcursos.com.br\/portal\/wp-json\/wp\/v2\/media?parent=120503"}],"wp:term":[{"taxonomy":"category","embeddable":true,"href":"https:\/\/www.novaconcursos.com.br\/portal\/wp-json\/wp\/v2\/categories?post=120503"},{"taxonomy":"post_tag","embeddable":true,"href":"https:\/\/www.novaconcursos.com.br\/portal\/wp-json\/wp\/v2\/tags?post=120503"}],"curies":[{"name":"wp","href":"https:\/\/api.w.org\/{rel}","templated":true}]}}