{"id":123717,"date":"2021-07-14T08:00:00","date_gmt":"2021-07-14T11:00:00","guid":{"rendered":"https:\/\/www.novaconcursos.com.br\/portal\/?post_type=nc-public-tender&#038;p=123717"},"modified":"2024-12-16T10:00:11","modified_gmt":"2024-12-16T13:00:11","slug":"concurso-coren-ce","status":"publish","type":"post","link":"https:\/\/www.novaconcursos.com.br\/portal\/concursos\/concurso-coren-ce\/","title":{"rendered":"Concurso Coren CE: Edital publicado para n\u00edveis m\u00e9dio e superior!"},"content":{"rendered":"<p>Edital do <strong>concurso Conselho Regional de Enfermagem do Estado do Cear\u00e1 \u2013 Coren Ce<\/strong>, j\u00e1 est\u00e1 publicado! S\u00e3o ofertadas <strong>sete vagas imediatas mais cadastro reserva<\/strong>, sendo elas para os cargos de Enfermeiro Fiscal (cinco oportunidades) e T\u00e9cnico Administrativo (duas).<\/p>\n<p>O Conselho Regional de Enfermagem do Cear\u00e1<strong>\u00a0reabriu as inscri\u00e7\u00f5es\u00a0<\/strong>de seu\u00a0<a href=\"https:\/\/www.novaconcursos.com.br\/portal\/concursos\/concurso-coren-ce\/\">concurso Coren CE<\/a>\u00a0e conta com\u00a0<strong>novo cronograma.<\/strong><\/p>\n<ul><li><a class=\"_ps2id\" href=\"#inscri%C3%A7%C3%B5es\" data-ps2id-offset=\"\">Inscri\u00e7\u00f5es\u00a0<\/a><\/li>\n<li><a class=\"_ps2id\" href=\"#carreiras\" data-ps2id-offset=\"\">Carreiras<\/a>\n<ul><li><a class=\"_ps2id\" href=\"#cargos\" data-ps2id-offset=\"\">Cargos e vagas<\/a><\/li>\n<li><a class=\"_ps2id\" href=\"#remunera%C3%A7%C3%A3o\" data-ps2id-offset=\"\">Remunera\u00e7\u00e3o e requisitos<\/a><\/li>\n<\/ul><\/li>\n<li><a class=\"_ps2id\" href=\"#provas\" data-ps2id-offset=\"\">Como ser\u00e3o as provas?<\/a>\n<ul><li><a class=\"_ps2id\" href=\"#enfermeiro\" data-ps2id-offset=\"\">Enfermeiro Fiscal<\/a><\/li>\n<li><a class=\"_ps2id\" href=\"#t%C3%A9cnico\" data-ps2id-offset=\"\">T\u00e9cnico Administrativo<\/a><\/li>\n<\/ul><\/li>\n<\/ul><h2 id=\"\"><\/h2>\n<h2 id=\"ps2id-idinscries-targetcomo-realizar-as-inscries-para-o-conc\">[ps2id id=\u2019inscri\u00e7\u00f5es\u2019 target=\u201d\/]Como realizar as inscri\u00e7\u00f5es para o concurso Coren CE?<\/h2>\n<p>Os interessados poder\u00e3o realizar as inscri\u00e7\u00f5es das\u00a0<strong>10h do dia 14 de julho at\u00e9 as 18h do\u00a0dia 27 de agosto\u00a0<\/strong>para realizar o cadastro.<\/p>\n<p>A forma de se candidatar continua a mesma, sendo\u00a0atrav\u00e9s do<a href=\"https:\/\/www.cebraspe.org.br\/concursos\/coren_ce_21\" target=\"_blank\" rel=\"noreferrer noopener\">\u00a0<strong>site do\u00a0Cebraspe<\/strong>\u00a0<\/a>\u00a0, o organizador.<\/p>\n<p>O valor da taxa de inscri\u00e7\u00e3o \u00e9 de\u00a0<strong>R$ 75,00 (n\u00edvel m\u00e9dio) e R$ 100,00 (n\u00edvel superior)<\/strong>. A data limite para pagamento \u00e9 at\u00e9 o dia 14 de setembro.<\/p>\n<h2 id=\"ps2id-idcarreiras-targetconcurso-coren-ce-carreiras\">[ps2id id=\u2019carreiras\u2019 target=\u201d\/]Concurso Coren CE: carreiras<\/h2>\n<h3>[ps2id id=\u2019cargos\u2019 target=\u201d\/]Cargos e vagas<\/h3>\n<p>Ao todo, s\u00e3o oferecidas\u00a0<strong>sete vagas imediatas mais cadastro reserva<\/strong>, sendo elas para os cargos de <strong>Enfermeiro Fiscal (cinco oportunidades) e T\u00e9cnico Administrativo (duas).<\/strong><\/p>\n<h3>[ps2id id=\u2019remunera\u00e7\u00e3o\u2019 target=\u201d\/]Remunera\u00e7\u00e3o e requisitos<\/h3>\n<p>Para o posto de enfermeiro, \u00e9 preciso ter o n\u00edvel superior em Enfermagem e\u00a0registro regular no Conselho Regional de Enfermagem\u00a0por, no m\u00ednimo, tr\u00eas anos. Os aprovados na carreira receber\u00e3o R$5.131,37 para jornada de 30 horas.<\/p>\n<p>J\u00e1 o cargo de t\u00e9cnico administrativo \u00e9 destinado a candidatos com o n\u00edvel m\u00e9dio completo. Os aprovados, nesse caso, ter\u00e3o ganhos iniciais de\u00a0R$3.424,91, para jornada de 40 horas.<\/p>\n<p>J\u00e1 em rela\u00e7\u00e3o a remunera\u00e7\u00e3o, a do cargo de Enfermeiro \u00e9 de <strong>R$ 5.131,37<\/strong> e o de T\u00e9cnico \u00e9 de <strong>R$ 3.424,91<\/strong>, para jornadas de 30h e 40h semanais, respectivamente.<\/p>\n<h2 id=\"ps2id-idprovas-targetcomo-sero-as-provas-do-concurso-coren-c\">[ps2id id=\u2019provas\u2019 target=\u201d\/]Como ser\u00e3o as provas do concurso Coren CE?<\/h2>\n<p>Os candidatos\u00a0ser\u00e3o avaliados por meio de <strong>provas objetivas e discursivas<\/strong>. No caso dos candidatos de<strong> n\u00edvel superior haver\u00e1 ainda um exame de t\u00edtulos.\u00a0<\/strong><\/p>\n<p>Agora, a aplica\u00e7\u00e3o\u00a0das\u00a0<strong>provas objetivas e da prova discursiva<\/strong>\u00a0est\u00e1 marcada para o dia\u00a0<strong>3 de outubro<\/strong>.<\/p>\n<p>Esta data \u00e9 para todos os candidatos. O\u00a0<a href=\"https:\/\/www.novaconcursos.com.br\/portal\/concursos-previstos\/ce\/\">edital<\/a>\u00a0com os locais de provas ser\u00e3o\u00a0<strong>divulgados no dia 24 de setembro<\/strong>, no site do organizador.<\/p>\n<p>Ao que tudo indica, ser\u00e1 mantida a mesma estrutura para o dia da avalia\u00e7\u00e3o.\u00a0No turno da manh\u00e3, ser\u00e3o aplicados os exames para o cargo de Enfermeiro Fiscal. J\u00e1 \u00e0 tarde ocorrer\u00e1 a avalia\u00e7\u00e3o para os T\u00e9cnicos.<\/p>\n<p>Os candidatos ter\u00e3o quatro horas de prova e responder\u00e3o a 50 quest\u00f5es, sendo uma discursiva. Os exames ter\u00e3o perguntas de Conhecimentos Gerais (30) e Espec\u00edficos (20), sendo comum a todos os cargos:<\/p>\n<ul><li>L\u00edngua Portuguesa;<\/li>\n<li>\u00c9tica na Administra\u00e7\u00e3o P\u00fablica e Legisla\u00e7\u00e3o;<\/li>\n<li>No\u00e7\u00f5es de Direito Administrativo;<\/li>\n<li>No\u00e7\u00f5es de Inform\u00e1tica; e<\/li>\n<li>No\u00e7\u00f5es de Direito Constitucional.<\/li>\n<\/ul><p>\u00a0<\/p>\n<h3 id=\"h-enfermeiro-fiscal\"><strong>[ps2id id=\u2019enfermeiro\u2019 target=\u201d\/]Enfermeiro Fiscal<\/strong><\/h3>\n<p><strong>Prova Objetiva<\/strong><\/p>\n<ul><li>Conhecimentos Gerais: 30 quest\u00f5es<\/li>\n<li>Conhecimentos Espec\u00edficos: 20 quest\u00f5es<\/li>\n<\/ul><h3><\/h3>\n<h3 id=\"h-t-cnico-administrativo\">[ps2id id=\u2019t\u00e9cnico\u2019 target=\u201d\/]T\u00e9cnico administrativo<\/h3>\n<ul id=\"block-7676822d-8170-419a-970a-1aedfba2fd9c\"><li>Conhecimentos Gerais: 30 quest\u00f5es<\/li>\n<li>Conhecimentos Espec\u00edficos: 20 quest\u00f5es<\/li>\n<\/ul><p>\u00a0<\/p>\n<p><strong>As disciplinas que estar\u00e3o presentes na prova do concurso Coren CE (conhecimentos b\u00e1sicos e conhecimentos espec\u00edficos) ser\u00e3o as seguintes:<\/strong><\/p>\n<ul><li><strong>Conhecimentos B\u00e1sicos:<\/strong>\n<ul><li>Portugu\u00eas<\/li>\n<li>\u00c9tica<\/li>\n<li>Administrativo<\/li>\n<li>Inform\u00e1tica<\/li>\n<li>Constitucional<\/li>\n<\/ul><\/li>\n<\/ul><p>\u00a0<\/p>\n<ul><li><strong>Conhecimentos Espec\u00edficos \u2013 Enfermeiro Fiscal<\/strong>\n<ul><li>Enfermagem<\/li>\n<li>Legisla\u00e7\u00e3o e normas espec\u00edficas<\/li>\n<\/ul><\/li>\n<\/ul><p>\u00a0<\/p>\n<ul><li><strong>Conhecimentos Espec\u00edficos \u2013 T\u00e9cnico Administrativo<\/strong>\n<ul><li>T\u00e9cnico Administrativo<\/li>\n<li>Legisla\u00e7\u00e3o e normas espec\u00edficas<\/li>\n<\/ul><\/li>\n<\/ul>","protected":false},"excerpt":{"rendered":"<p>Edital do concurso Conselho Regional de Enfermagem do Estado do Cear\u00e1 &#8211; Coren Ce, j\u00e1 est\u00e1 publicado! S\u00e3o ofertadas sete vagas imediatas mais cadastro reserva, sendo elas para os cargos de Enfermeiro Fiscal (cinco oportunidades) e T\u00e9cnico Administrativo (duas).<\/p>\n<p>O Conselho Regional de Enfermagem do Cear\u00e1\u00a0reabriu as inscri\u00e7\u00f5es\u00a0de seu\u00a0concurso Coren CE\u00a0e conta com\u00a0novo cronograma.<\/p>\n","protected":false},"author":54662,"featured_media":123733,"comment_status":"closed","ping_status":"closed","sticky":false,"template":"","format":"standard","meta":{"_acf_changed":false,"footnotes":"","_wp_rev_ctl_limit":""},"categories":[44999],"tags":[],"class_list":["post-123717","post","type-post","status-publish","format-standard","has-post-thumbnail","hentry","category-concursos"],"acf":[],"_links":{"self":[{"href":"https:\/\/www.novaconcursos.com.br\/portal\/wp-json\/wp\/v2\/posts\/123717","targetHints":{"allow":["GET"]}}],"collection":[{"href":"https:\/\/www.novaconcursos.com.br\/portal\/wp-json\/wp\/v2\/posts"}],"about":[{"href":"https:\/\/www.novaconcursos.com.br\/portal\/wp-json\/wp\/v2\/types\/post"}],"author":[{"embeddable":true,"href":"https:\/\/www.novaconcursos.com.br\/portal\/wp-json\/wp\/v2\/users\/54662"}],"replies":[{"embeddable":true,"href":"https:\/\/www.novaconcursos.com.br\/portal\/wp-json\/wp\/v2\/comments?post=123717"}],"version-history":[{"count":8,"href":"https:\/\/www.novaconcursos.com.br\/portal\/wp-json\/wp\/v2\/posts\/123717\/revisions"}],"predecessor-version":[{"id":137661,"href":"https:\/\/www.novaconcursos.com.br\/portal\/wp-json\/wp\/v2\/posts\/123717\/revisions\/137661"}],"wp:featuredmedia":[{"embeddable":true,"href":"https:\/\/www.novaconcursos.com.br\/portal\/wp-json\/wp\/v2\/media\/123733"}],"wp:attachment":[{"href":"https:\/\/www.novaconcursos.com.br\/portal\/wp-json\/wp\/v2\/media?parent=123717"}],"wp:term":[{"taxonomy":"category","embeddable":true,"href":"https:\/\/www.novaconcursos.com.br\/portal\/wp-json\/wp\/v2\/categories?post=123717"},{"taxonomy":"post_tag","embeddable":true,"href":"https:\/\/www.novaconcursos.com.br\/portal\/wp-json\/wp\/v2\/tags?post=123717"}],"curies":[{"name":"wp","href":"https:\/\/api.w.org\/{rel}","templated":true}]}}