{"id":123828,"date":"2021-02-19T18:48:00","date_gmt":"2021-02-19T21:48:00","guid":{"rendered":"https:\/\/www.novaconcursos.com.br\/portal\/?p=123828"},"modified":"2025-03-07T14:57:45","modified_gmt":"2025-03-07T17:57:45","slug":"concurso-espirito-santo-editais-confirmados","status":"publish","type":"post","link":"https:\/\/www.novaconcursos.com.br\/portal\/noticias\/concurso-espirito-santo-editais-confirmados\/","title":{"rendered":"Concurso Esp\u00edrito Santo: Mesmo com decreto 7 editais s\u00e3o confirmados"},"content":{"rendered":"<p>O Governo do Estado confirmou sete editais para <a href=\"https:\/\/www.novaconcursos.com.br\/portal\/concursos-previstos\/es\/\">concurso Esp\u00edrito Santo<\/a>, que ser\u00e3o realizados no decorrer de 2021. A informa\u00e7\u00e3o foi comemorada pelos concurseiros, ap\u00f3s publica\u00e7\u00e3o do  <a rel=\"noreferrer noopener\" href=\"https:\/\/dhg1h5j42swfq.cloudfront.net\/2021\/02\/11095840\/diario_oficial_2021-02-11_completo_14.pdf\" target=\"_blank\">Decreto n\u00ba 4818-R<\/a>\u00a0que havia suspendido abertura de novos concursos at\u00e9 31 de dezembro de 2021,  para racionaliza\u00e7\u00e3o de gastos. <\/p>\n\n\n\n<p>A Assessoria de Comunica\u00e7\u00e3o confirmou que as sele\u00e7\u00f5es no ES com editais confirmados na <strong>Lei Or\u00e7ament\u00e1ria Anual (LOA) 2021<\/strong> devem sim acontecer, mesmo diante o decreto. O governo pretende contratar novos profissionais para os \u00f3rg\u00e3os que s\u00e3o considerados \u00e1reas com maior demanda\u00a0de pessoal.<\/p>\n\n\n\n<p><em>\u201cMesmo com o Decreto n\u00ba  4.818-R, de 10 de fevereiro de 2021, publicado no Di\u00e1rio Oficial do  Estado de quinta-feira (11\/02), que estabelece medidas de  contingenciamento e racionaliza\u00e7\u00e3o de gastos do Poder Executivo Estadual  no ano de 2021, ser\u00e3o realizados os concursos p\u00fablicos previstos na Lei  Or\u00e7ament\u00e1ria Anual (LOA) 2021\u201d<\/em>, confirmou.<\/p>\n\n\n\n<p>Os concurseiros devem ficar atentos \u00e0s publica\u00e7\u00f5es dos editais, que devem sair durante os pr\u00f3ximos meses.<\/p>\n\n\n\n<h2 class=\"wp-block-heading\" id=\"concurso-sefaz-es\">Concurso Sefaz ES<\/h2>\n\n\n\n<p>O <a href=\"https:\/\/www.novaconcursos.com.br\/portal\/concursos\/concurso-sefaz-es\/\">concurso Sefaz ES<\/a> ir\u00e1 ofertar 50 vagas imediatas, mais forma\u00e7\u00e3o de cadastro reserva, para cargos de Auditor Fiscal da Receita Estadual. O cargo exige forma\u00e7\u00e3o de n\u00edvel superior e conta com remunera\u00e7\u00e3o inicial de <strong>R$ 12.069,75<\/strong>.  <\/p>\n\n\n\n<p>Os tr\u00e2mites para contrata\u00e7\u00e3o da  <strong>Funda\u00e7\u00e3o Get\u00falio Vargas<\/strong> (FGV) est\u00e3o na Procuradoria-Geral do Estado, que analisa a minuta do edital.<\/p>\n\n\n\n<p>Assim que o extrato de contrato for divulgado, o edital j\u00e1 poder\u00e1 ser publicado e a previs\u00e3o \u00e9 que isso ocorra <strong>at\u00e9 o final deste m\u00eas de fevereiro<\/strong>.<\/p>\n\n\n\n<p>Fazem parte da comiss\u00e3o organizadora, cinco servidores que ficar\u00e3o respons\u00e1veis por planejar, organizar e executar os trabalhos relacionados ao certame. S\u00e3o eles:<\/p>\n\n\n\n<ul class=\"wp-block-list\"><li>Charles Grilo Fuller<\/li>\n\n\n\n<li>Leandro Gon\u00e7alves Kuster<\/li>\n\n\n\n<li>Robson Augusto Dainez Cond\u00e9<\/li>\n\n\n\n<li>Rowena Rodrigues Fraga<\/li>\n\n\n\n<li>Thais Baeta Lustosa Pontes<\/li>\n<\/ul><h2 class=\"wp-block-heading\" id=\"concurso-sedu-es\">Concurso Sedu ES<\/h2>\n\n\n\n<p>Em 2018, o ex-governador do Estado, Paulo Hartung, havia autorizado a realiza\u00e7\u00e3o do concurso Sedu ES, que contaria com 1.200 vagas, sendo 1000 para os cargos de Professor e 200 para Agente de Suporte Educacional. <\/p>\n\n\n\n<p>Ap\u00f3s a mudan\u00e7a da gest\u00e3o governamental e alguns impactos financeiros, a quantidade de vagas n\u00e3o foi confirmada, se mantendo em aberto. <\/p>\n\n\n\n<p>O \u00faltimo concurso Sedu ES ofertou 1.025 vagas para os cargos de Professor e para Pedagogo. Foram <strong>21.720 inscritos<\/strong> no concurso.<\/p>\n\n\n\n<p>Variando de acordo com a especialidade do cargo, a remunera\u00e7\u00e3o dos professores se divide em 16 n\u00edveis, seguindo tr\u00eas escalas e uma grada\u00e7\u00e3o de classes: Professor \u201cA\u201d, Professor \u201cB\u201d e Professor \u201cP\u201d (Pedagogo), com carga hor\u00e1ria de 25 horas semanais.<\/p>\n\n\n\n<h2 class=\"wp-block-heading\" id=\"concurso-sejus-es\">Concurso Sejus ES<\/h2>\n\n\n\n<p>O novo <a href=\"https:\/\/www.novaconcursos.com.br\/portal\/concursos\/concurso-sejus-es\">concurso Sejus ES<\/a> deve trazer vagas para Inspetor Penitenci\u00e1rio, nova nomenclatura ligada aos extintos cargos de <strong>Agente Penitenci\u00e1rio e Agente de Escolta e Vigil\u00e2ncia<\/strong>. A remunera\u00e7\u00e3o inicial para o cargo \u00e9 de R$2.988,13 e pode chegar at\u00e9 R$5.717,57.<\/p>\n\n\n\n<p>O novo certame poder\u00e1 ocorrer ainda este ano e ofertar vagas para candidatos de\u00a0<strong>n\u00edvel m\u00e9dio. <\/strong>Para concorrer a uma dos cargos \u00e9 necess\u00e1rio seguir os requisitos:<\/p>\n\n\n\n<ul class=\"wp-block-list\"><li>ter, na data da posse, 18 (dezoito) anos de idade, no m\u00ednimo;<\/li>\n\n\n\n<li>ter,  at\u00e9 a data do encerramento do per\u00edodo das inscri\u00e7\u00f5es, 30 (trinta) anos  de idade no m\u00e1ximo, independentemente de eventual prorroga\u00e7\u00e3o do per\u00edodo  de inscri\u00e7\u00e3o.<\/li>\n\n\n\n<li>possuir, na data da posse, Certificado de  Conclus\u00e3o do Ensino M\u00e9dio ou equivalente, ministrado por escola  oficialmente reconhecida;<\/li>\n\n\n\n<li>possuir, na data da posse, Carteira Nacional de Habilita\u00e7\u00e3o (CNH), Categorias \u201cB\u201d, \u201cC\u201d, \u201cD\u201d ou \u201cE\u201d;<\/li>\n\n\n\n<li>ter  estatura m\u00ednima descal\u00e7o, sem meias e descoberto de 1,65m se homens e  1,60m se mulher, por ocasi\u00e3o da prova de condicionamento f\u00edsico;<\/li>\n\n\n\n<li>Demais requisitos previstos no edital<\/li>\n<\/ul><p><\/p>\n\n\n\n<p>Realizado em 2012, o \u00faltimo certame da Secretaria ofertou\u00a0<strong>500 vagas<\/strong>, sendo\u00a0<strong>250 vagas<\/strong>, mais reserva, para o cargo de\u00a0Agente de Escolta e Vigil\u00e2ncia Penitenci\u00e1ria \u2013 AEVP\u00a0e\u00a0<strong>250 vagas, mais reserva, <\/strong>para o cargo de\u00a0Agente Penitenci\u00e1rio \u2013 AP.<\/p>\n\n\n\n<p><\/p>\n\n\n\n<p>A organiza\u00e7\u00e3o do concurso ficou a cargo da Vunesp e a remunera\u00e7\u00e3o inicial foi de\u00a0<strong>R$ 2.156,70<\/strong>, com jornadas de trabalho de 40 horas semanais.<\/p>\n\n\n\n<h2 class=\"wp-block-heading\" id=\"concurso-pc-es\">Concurso PC ES<\/h2>\n\n\n\n<p>Um novo <a href=\"https:\/\/www.novaconcursos.com.br\/portal\/concursos\/concurso-pc-es\">concurso PC ES<\/a> \u00e9 esperado para este ano de 2021, possivelmente com  uma das oportunidades contempladas para Delegado, pois o \u00faltimo  concurso, em 2018, n\u00e3o ofertou vagas para o cargo.  <\/p>\n\n\n\n<p><em>\u201cA Pol\u00edcia Civil informa que a elabora\u00e7\u00e3o do concurso p\u00fablico  est\u00e1 em andamento, sendo ainda definido o quantitativo de vagas, cargos e  sal\u00e1rios. A previs\u00e3o \u00e9 que o certame seja realizado somente em 2021\u201d<\/em>, afirmou o comunicado da PC.<\/p>\n\n\n\n<ul class=\"wp-block-list\"><li><strong>Adquira:<\/strong> <a href=\"https:\/\/www.novaconcursos.com.br\/concurso\/pc-es-policia-civil-do-espirito-santo\/apostila\">Apostila concurso PC ES<\/a><\/li>\n<\/ul><p><\/p>\n\n\n\n<p>A <strong>distribui\u00e7\u00e3o das vagas e cargos<\/strong> contemplados ainda n\u00e3o foi divulgada. Realizado entre 2018 e 2019, o concurso Pol\u00edcia Civil do Estado do Esp\u00edrito Santo, ofertou 173 vagas para n\u00edvel m\u00e9dio e superior e teve a aplica\u00e7\u00e3o da avalia\u00e7\u00e3o psicol\u00f3gica suspensa temporariamente, devido \u00e0 pandemia. <\/p>\n\n\n\n<p>A remunera\u00e7\u00e3o inicial para os cargos de n\u00edvel superior \u00e9 de <strong><em>R$ 5.103,84<\/em><\/strong>, podendo chegar at\u00e9 R$ 10.242,20. J\u00e1 para n\u00edvel m\u00e9dio, o sal\u00e1rio \u00e9 de <em><strong>R$ 3.622,08 <\/strong><\/em>podendo chegar a R$ 7.268,67.<\/p>\n\n\n\n<h2 class=\"wp-block-heading\" id=\"concurso-pm-es\">Concurso PM ES<\/h2>\n\n\n\n<p>Um novo <a href=\"https:\/\/www.novaconcursos.com.br\/portal\/concursos\/concurso-pm-es\/\">concurso PM ES<\/a> \u00e9 esperado em 2021, ap\u00f3s publica\u00e7\u00e3o de um novo projeto de lei pela Assembleia Legislativa. Ainda n\u00e3o se sabe quantas ser\u00e3o as vagas ofertadas e sobre a publica\u00e7\u00e3o do edital, que deve sair em breve.<\/p>\n\n\n\n<p>Em 2018, foram publicados quatro editais para cargos de Soldados, Oficiais e M\u00e9dicos, concurso este que ainda est\u00e1 vigente, sob organiza\u00e7\u00e3o do Instituto AOCP. <\/p>\n\n\n\n<h2 class=\"wp-block-heading\" id=\"concurso-iases\">Concurso IASES<\/h2>\n\n\n\n<p>Um novo concurso IASES (Instituto de Atendimento Socioeducativo do Esp\u00edrito Santo) est\u00e1 cada vez mais perto de acontecer  e duas comiss\u00f5es j\u00e1 foram oficialmente constitu\u00eddas. As oportunidades ser\u00e3o para o cargo de Agente Socioeducativo, de n\u00edvel m\u00e9dio.<\/p>\n\n\n\n<p>Ocorrido em 2019, o \u00faltimo concurso tamb\u00e9m ofertou vagas para Agente  Socioeducativo, com vagas para forma\u00e7\u00e3o de cadastro reserva. O vencimento b\u00e1sico inicial era de <strong>R$ 2.785,21<\/strong>, mais aux\u00edlio-alimenta\u00e7\u00e3o de R$ 300,00. <\/p>\n\n\n\n<p>De acordo com o \u00faltimo edital publicado, para concorrer \u00e0s vagas \u00e9 necess\u00e1rio ter n\u00edvel m\u00e9dio completo e Carteira Nacional  de Habilita\u00e7\u00e3o (CNH) no m\u00ednimo \u2018B\u2019. Foram duas etapas avaliativas:<\/p>\n\n\n\n<p>I \u2013 Envio e an\u00e1lise de documenta\u00e7\u00e3o comprobat\u00f3ria da qualifica\u00e7\u00e3o e<br>experi\u00eancia profissional;<br>II \u2013 Envio e an\u00e1lise de formul\u00e1rio de investiga\u00e7\u00e3o social e sindic\u00e2ncia de vida pregressa do candidato. <\/p>\n\n\n\n<h2 class=\"wp-block-heading\" id=\"concurso-ijsn\">Concurso IJSN<\/h2>\n\n\n\n<p>Um novo concurso IJSN (<strong>Instituto Jones dos Santos Neves<\/strong>) est\u00e1 no radar para 2021. Os sal\u00e1rios para os cargos de <strong>Especialista em Estudos e Pesquisas Governamentais<\/strong> podem chegar a R$ 6.840,95, e para <strong>T\u00e9cnico de Planejamento<\/strong> a R$ 6.840,95.<\/p>\n\n\n\n<p> A defini\u00e7\u00e3o das vagas e cargos a serem ofertados ser\u00e3o de responsabilidade do \u00f3rg\u00e3o, assim como a forma\u00e7\u00e3o da comiss\u00e3o, contrata\u00e7\u00e3o da empresa organizadora e publica\u00e7\u00e3o do edital.  <\/p>","protected":false},"excerpt":{"rendered":"<p>O Governo do Estado confirmou sete editais para concurso Esp\u00edrito Santo, que ser\u00e3o realizados no decorrer de 2021. A informa\u00e7\u00e3o foi comemorada pelos concurseiros, ap\u00f3s publica\u00e7\u00e3o do Decreto n\u00ba 4818-R\u00a0que havia suspendido abertura de novos concursos at\u00e9 31 de dezembro de 2021, para racionaliza\u00e7\u00e3o de gastos. A Assessoria de Comunica\u00e7\u00e3o confirmou que as sele\u00e7\u00f5es no [&hellip;]<\/p>\n","protected":false},"author":54671,"featured_media":123758,"comment_status":"closed","ping_status":"closed","sticky":false,"template":"","format":"standard","meta":{"_acf_changed":false,"footnotes":"","_wp_rev_ctl_limit":""},"categories":[228],"tags":[579,36838,36820,1919,36845,36844,34338,23331,23464,34966,36819],"class_list":["post-123828","post","type-post","status-publish","format-standard","has-post-thumbnail","hentry","category-noticias","tag-concursos","tag-concursos-es","tag-es","tag-espirito-santo","tag-iases","tag-ijsn","tag-pc-es","tag-pm-es","tag-sedu-es","tag-sefaz-es","tag-sejus-es"],"acf":[],"_links":{"self":[{"href":"https:\/\/www.novaconcursos.com.br\/portal\/wp-json\/wp\/v2\/posts\/123828","targetHints":{"allow":["GET"]}}],"collection":[{"href":"https:\/\/www.novaconcursos.com.br\/portal\/wp-json\/wp\/v2\/posts"}],"about":[{"href":"https:\/\/www.novaconcursos.com.br\/portal\/wp-json\/wp\/v2\/types\/post"}],"author":[{"embeddable":true,"href":"https:\/\/www.novaconcursos.com.br\/portal\/wp-json\/wp\/v2\/users\/54671"}],"replies":[{"embeddable":true,"href":"https:\/\/www.novaconcursos.com.br\/portal\/wp-json\/wp\/v2\/comments?post=123828"}],"version-history":[{"count":7,"href":"https:\/\/www.novaconcursos.com.br\/portal\/wp-json\/wp\/v2\/posts\/123828\/revisions"}],"predecessor-version":[{"id":274580,"href":"https:\/\/www.novaconcursos.com.br\/portal\/wp-json\/wp\/v2\/posts\/123828\/revisions\/274580"}],"wp:featuredmedia":[{"embeddable":true,"href":"https:\/\/www.novaconcursos.com.br\/portal\/wp-json\/wp\/v2\/media\/123758"}],"wp:attachment":[{"href":"https:\/\/www.novaconcursos.com.br\/portal\/wp-json\/wp\/v2\/media?parent=123828"}],"wp:term":[{"taxonomy":"category","embeddable":true,"href":"https:\/\/www.novaconcursos.com.br\/portal\/wp-json\/wp\/v2\/categories?post=123828"},{"taxonomy":"post_tag","embeddable":true,"href":"https:\/\/www.novaconcursos.com.br\/portal\/wp-json\/wp\/v2\/tags?post=123828"}],"curies":[{"name":"wp","href":"https:\/\/api.w.org\/{rel}","templated":true}]}}