{"id":125102,"date":"2021-02-23T19:34:25","date_gmt":"2021-02-23T22:34:25","guid":{"rendered":"https:\/\/www.novaconcursos.com.br\/portal\/?p=125102"},"modified":"2025-12-08T10:41:17","modified_gmt":"2025-12-08T13:41:17","slug":"concurso-depen-provas-suspensas","status":"publish","type":"post","link":"https:\/\/www.novaconcursos.com.br\/portal\/noticias\/concurso-depen-provas-suspensas\/","title":{"rendered":"Concurso Depen: Provas est\u00e3o suspensas!"},"content":{"rendered":"<p>Aten\u00e7\u00e3o concurseiros inscritos no <a href=\"https:\/\/www.novaconcursos.com.br\/portal\/concursos\/senappen\/\">concurso DEPEN<\/a>! A Diretoria-Geral do Departamento Penitenci\u00e1rio Nacional informou que o <strong>certame est\u00e1 suspenso<\/strong>, em raz\u00e3o das medidas restritivas adotadas por alguns estados em <strong>decorr\u00eancia da pandemia.<\/strong><\/p>\n\n\n\n<p>A fase de aplica\u00e7\u00e3o das <strong>provas objetivas e discursiva<\/strong> estava programada para acontecer no pr\u00f3ximo <strong>domingo (28) de fevereiro de 2021.<\/strong><\/p>\n\n\n\n<ul class=\"wp-block-list\"><li><strong>Adquira:<\/strong> <a href=\"https:\/\/www.novaconcursos.com.br\/concurso\/depen-departamento-penitenciario-nacional\/apostila\">Apostila concurso Depen<\/a><\/li>\n\n\n\n<li><strong>Adquira: <\/strong><a href=\"https:\/\/www.novaconcursos.com.br\/concurso\/depen-departamento-penitenciario-nacional\/curso-online\">Curso Online concurso Depen<\/a><\/li>\n<\/ul><p><\/p>\n\n\n\n<h2 class=\"wp-block-heading\" id=\"comunicado-da-banca-organizadora\">Comunicado da banca organizadora<\/h2>\n\n\n\n<p>De acordo com o comunicado disponibilizado no site da banca organizadora do <a href=\"https:\/\/www.novaconcursos.com.br\/portal\/concursos-previstos\/nacional\">concurso<\/a>, o <strong>Cebraspe<\/strong>, um novo cronograma ser\u00e1 divulgado em <strong>momento oportuno<\/strong>. Confira o comunicado:<\/p>\n\n\n\n<figure class=\"wp-block-gallery has-nested-images columns-default is-cropped wp-block-gallery-1 is-layout-flex wp-block-gallery-is-layout-flex\"><figure class=\"wp-block-image size-large\"><img decoding=\"async\" width=\"902\" height=\"441\" data-id=\"125083\" src=\"https:\/\/www.novaconcursos.com.br\/portal\/wp-content\/uploads\/2021\/01\/imagem_2021-02-23_172313.png\" alt=\"\" class=\"wp-image-125083\" loading=\"lazy\" title=\"\" srcset=\"https:\/\/www.novaconcursos.com.br\/portal\/wp-content\/uploads\/2021\/01\/imagem_2021-02-23_172313-300x147.png 300w, https:\/\/www.novaconcursos.com.br\/portal\/wp-content\/uploads\/2021\/01\/imagem_2021-02-23_172313.png 902w\" sizes=\"auto, (max-width: 480px) 100vw, (max-width: 768px) 100vw, (max-width: 1200px) 70vw, 768px\"><figcaption><\/figcaption><\/figure><\/figure><h2 class=\"wp-block-heading\" id=\"segunda-suspenso-do-concurso-depen\"><strong>Segunda suspens\u00e3o do concurso DEPEN<\/strong><\/h2>\n\n\n\n<p>\u00c9 a <strong>segunda vez<\/strong> que o certame \u00e9 suspenso devido \u00e0 pandemia de Covid-19. O concurso DEPEN com <strong>309 vagas<\/strong> foi retomado h\u00e1 pouco tempo.<\/p>\n\n\n\n<p>No dia <strong>20 de janeiro de 2021<\/strong>, o <a href=\"https:\/\/www.novaconcursos.com.br\/portal\/concursos-abertos\/nacional\">Departamento Penitenci\u00e1rio Nacional <\/a>divulgou no Di\u00e1rio Oficial da Uni\u00e3o, o <strong>novo cronograma<\/strong> do certame para Agente Penitenci\u00e1rio e Especialista.<\/p>\n\n\n\n<h2 class=\"wp-block-heading\" id=\"vagas-concurso-depen-\"><strong>Vagas concurso DEPEN <\/strong><\/h2>\n\n\n\n<p>O certame oferta\u00a0<strong>309 vagas<\/strong>\u00a0de car\u00e1ter imediato, para os n\u00edveis m\u00e9dio e superior. As\u00a0<strong>oportunidades<\/strong>\u00a0s\u00e3o para os seguintes cargos:<\/p>\n\n\n\n<p><strong>N\u00edvel M\u00e9dio<\/strong>: Agente Federal de Execu\u00e7\u00e3o Penal (294 vagas);<\/p>\n\n\n\n<p><strong>N\u00edvel Superior<\/strong>: Especialista em Assist\u00eancia \u00e0 Execu\u00e7\u00e3o Penal\/\u00c1rea Enfermagem (9 vagas), Especialista Federal em Assist\u00eancia \u00e0 Execu\u00e7\u00e3o Penal\/\u00c1rea M\u00e9dico Cl\u00ednico (1 vaga), Especialista Federal em Assist\u00eancia \u00e0 Execu\u00e7\u00e3o Penal\/\u00c1rea M\u00e9dico Psiquiatra (1 vaga), Especialista Federal em Assist\u00eancia \u00e0 Execu\u00e7\u00e3o Penal\/\u00c1rea Odontologia (1 vaga), Especialista Federal em Assist\u00eancia \u00e0 Execu\u00e7\u00e3o Penal\/\u00c1rea Psicologia (1 vaga), Especialista Federal em Assist\u00eancia \u00e0 Execu\u00e7\u00e3o Penal\/\u00c1rea Servi\u00e7o Social (1 vaga), Especialista Federal em Assist\u00eancia \u00e0 Execu\u00e7\u00e3o Penal\/\u00c1rea Terapia Ocupacional (1 vaga).<\/p>\n\n\n\n<h2 class=\"wp-block-heading\" id=\"salrios-concurso-depen\">Sal\u00e1rios concurso DEPEN<\/h2>\n\n\n\n<p>O sal\u00e1rio para o cargo de\u00a0<a href=\"https:\/\/www.novaconcursos.com.br\/portal\/noticias\/concurso-depen-agente-penitenciario-tem-direito-a-porte-de-arma-confira\/\">Agente Federal de Execu\u00e7\u00e3o Penal<\/a>\u00a0tem o valor de\u00a0<strong>R$ 6.030,23<\/strong>, sendo R$ 4.170,63 de referentes ao vencimento b\u00e1sico, acrescida de R$ 1.401,60 referentes \u00e0 Gratifica\u00e7\u00e3o de Desempenho de Atividade de Agente Federal de Execu\u00e7\u00e3o Penal, e de R$ 458,00 referentes ao aux\u00edlio- alimenta\u00e7\u00e3o.<\/p>\n\n\n\n<p>J\u00e1 a remunera\u00e7\u00e3o para os cargos de\u00a0<strong>Especialista Federal em Assist\u00eancia \u00e0 Execu\u00e7\u00e3o Penal (todas as \u00e1reas)<\/strong>\u00a0tem o valor de\u00a0<strong>R$ 5.865,70<\/strong>, sendo R$ 4.361,30 referentes ao vencimento b\u00e1sico, acrescido de R$ 1.046,40 referentes \u00e0 Gratifica\u00e7\u00e3o de Desempenho de Atividade de Assist\u00eancia Especializada, e de R$ 458,00 referentes ao aux\u00edlio-alimenta\u00e7\u00e3o.<\/p>","protected":false},"excerpt":{"rendered":"<p>Aten\u00e7\u00e3o concurseiros inscritos no concurso DEPEN! A Diretoria-Geral do Departamento Penitenci\u00e1rio Nacional informou que o certame est\u00e1 suspenso, em raz\u00e3o das medidas restritivas adotadas por alguns estados em decorr\u00eancia da pandemia. A fase de aplica\u00e7\u00e3o das provas objetivas e discursiva estava programada para acontecer no pr\u00f3ximo domingo (28) de fevereiro de 2021. Comunicado da banca [&hellip;]<\/p>\n","protected":false},"author":16,"featured_media":122997,"comment_status":"closed","ping_status":"closed","sticky":false,"template":"","format":"standard","meta":{"_acf_changed":false,"footnotes":"","_wp_rev_ctl_limit":""},"categories":[228],"tags":[6315,36799,36904,34732],"class_list":["post-125102","post","type-post","status-publish","format-standard","has-post-thumbnail","hentry","category-noticias","tag-concurso-depen","tag-concurso-depen-provas","tag-concurso-depen-suspenso","tag-vagas-concurso-depen"],"acf":[],"_links":{"self":[{"href":"https:\/\/www.novaconcursos.com.br\/portal\/wp-json\/wp\/v2\/posts\/125102","targetHints":{"allow":["GET"]}}],"collection":[{"href":"https:\/\/www.novaconcursos.com.br\/portal\/wp-json\/wp\/v2\/posts"}],"about":[{"href":"https:\/\/www.novaconcursos.com.br\/portal\/wp-json\/wp\/v2\/types\/post"}],"author":[{"embeddable":true,"href":"https:\/\/www.novaconcursos.com.br\/portal\/wp-json\/wp\/v2\/users\/16"}],"replies":[{"embeddable":true,"href":"https:\/\/www.novaconcursos.com.br\/portal\/wp-json\/wp\/v2\/comments?post=125102"}],"version-history":[{"count":8,"href":"https:\/\/www.novaconcursos.com.br\/portal\/wp-json\/wp\/v2\/posts\/125102\/revisions"}],"predecessor-version":[{"id":299198,"href":"https:\/\/www.novaconcursos.com.br\/portal\/wp-json\/wp\/v2\/posts\/125102\/revisions\/299198"}],"wp:featuredmedia":[{"embeddable":true,"href":"https:\/\/www.novaconcursos.com.br\/portal\/wp-json\/wp\/v2\/media\/122997"}],"wp:attachment":[{"href":"https:\/\/www.novaconcursos.com.br\/portal\/wp-json\/wp\/v2\/media?parent=125102"}],"wp:term":[{"taxonomy":"category","embeddable":true,"href":"https:\/\/www.novaconcursos.com.br\/portal\/wp-json\/wp\/v2\/categories?post=125102"},{"taxonomy":"post_tag","embeddable":true,"href":"https:\/\/www.novaconcursos.com.br\/portal\/wp-json\/wp\/v2\/tags?post=125102"}],"curies":[{"name":"wp","href":"https:\/\/api.w.org\/{rel}","templated":true}]}}