{"id":126141,"date":"2021-03-05T16:58:57","date_gmt":"2021-03-05T19:58:57","guid":{"rendered":"https:\/\/www.novaconcursos.com.br\/portal\/?p=126141"},"modified":"2021-03-05T17:00:43","modified_gmt":"2021-03-05T20:00:43","slug":"concursos-suspensos-inscricoes-pec","status":"publish","type":"post","link":"https:\/\/www.novaconcursos.com.br\/portal\/noticias\/concursos-suspensos-inscricoes-pec\/","title":{"rendered":"Concursos suspensos, reabertura de inscri\u00e7\u00f5es e PEC Emergencial!"},"content":{"rendered":"<p class=\"wp-block-paragraph\">Estamos vivendo um per\u00edodo cr\u00edtico em nosso pa\u00eds devido a pandemia da Covid-19, muitos concursos suspensos e com provas adiadas, e outros ainda sem a certeza de que ter\u00e3o as <strong>provas realizadas<\/strong> nas datas previstas.<\/p>\n\n\n\n<p class=\"wp-block-paragraph\">Contudo o importante \u00e9 n\u00e3o se desesperar e continuar com os estudos, porque \u00e9 <strong>certo de que as provas ser\u00e3o aplicadas <\/strong>em algum momento e, por isso, n\u00e3o podemos abrir m\u00e3o de uma boa prepara\u00e7\u00e3o. <\/p>\n\n\n\n<ul class=\"wp-block-list\"><li><strong>Confira: <\/strong><a href=\"https:\/\/www.novaconcursos.com.br\/eventos\/guia-definitivo-como-fazer-uma-boa-revisao\/\" target=\"_blank\" rel=\"noreferrer noopener\" aria-label=\" (abre numa nova aba)\">Como fazer uma boa revis\u00e3o \u2013 Baixe GR\u00c1TIS<\/a><\/li><\/ul><p class=\"wp-block-paragraph\"><\/p>\n\n\n\n<p class=\"wp-block-paragraph\">Vamos entender melhor sobre uma poss\u00edvel abertura de inscri\u00e7\u00f5es para a <strong>Pol\u00edcia Federal<\/strong> e ainda sobre a PEC Emergencial que foi aprovada no Senado. <\/p>\n\n\n\n<h2 class=\"wp-block-heading\" id=\"concurso-polcia-federal-reabrir-inscries\">Concurso Pol\u00edcia Federal reabrir\u00e1 inscri\u00e7\u00f5es?<\/h2>\n\n\n\n<p class=\"wp-block-paragraph\">A reabertura das inscri\u00e7\u00f5es para o <a href=\"https:\/\/www.novaconcursos.com.br\/portal\/concursos\/concurso-policia-federal\/\">concurso Pol\u00edcia Federal<\/a> \u00e9 poss\u00edvel sim, por 3 motivos levantados pelo Minist\u00e9rio P\u00fablico, que segundo eles foram incorretamente empregados no edital, veja:<\/p>\n\n\n\n<p class=\"wp-block-paragraph\"><strong>1\u00ba)<\/strong> Considerar o ceracotone (doen\u00e7a ocular que afeta o formato e espessura da c\u00f3rnea, o que distorce as imagens) como uma condi\u00e7\u00e3o cl\u00ednica que impe\u00e7a o candidato de assumir o cargo. Segundo o MP a doen\u00e7a, em si, n\u00e3o deve considerar o candidato inapto, para isso deva ser levado em considera\u00e7\u00e3o outros crit\u00e9rios.<\/p>\n\n\n\n<p class=\"wp-block-paragraph\"><strong>2\u00ba)<\/strong> Candidatos com vitiligo (doen\u00e7a da pele que causa manchas) que assim como o primeiro n\u00e3o deve ser considerado como condi\u00e7\u00e3o a tornar inapto o candidato, devendo ser analisado tamb\u00e9m outros crit\u00e9rios.<\/p>\n\n\n\n<p class=\"wp-block-paragraph\"><strong>3\u00ba)<\/strong> Por fim, temos as vagas para PCD onde o edital trouxe que o candidato deveria apresentar laudo multidisciplinar de tr\u00eas profissionais diferentes, o qual ao inv\u00e9s de facilitar torna ainda mais dif\u00edcil para esses candidatos.<\/p>\n\n\n\n<ul class=\"wp-block-list\"><li><strong>Adquira:<\/strong>\u00a0<a href=\"https:\/\/www.novaconcursos.com.br\/concurso\/pf-policia-federal\/apostila?promo_creative=Apostila+concurso+Pol%C3%ADcia+Federal&amp;promo_name=artigo&amp;promo_id=%2Fportal%2Fartigos%2Fconcurso-pf-como-estudar-redacao&amp;promo_position=corpo-texto\">Apostila concurso Pol\u00edcia Federal<\/a><\/li><li><strong>Adquira:<\/strong>\u00a0<a href=\"https:\/\/www.novaconcursos.com.br\/concurso\/pf-policia-federal\/curso-online?promo_creative=Curso+Online+concurso+Pol%C3%ADcia+Federal&amp;promo_name=artigo&amp;promo_id=%2Fportal%2Fartigos%2Fconcurso-pf-como-estudar-redacao&amp;promo_position=corpo-texto\">Curso Online concurso Pol\u00edcia Federal<\/a><\/li><\/ul><p class=\"wp-block-paragraph\"><\/p>\n\n\n\n<p class=\"wp-block-paragraph\">O laudo deveria observar os seguintes fatores:<\/p>\n\n\n\n<p class=\"wp-block-paragraph\">a) os impedimentos nas fun\u00e7\u00f5es e nas estruturas do corpo;<br>b) os fatores socioambientais, psicol\u00f3gicos e pessoais;<br>c) a limita\u00e7\u00e3o no desempenho de atividades;<br>d) a restri\u00e7\u00e3o de participa\u00e7\u00e3o.<\/p>\n\n\n\n<p class=\"wp-block-paragraph\">O <a href=\"https:\/\/www.novaconcursos.com.br\/portal\/noticias\/concurso-policia-federal-pedido-de-retificacao\/\">Minist\u00e9rio P\u00fablico recomenda<\/a><strong> retirar essas exig\u00eancias <\/strong>e em consequ\u00eancia poder\u00e1 haver, sim, a reabertura das inscri\u00e7\u00f5es. <\/p>\n\n\n\n<p class=\"wp-block-paragraph\">Portanto \u00e9 preciso ter muita dedica\u00e7\u00e3o e saber lidar com a ansiedade, pois a poss\u00edvel reabertura das inscri\u00e7\u00f5es haver\u00e1 tamb\u00e9m a possibilidade de mudan\u00e7a na data da prova.<\/p>\n\n\n\n<h2 class=\"wp-block-heading\" id=\"concursos-suspensos-e-adiamento-das-provas\">Concursos suspensos e adiamento das provas!<\/h2>\n\n\n\n<h3 class=\"wp-block-heading\">Concurso PC PR<\/h3>\n\n\n\n<p class=\"wp-block-paragraph\">O mais pol\u00eamico certamente foi o <a href=\"https:\/\/www.novaconcursos.com.br\/portal\/artigos\/concurso-pc-pr-suspenso\">concurso PC PR<\/a>, no qual a banca organizadora divulgou a suspens\u00e3o horas antes da realiza\u00e7\u00e3o das provas, pegando at\u00e9 mesmo a <strong>corpora\u00e7\u00e3o de surpresa<\/strong>.<\/p>\n\n\n\n<p class=\"wp-block-paragraph\">Em nota, a Pol\u00edcia Civil comunicou que um <strong>novo cronograma<\/strong> ser\u00e1 divulgado em <a href=\"https:\/\/www.novaconcursos.com.br\/portal\/artigos\/concurso-pc-pr-suspenso\/\">momento oportuno<\/a>. Por enquanto \u00e9 aguenta cora\u00e7\u00e3o e estudos com disciplina.<\/p>\n\n\n\n<ul class=\"wp-block-list\"><li><strong>Adquira:<\/strong>\u00a0<a href=\"https:\/\/www.novaconcursos.com.br\/concurso\/pc-pr-policia-civil-parana\/apostila?promo_creative=Apostila+concurso+PC+PR&amp;promo_name=artigo&amp;promo_id=%2Fportal%2Fartigos%2Fconcurso-pc-pr-suspenso&amp;promo_position=corpo-texto\">Apostila concurso PC PR<\/a><\/li><li><strong>Adquira:<\/strong>\u00a0<a href=\"https:\/\/www.novaconcursos.com.br\/concurso\/pc-pr-policia-civil-parana\/curso-online?promo_creative=Curso+Online+concurso+PC+PR&amp;promo_name=artigo&amp;promo_id=%2Fportal%2Fartigos%2Fconcurso-pc-pr-suspenso&amp;promo_position=corpo-texto\">Curso Online concurso PC PR<\/a><\/li><\/ul><p class=\"wp-block-paragraph\"><\/p>\n\n\n\n<h3 class=\"wp-block-heading\">Concurso Depen<\/h3>\n\n\n\n<p class=\"wp-block-paragraph\">Outro que tamb\u00e9m suspendeu a realiza\u00e7\u00e3o das provas foi o <a href=\"https:\/\/www.novaconcursos.com.br\/portal\/concursos\/concurso-depen\">concurso DEPEN<\/a>, este foi o pr\u00f3prio \u00f3rg\u00e3o que tomou a iniciativa frente ao aumento dos casos de Covid-19 e devido a preocupa\u00e7\u00e3o quanto a sa\u00fade dos candidatos <a href=\"https:\/\/www.novaconcursos.com.br\/portal\/noticias\/concurso-depen-provas-suspensas\/\">tomou essa medida<\/a>.<\/p>\n\n\n\n<p class=\"wp-block-paragraph\">O Depen, em nota, esclareceu que <a href=\"https:\/\/www.novaconcursos.com.br\/portal\/noticias\/concurso-depen-provas-suspensas\/\">medida foi adotada<\/a> em prol do bem-estar comunit\u00e1rio e que um novo cronograma <strong>ser\u00e1 divulgado<\/strong>.<\/p>\n\n\n\n<ul class=\"wp-block-list\"><li><strong>Adquira:\u00a0<\/strong><a href=\"https:\/\/www.novaconcursos.com.br\/concurso\/depen-departamento-penitenciario-nacional\/apostila?promo_creative=Apostila+Completa+concurso+Depen+&amp;promo_name=noticia&amp;promo_id=%2Fportal%2Fnoticias%2Fconfira-os-principais-concursos-com-provas-suspensas&amp;promo_position=corpo-texto\">Apostila Completa concurso Depen<\/a><\/li><li><strong>Adquira:<\/strong>\u00a0<a href=\"https:\/\/www.novaconcursos.com.br\/concurso\/depen-departamento-penitenciario-nacional\/curso-online?promo_creative=Curso+Online+Completo+concurso+Depen&amp;promo_name=noticia&amp;promo_id=%2Fportal%2Fnoticias%2Fconfira-os-principais-concursos-com-provas-suspensas&amp;promo_position=corpo-texto\">Curso Online Completo concurso Depen<\/a><\/li><\/ul><p class=\"wp-block-paragraph\"><\/p>\n\n\n\n<h3 class=\"wp-block-heading\">Concurso PC RN<\/h3>\n\n\n\n<p class=\"wp-block-paragraph\">Temos ainda o <a href=\"https:\/\/www.novaconcursos.com.br\/portal\/concursos\/concurso-pc-rn\">concurso PC RN<\/a> que tamb\u00e9m, como medida de seguran\u00e7a, <strong>suspendeu a aplica\u00e7\u00e3o de suas provas<\/strong> que seriam realizadas nos dias 07 e 14 de mar\u00e7o de 2021.<\/p>\n\n\n\n<p class=\"wp-block-paragraph\">Lembrando tamb\u00e9m que o concurso \u00e9 de total interesse da Pol\u00edcia Civil e seguir\u00e1 normalmente assim que a situa\u00e7\u00e3o de <a href=\"https:\/\/www.novaconcursos.com.br\/portal\/noticias\/concurso-pc-rn-pl-preve-retorno-certame\/\">pandemia estiver normalizada<\/a>.<\/p>\n\n\n\n<ul class=\"wp-block-list\"><li><strong>Adquira:<\/strong>\u00a0<a href=\"https:\/\/www.novaconcursos.com.br\/concurso\/pc-rn\/apostila?promo_creative=Apostila+Completa+concurso+PC+RN&amp;promo_name=noticia&amp;promo_id=%2Fportal%2Fnoticias%2Fconfira-os-principais-concursos-com-provas-suspensas&amp;promo_position=corpo-texto\">Apostila Completa concurso PC RN<\/a><\/li><li><strong>Adquira:<\/strong>\u00a0<a href=\"https:\/\/www.novaconcursos.com.br\/concurso\/pc-rn\/curso-online?promo_creative=Curso+Online+concurso+PC+RN&amp;promo_name=noticia&amp;promo_id=%2Fportal%2Fnoticias%2Fconfira-os-principais-concursos-com-provas-suspensas&amp;promo_position=corpo-texto\">Curso Online concurso PC RN<\/a><\/li><\/ul><p class=\"wp-block-paragraph\"><\/p>\n\n\n\n<blockquote class=\"wp-block-quote is-style-default is-layout-flow wp-block-quote-is-layout-flow\"><p><strong><em>Aten\u00e7\u00e3o: <\/em><\/strong>\u00e9 importante deixar claro que todos os concursos em andamento s\u00e3o de grande interesse e import\u00e2ncia para as corpora\u00e7\u00f5es e o adiamento se deve ao momento que estamos passando. Dessa maneira, \u00e9 imprescind\u00edvel que voc\u00ea, concurseiro, tenha tamb\u00e9m um preparo psicol\u00f3gico para aguentar firme e continuar os estudos.<\/p><\/blockquote>\n\n\n\n<h2 class=\"wp-block-heading\" id=\"pec-emergencial-pode-acabar-com-os-concursos\">PEC Emergencial pode acabar com os concursos?<\/h2>\n\n\n\n<p class=\"wp-block-paragraph\">A PEC Emergencial (<a href=\"https:\/\/www25.senado.leg.br\/web\/atividade\/materias\/-\/materia\/139702\" target=\"_blank\" rel=\"noreferrer noopener\" aria-label=\"Proposta de Emenda Constitucional 186\/2019 (abre numa nova aba)\">Proposta de Emenda Constitucional 186\/2019<\/a>) temida pelos concurseiros foi aprovada no Senado e agora seguir\u00e1 para a C\u00e2mara dos Deputados. Contudo devemos frisar que ela <strong>n\u00e3o acabar\u00e1 com os concursos<\/strong>.<\/p>\n\n\n\n<p class=\"wp-block-paragraph\">A PEC respons\u00e1vel pelo retorno do aux\u00edlio emergencial traz medidas de <strong>conten\u00e7\u00e3o fiscal<\/strong> para compensar o aumento de despesas. Pensando assim a primeira coisa que vem a cabe\u00e7a \u00e9 o corte de novos postos p\u00fablicos.<\/p>\n\n\n\n<p class=\"wp-block-paragraph\">Interessante perceber que essas medidas n\u00e3o s\u00e3o exclusivas da pandemia e acontecem com certa frequ\u00eancia. Podemos observar isso<strong> analisando quantas mudan\u00e7as <\/strong>j\u00e1 ocorreram e ocorrem no mundo dos concursos, como congelamento de reajustes salariais, novas regras para concurso etc.<\/p>\n\n\n\n<p class=\"wp-block-paragraph\">De acordo com a PEC os \u00f3rg\u00e3os podem <strong>continuar realizando concursos p\u00fablicos<\/strong> para a reposi\u00e7\u00e3o de cargos vagos, por\u00e9m a proposta veda a cria\u00e7\u00e3o de novos cargos, o que representaria um aumento na despesa com pessoal.<\/p>\n\n\n\n<p class=\"wp-block-paragraph\">Em resumo, e para que fique bem claro, os <strong>concursos v\u00e3o continuar acontecendo<\/strong> ainda que com menos vagas.<\/p>","protected":false},"excerpt":{"rendered":"<p>Estamos vivendo um per\u00edodo cr\u00edtico em nosso pa\u00eds devido a pandemia da Covid-19, muitos concursos suspensos e com provas adiadas, e outros ainda sem a certeza de que ter\u00e3o as provas realizadas nas datas previstas. Contudo o importante \u00e9 n\u00e3o se desesperar e continuar com os estudos, porque \u00e9 certo de que as provas ser\u00e3o [&hellip;]<\/p>\n","protected":false},"author":28995,"featured_media":124048,"comment_status":"closed","ping_status":"closed","sticky":false,"template":"","format":"standard","meta":{"_acf_changed":false,"footnotes":"","_wp_rev_ctl_limit":""},"categories":[228],"tags":[37125],"class_list":["post-126141","post","type-post","status-publish","format-standard","has-post-thumbnail","hentry","category-noticias","tag-pec-e-os-concursos"],"acf":[],"_links":{"self":[{"href":"https:\/\/www.novaconcursos.com.br\/portal\/wp-json\/wp\/v2\/posts\/126141","targetHints":{"allow":["GET"]}}],"collection":[{"href":"https:\/\/www.novaconcursos.com.br\/portal\/wp-json\/wp\/v2\/posts"}],"about":[{"href":"https:\/\/www.novaconcursos.com.br\/portal\/wp-json\/wp\/v2\/types\/post"}],"author":[{"embeddable":true,"href":"https:\/\/www.novaconcursos.com.br\/portal\/wp-json\/wp\/v2\/users\/28995"}],"replies":[{"embeddable":true,"href":"https:\/\/www.novaconcursos.com.br\/portal\/wp-json\/wp\/v2\/comments?post=126141"}],"version-history":[{"count":2,"href":"https:\/\/www.novaconcursos.com.br\/portal\/wp-json\/wp\/v2\/posts\/126141\/revisions"}],"predecessor-version":[{"id":126156,"href":"https:\/\/www.novaconcursos.com.br\/portal\/wp-json\/wp\/v2\/posts\/126141\/revisions\/126156"}],"wp:featuredmedia":[{"embeddable":true,"href":"https:\/\/www.novaconcursos.com.br\/portal\/wp-json\/wp\/v2\/media\/124048"}],"wp:attachment":[{"href":"https:\/\/www.novaconcursos.com.br\/portal\/wp-json\/wp\/v2\/media?parent=126141"}],"wp:term":[{"taxonomy":"category","embeddable":true,"href":"https:\/\/www.novaconcursos.com.br\/portal\/wp-json\/wp\/v2\/categories?post=126141"},{"taxonomy":"post_tag","embeddable":true,"href":"https:\/\/www.novaconcursos.com.br\/portal\/wp-json\/wp\/v2\/tags?post=126141"}],"curies":[{"name":"wp","href":"https:\/\/api.w.org\/{rel}","templated":true}]}}