{"id":126657,"date":"2021-03-12T11:15:01","date_gmt":"2021-03-12T14:15:01","guid":{"rendered":"https:\/\/www.novaconcursos.com.br\/portal\/?p=126657"},"modified":"2021-03-12T11:15:06","modified_gmt":"2021-03-12T14:15:06","slug":"concurso-tjmg-comissoes-formadas","status":"publish","type":"post","link":"https:\/\/www.novaconcursos.com.br\/portal\/noticias\/concurso-tjmg-comissoes-formadas\/","title":{"rendered":"Concurso TJMG: Comiss\u00f5es formadas para novas sele\u00e7\u00f5es!"},"content":{"rendered":"<p>Boa not\u00edcia aos concurseiros mineiros que aguardam o novo <a href=\"https:\/\/www.novaconcursos.com.br\/portal\/concursos\/concurso-tj-mg\/\">concurso TJMG<\/a> (Tribunal de Justi\u00e7a de Minas Gerais)!<\/p>\n\n\n\n<ul class=\"wp-block-list\"><li><strong>Confira:\u00a0<\/strong><a rel=\"noreferrer noopener\" aria-label=\" (abre numa nova aba)\" href=\"https:\/\/www.novaconcursos.com.br\/eventos\/guia-definitivo-como-fazer-uma-boa-revisao\/\" target=\"_blank\">Como fazer uma boa revis\u00e3o \u2013 Baixe GR\u00c1TIS<\/a> <\/li><\/ul><p><\/p>\n\n\n\n<p>J\u00e1 est\u00e3o <strong>formadas as comiss\u00f5es<\/strong> dos concursos com vagas para <strong>Servidores e Ju\u00edzes<\/strong>. Segundo o Presidente do \u00f3rg\u00e3o, o Desembargador Gilson Soares Leme, as comiss\u00f5es ir\u00e3o tomar as provid\u00eancias necess\u00e1rias para <strong>organiza\u00e7\u00e3o e realiza\u00e7\u00e3o das sele\u00e7\u00f5es<\/strong>.<\/p>\n\n\n\n<ul class=\"wp-block-list\"><li><strong>Adquira:<\/strong>\u00a0<a href=\"https:\/\/www.novaconcursos.com.br\/concurso\/tj-mg-tribunal-de-justica-de-minas-gerais\/apostila\">Apostila concurso TJMG<\/a><\/li><li><strong>Adquira:<\/strong>\u00a0<a href=\"https:\/\/www.novaconcursos.com.br\/concurso\/tj-mg-tribunal-de-justica-de-minas-gerais\/curso-online\">Curso completo concurso TJMG<\/a> <\/li><\/ul><p><\/p>\n\n\n\n<h2 class=\"wp-block-heading\" id=\"nomes-que-formam-as-comisses-\"><strong>Nomes que formam as comiss\u00f5es <\/strong><\/h2>\n\n\n\n<h3 class=\"wp-block-heading\"><strong>Cargo de Juiz de Direito Substituto <\/strong><\/h3>\n\n\n\n<p>Segundo a \u00faltima atualiza\u00e7\u00e3o, o Tribunal possui <strong>125 cargos<\/strong> vagos para Juiz de Direito Substituto. O sal\u00e1rio inicial \u00e9 de <strong>R$ 26.125,17.<\/strong><\/p>\n\n\n\n<p>Os nomes que formam a <strong>comiss\u00e3o do certame <\/strong>s\u00e3o: <\/p>\n\n\n\n<p><strong>Como titulares<\/strong><\/p>\n\n\n\n<ul class=\"wp-block-list\"><li>Desembargador Rog\u00e9rio Medeiros Garcia de Lima, que a presidir\u00e1;<\/li><li>Desembargadora Cl\u00e1udia Regina Guedes Maia;<\/li><li>Desembargador Jaubert Carneiro Jaques;<\/li><li>Desembargadora Sandra Alves de Santana e Fonseca;<\/li><li>Desembargador Vitor In\u00e1cio Peixoto Parreiras Henriques;<\/li><li>Bacharela Sabrina Torres Lages Peixoto de Melo, indicada pela Ordem dos Advogados do Brasil, Se\u00e7\u00e3o de Minas Gerais \u2013 OAB\/MG. <\/li><\/ul><p><\/p>\n\n\n\n<p><strong>II \u2013 suplentes<\/strong><\/p>\n\n\n\n<ul class=\"wp-block-list\"><li>Desembargador Lailson Braga Baeta Neves;<\/li><li>Desembargadora Jaqueline Cal\u00e1bria Albuquerque;<\/li><li>Desembargador Bruno Terra Dias;<\/li><li>Desembargador Genil Anacleto Rodrigues Filho;<\/li><li>Desembargador Ramom T\u00e1cio de Oliveira. <\/li><\/ul><p><\/p>\n\n\n\n<h3 class=\"wp-block-heading\"><strong>Cargos de Servidor<\/strong><\/h3>\n\n\n\n<p>Para servidor, o processo se dar\u00e1 para o quadro de pessoal em que <strong>n\u00e3o haja concurso v\u00e1lido<\/strong>, o que provavelmente envolver\u00e1 os cargos de <strong>n\u00edvel superior. <\/strong><\/p>\n\n\n\n<p>A remunera\u00e7\u00e3o inicial para cargos de forma\u00e7\u00e3o superior \u00e9 de <strong>R$ 4.677,09.<\/strong><\/p>\n\n\n\n<p>Os nomes que formam a <strong>comiss\u00e3o do concurso<\/strong> s\u00e3o: <\/p>\n\n\n\n<ul class=\"wp-block-list\"><li>Desembargador Tiago Pinto, Segundo Vice-Presidente do Tribunal de Justi\u00e7a, que a presidir\u00e1;<\/li><li>II \u2013 Desembargadora \u00c2ngela de Lourdes Rodrigues;<\/li><li>III \u2013 Desembargadora Paula Cunha e Silva;<\/li><li>IV \u2013 Marcelo Caldeira Gandra, servidor efetivo lotado na Coordena\u00e7\u00e3o de Concursos. <\/li><\/ul><p><\/p>\n\n\n\n<h2 class=\"wp-block-heading\" id=\"previso-dos-editais\"><strong>Previs\u00e3o dos editais<\/strong><\/h2>\n\n\n\n<p>Os <strong>editais<\/strong> est\u00e3o previstos para este ano tendo em vista a necessidade do tribunal em repor seu quadro de colaboradores que atualmente tem mais de <strong>2 mil cargos vagos.<\/strong><\/p>\n\n\n\n<p>Vale lembrar que o pr\u00f3ximo concurso TJMG ser\u00e1 unificado para os cargos da <strong>Primeira e Segunda Inst\u00e2ncias<\/strong>. Ou seja, os profissionais do Tribunal de Justi\u00e7a de <a href=\"https:\/\/www.novaconcursos.com.br\/portal\/concursos-abertos\/mg\/\">Minas Gerais<\/a> passaram a compor um \u00fanico quadro. <\/p>\n\n\n\n<p>Assim, o \u00f3rg\u00e3o n\u00e3o poder\u00e1 realizar <strong>concursos individuais<\/strong> para preenchimento de vagas em cada inst\u00e2ncia.<\/p>\n\n\n\n<p>Uma vez que os contratos firmados com as organizadoras em <strong>2019<\/strong> foram rescindidos, a expectativa \u00e9 que <strong>novas bancas<\/strong> sejam escolhidas em breve pelas comiss\u00f5es formadas.<\/p>\n\n\n\n<ul class=\"wp-block-list\"><li><strong>Adquira:<\/strong>\u00a0<a href=\"https:\/\/www.novaconcursos.com.br\/concurso\/tj-mg-tribunal-de-justica-de-minas-gerais\/apostila\">Apostila concurso TJMG<\/a><\/li><li><strong>Adquira:<\/strong>\u00a0<a href=\"https:\/\/www.novaconcursos.com.br\/concurso\/tj-mg-tribunal-de-justica-de-minas-gerais\/curso-online\">Curso completo concurso TJMG<\/a>  <\/li><\/ul><p><\/p>\n\n\n\n<h2 class=\"wp-block-heading\" id=\"ltimo-concurso-tjmg\">\u00daltimo concurso TJMG<\/h2>\n\n\n\n<p>O \u00faltimo concurso do Tribunal de Justi\u00e7a de <a href=\"https:\/\/www.novaconcursos.com.br\/portal\/concursos-previstos\/mg\/\">Minas Gerais<\/a> (TJMG) ocorreu no ano de <strong>2017<\/strong>, quando ofertou ao todo <strong>15 vagas <\/strong>para cargos de n\u00edvel m\u00e9dio. O Instituto Consulplan ficou respons\u00e1vel pela organiza\u00e7\u00e3o do certame.<\/p>\n\n\n\n<p>A divis\u00e3o foi da seguinte forma:<\/p>\n\n\n\n<ul class=\"wp-block-list\"><li>Oficial de Apoio Judicial \u2013 Classe D;<\/li><li>Oficial Judici\u00e1rio \u2013 Classe D \u2013 Comiss\u00e1rio da Inf\u00e2ncia e da Juventude. <\/li><\/ul><p><\/p>\n\n\n\n<p>Todos os candidatos foram avaliados por <strong>provas objetivas; e prova de digita\u00e7\u00e3o <\/strong>apenas para o cargo de Oficial de Apoio Judicial.<\/p>","protected":false},"excerpt":{"rendered":"<p>Boa not\u00edcia aos concurseiros mineiros que aguardam o novo concurso TJMG (Tribunal de Justi\u00e7a de Minas Gerais)! Confira:\u00a0Como fazer uma boa revis\u00e3o \u2013 Baixe GR\u00c1TIS J\u00e1 est\u00e3o formadas as comiss\u00f5es dos concursos com vagas para Servidores e Ju\u00edzes. Segundo o Presidente do \u00f3rg\u00e3o, o Desembargador Gilson Soares Leme, as comiss\u00f5es ir\u00e3o tomar as provid\u00eancias necess\u00e1rias [&hellip;]<\/p>\n","protected":false},"author":16,"featured_media":126663,"comment_status":"closed","ping_status":"closed","sticky":false,"template":"","format":"standard","meta":{"_acf_changed":false,"footnotes":"","_wp_rev_ctl_limit":""},"categories":[228],"tags":[20294,37217,37218,37219],"class_list":["post-126657","post","type-post","status-publish","format-standard","has-post-thumbnail","hentry","category-noticias","tag-concurso-tjmg","tag-concurso-tjmg-2021","tag-concurso-tjmg-comissao-formada","tag-concurso-tjmg-vagas"],"acf":[],"_links":{"self":[{"href":"https:\/\/www.novaconcursos.com.br\/portal\/wp-json\/wp\/v2\/posts\/126657","targetHints":{"allow":["GET"]}}],"collection":[{"href":"https:\/\/www.novaconcursos.com.br\/portal\/wp-json\/wp\/v2\/posts"}],"about":[{"href":"https:\/\/www.novaconcursos.com.br\/portal\/wp-json\/wp\/v2\/types\/post"}],"author":[{"embeddable":true,"href":"https:\/\/www.novaconcursos.com.br\/portal\/wp-json\/wp\/v2\/users\/16"}],"replies":[{"embeddable":true,"href":"https:\/\/www.novaconcursos.com.br\/portal\/wp-json\/wp\/v2\/comments?post=126657"}],"version-history":[{"count":7,"href":"https:\/\/www.novaconcursos.com.br\/portal\/wp-json\/wp\/v2\/posts\/126657\/revisions"}],"predecessor-version":[{"id":126713,"href":"https:\/\/www.novaconcursos.com.br\/portal\/wp-json\/wp\/v2\/posts\/126657\/revisions\/126713"}],"wp:featuredmedia":[{"embeddable":true,"href":"https:\/\/www.novaconcursos.com.br\/portal\/wp-json\/wp\/v2\/media\/126663"}],"wp:attachment":[{"href":"https:\/\/www.novaconcursos.com.br\/portal\/wp-json\/wp\/v2\/media?parent=126657"}],"wp:term":[{"taxonomy":"category","embeddable":true,"href":"https:\/\/www.novaconcursos.com.br\/portal\/wp-json\/wp\/v2\/categories?post=126657"},{"taxonomy":"post_tag","embeddable":true,"href":"https:\/\/www.novaconcursos.com.br\/portal\/wp-json\/wp\/v2\/tags?post=126657"}],"curies":[{"name":"wp","href":"https:\/\/api.w.org\/{rel}","templated":true}]}}