{"id":12726,"date":"2014-12-22T11:19:57","date_gmt":"2014-12-22T14:19:57","guid":{"rendered":"http:\/\/www.novaconcursos.com.br\/portal\/?p=12726"},"modified":"2021-01-28T17:18:17","modified_gmt":"2021-01-28T20:18:17","slug":"o-que-cai-na-prova-seeduc-rj","status":"publish","type":"post","link":"https:\/\/www.novaconcursos.com.br\/portal\/artigos\/o-que-cai-na-prova-seeduc-rj\/","title":{"rendered":"O que cai na prova: SEEDUC \u2013 RJ"},"content":{"rendered":"<p><a href=\"https:\/\/www.novaconcursos.com.br\"><img decoding=\"async\" class=\"size-medium wp-image-12730 alignleft\" alt=\"shutterstock_110589902\" src=\"https:\/\/www.novaconcursos.com.br\/portal\/wp-content\/uploads\/2014\/12\/shutterstock_110589902-300x200.jpg\" width=\"300\" height=\"200\" loading=\"lazy\" title=\"\" srcset=\"https:\/\/www.novaconcursos.com.br\/portal\/wp-content\/uploads\/2014\/12\/shutterstock_110589902-300x200.jpg 300w, https:\/\/www.novaconcursos.com.br\/portal\/wp-content\/uploads\/2014\/12\/shutterstock_110589902-1024x683.jpg 1024w\" sizes=\"auto, (max-width: 480px) 100vw, (max-width: 768px) 100vw, (max-width: 1200px) 70vw, 768px\"><\/a>A Secretaria Estadual de Educa\u00e7\u00e3o do Rio de Janeiro (SEEDUC) lan\u00e7ou edital para concurso p\u00fablico e a Nova Concursos j\u00e1 analisou quais os principais pontos da prova que precisam ser estudados. Confira!<\/p>\n<p>\u00a0<\/p>\n<p><strong>Conte\u00fado Program\u00e1tico<\/strong><\/p>\n<p><em>Portugu\u00eas:<\/em> Texto: informa\u00e7\u00f5es expl\u00edcitas e impl\u00edcitas; significado de palavras e express\u00f5es; tema do texto. Suporte, g\u00eanero e enunciador do texto: Interpreta\u00e7\u00e3o com o aux\u00edlio de material gr\u00e1fico diverso; textos de diferentes g\u00eaneros. Rela\u00e7\u00e3o entre textos. Coer\u00eancia e coes\u00e3o Textuais. Varia\u00e7\u00e3o lingu\u00edstica: marcas lingu\u00edsticas que evidenciam o locutor e o interlocutor do texto.<\/p>\n<p>\u00a0<\/p>\n<p><em>Conhecimentos pedag\u00f3gicos:<\/em> aspectos Filos\u00f3ficos da Educa\u00e7\u00e3o. O pensamento pedag\u00f3gico brasileiro: correntes e tend\u00eancias na pr\u00e1tica escolar. Aspectos Sociol\u00f3gicos da Educa\u00e7\u00e3o \u2013 as bases sociol\u00f3gicas da Educa\u00e7\u00e3o, a Educa\u00e7\u00e3o como processo social, as institui\u00e7\u00f5es sociais b\u00e1sicas, educa\u00e7\u00e3o para o controle e para a transforma\u00e7\u00e3o social, cultura e organiza\u00e7\u00e3o social, desigualdades sociais, a rela\u00e7\u00e3o escola \/ fam\u00edlia \/ comunidade. Educa\u00e7\u00e3o e Sociedade no Brasil. A LDB atual, o Estatuto da Crian\u00e7a e do Adolescente, os Par\u00e2metros Curriculares Nacionais para o Ensino Fundamental, as Diretrizes Curriculares para o Ensino Fundamental.<\/p>\n<p>\u00a0<\/p>\n<p><em>Conhecimentos espec\u00edficos:<\/em> de acordo com o cargo pretendido.<\/p>\n<p>\u00a0<\/p>\n<p><strong>Crit\u00e9rios de desempate<\/strong><br>\na) maior idade, dentre aqueles com idade igual ou superior a 60 (sessenta) anos;<br>\nb) maior n\u00famero de pontos em Portugu\u00eas;<br>\nc) maior n\u00famero de pontos em Conhecimentos e Espec\u00edficos;<br>\nd) maior n\u00famero de pontos em Conhecimentos Pedag\u00f3gicos;<br>\ne) maior n\u00famero de pontos na Avalia\u00e7\u00e3o de T\u00edtulos;<br>\nf) maior idade, dentre aqueles com idade inferior a 60 (sessenta) anos.<\/p>\n<p>\u00a0<\/p>\n<p><strong><a href=\"https:\/\/www.novaconcursos.com.br\/apostila-concurso\/seeduc-rj-secretaria-de-estado-de-educacao-do-rio-de-janeiro\"><img decoding=\"async\" class=\"alignright size-medium wp-image-12838\" alt=\"SEEDUC - RJ - Comum aos cargos de professor docente I\" src=\"https:\/\/www.novaconcursos.com.br\/portal\/wp-content\/uploads\/2014\/12\/SEEDUC-RJ-Comum-aos-cargos-de-professor-docente-I-212x300.jpg\" width=\"212\" height=\"300\" loading=\"lazy\" title=\"\" srcset=\"https:\/\/www.novaconcursos.com.br\/portal\/wp-content\/uploads\/2014\/12\/SEEDUC-RJ-Comum-aos-cargos-de-professor-docente-I-212x300.jpg 212w, https:\/\/www.novaconcursos.com.br\/portal\/wp-content\/uploads\/2014\/12\/SEEDUC-RJ-Comum-aos-cargos-de-professor-docente-I-724x1024.jpg 724w\" sizes=\"auto, (max-width: 480px) 100vw, (max-width: 768px) 100vw, (max-width: 1200px) 70vw, 768px\"><\/a>Compre os produtos da Nova<\/strong><\/p>\n<p>A Nova Concursos j\u00e1 produziu\u00a0<a title=\"apostila seeduc rj\" href=\"https:\/\/www.novaconcursos.com.br\/\" target=\"_blank\" rel=\"noopener noreferrer\">material para o concurso da SEEDUC (RJ),\u00a0Clique Aqui<\/a>\u00a0e confira essa e outras oportunidades em nosso site!<\/p>\n<p>Essa apostila j\u00e1 est\u00e1 dispon\u00edvel em nosso site! Compre as<b>\u00a0Apostilas<\/b>\u00a0para o seu\u00a0<b>Concurso P\u00fablico<\/b>\u00a0direto com a Editora Nova e parcele no cart\u00e3o de cr\u00e9dito em at\u00e9 6 x sem juros!<\/p>\n<p>Para ficar por dentro das \u00faltimas novidades, acesse o\u00a0<a title=\"Facebook Nova Concursos Oficial\" href=\"https:\/\/www.facebook.com\/NOVAConcursosOficial\" target=\"_blank\" rel=\"noopener noreferrer\">facebook da\u00a0<strong>Nova Concursos<\/strong><\/a>\u00a0e\u00a0<a title=\"Apostilas para concurso Nova Concursos\" href=\"https:\/\/www.novaconcursos.com.br\/\" target=\"_blank\" rel=\"noopener noreferrer\">compre apostilas direto com<strong>\u00a0a Editora Nova<\/strong><\/a>! N\u00e3o deixe de seguir\u00a0<a title=\"Google Plus Nova Concursos\" href=\"https:\/\/plus.google.com\/u\/1\/115146550907593514602\" target=\"_blank\" rel=\"noopener noreferrer\">nosso\u00a0<strong>Google Plus<\/strong><\/a>\u00a0e confira\u00a0<a title=\"Nova Concursos no Youtube\" href=\"https:\/\/www.youtube.com\/channel\/UCYEz3vPWPP-oNtkKb4DxoAg?feature=watch\" target=\"_blank\" rel=\"noopener noreferrer\">nosso\u00a0<strong>Canal no Youtube<\/strong><\/a>!<\/p>\n<p>\u00a0<\/p>\n<p>\u00a0<\/p>\n<p>\u00a0<\/p>\n<p>\u00a0<\/p>","protected":false},"excerpt":{"rendered":"<p>A Secretaria Estadual de Educa\u00e7\u00e3o do Rio de Janeiro (SEEDUC) lan\u00e7ou edital para concurso p\u00fablico e a Nova Concursos j\u00e1 analisou quais os principais pontos da prova que precisam ser estudados. Confira! \u00a0 Conte\u00fado Program\u00e1tico Portugu\u00eas: Texto: informa\u00e7\u00f5es expl\u00edcitas e impl\u00edcitas; significado de palavras e express\u00f5es; tema do texto. Suporte, g\u00eanero e enunciador do texto: [&hellip;]<\/p>\n","protected":false},"author":16,"featured_media":12732,"comment_status":"closed","ping_status":"closed","sticky":false,"template":"","format":"standard","meta":{"_acf_changed":false,"footnotes":"","_wp_rev_ctl_limit":""},"categories":[33508],"tags":[2675,2676,2677,2678,2679,2680,2681,2682,2683,2684],"class_list":["post-12726","post","type-post","status-publish","format-standard","has-post-thumbnail","hentry","category-artigos","tag-concurso-secretaria-estadual-de-educacao-do-rio-de-janeiro","tag-concurso-seedec-rj","tag-conteudo-programatico-secretaria-estadual-de-educacao-do-rio-de-janeiro","tag-conteudo-programatico-seeduc-rj","tag-detalhes-da-prova-seeduc","tag-o-que-cai-na-prova-secretaria-estadual-de-educacao-do-rio-de-janeiro","tag-o-que-cai-na-prova-seedec-rj","tag-prova-secretaria-estadual-de-educacao-do-rio-de-janeiro","tag-prova-seeduc-rj","tag-secretaria-estadual-de-educacao-do-rio-de-janeiro"],"acf":[],"_links":{"self":[{"href":"https:\/\/www.novaconcursos.com.br\/portal\/wp-json\/wp\/v2\/posts\/12726","targetHints":{"allow":["GET"]}}],"collection":[{"href":"https:\/\/www.novaconcursos.com.br\/portal\/wp-json\/wp\/v2\/posts"}],"about":[{"href":"https:\/\/www.novaconcursos.com.br\/portal\/wp-json\/wp\/v2\/types\/post"}],"author":[{"embeddable":true,"href":"https:\/\/www.novaconcursos.com.br\/portal\/wp-json\/wp\/v2\/users\/16"}],"replies":[{"embeddable":true,"href":"https:\/\/www.novaconcursos.com.br\/portal\/wp-json\/wp\/v2\/comments?post=12726"}],"version-history":[{"count":2,"href":"https:\/\/www.novaconcursos.com.br\/portal\/wp-json\/wp\/v2\/posts\/12726\/revisions"}],"predecessor-version":[{"id":117545,"href":"https:\/\/www.novaconcursos.com.br\/portal\/wp-json\/wp\/v2\/posts\/12726\/revisions\/117545"}],"wp:featuredmedia":[{"embeddable":true,"href":"https:\/\/www.novaconcursos.com.br\/portal\/wp-json\/wp\/v2\/media\/12732"}],"wp:attachment":[{"href":"https:\/\/www.novaconcursos.com.br\/portal\/wp-json\/wp\/v2\/media?parent=12726"}],"wp:term":[{"taxonomy":"category","embeddable":true,"href":"https:\/\/www.novaconcursos.com.br\/portal\/wp-json\/wp\/v2\/categories?post=12726"},{"taxonomy":"post_tag","embeddable":true,"href":"https:\/\/www.novaconcursos.com.br\/portal\/wp-json\/wp\/v2\/tags?post=12726"}],"curies":[{"name":"wp","href":"https:\/\/api.w.org\/{rel}","templated":true}]}}